{"id":84199,"date":"2018-11-22T13:22:48","date_gmt":"2018-11-22T16:22:48","guid":{"rendered":"http:\/\/www.hoymercedes.com.ar\/principal\/?p=84199"},"modified":"2018-11-22T09:43:33","modified_gmt":"2018-11-22T12:43:33","slug":"museos-abiertos-en-la-noche-del-sabado","status":"publish","type":"post","link":"https:\/\/www.hoymercedes.com.ar\/principal\/2018\/11\/22\/museos-abiertos-en-la-noche-del-sabado\/","title":{"rendered":"Museos abiertos en la noche del s\u00e1bado"},"content":{"rendered":"<p>Se viene una nueva \u201cNoche de los Museos\u201d, una propuesta para toda la familia. La Direcci\u00f3n de Cultura invita a ser parte de los distintos atractivos que tendr\u00e1n entrada libre y gratuita. Ser\u00e1 el pr\u00f3ximo s\u00e1bado 24\u00a0 con actividades en los Museo Municipal de Ciencias Naturales \u201cCarlos\u00a0 Ameghino\u201d, el Museo\u00a0 Hist\u00f3rico Municipal \u201cDr. V\u00edctor M\u00edguez\u201d y en el Museo de Arte \u00abMunicipalidad de Mercedes\u00bb con\u00a0\u201cManifestaciones y Creencias\u201d. Desde la hora 19:30 con inauguraci\u00f3n de muestras hasta la medianoche.<\/p>\n<p>El cronograma de actividades para el s\u00e1bado 24 de noviembre<\/p>\n<p>20 horas. Museo Carlos Ameghino. Renovaci\u00f3n\u00a0 Sala de Arqueolog\u00eda: Urna Santamariana, ajuares y ofrendas funerarias\u201d con una visita guiada. Habr\u00e1 tambi\u00e9n \u201cDanza Caporal: ritmo folcl\u00f3rico boliviano del grupo \u201cUni\u00f3n caporal\u201d<\/p>\n<p>21 horas. Museo V\u00edctor Miguez\u00a0 Charla a cargo de Bozidar Darko Sustercic sobre Arte jesu\u00edtico-guaran\u00ed con la talla San Juan Bautista S XVIII, siendo patrimonio del museo. Habr\u00e1 adem\u00e1s m\u00fasica barroca con Manuel Maturo en Armonio y Cristian Lam\u00f3nica en flauta traversa<\/p>\n<p>22.30 horas. Museo MAMM. Recorrido donde la luz ser\u00e1 la protagonista, siendo algo distinto y novedoso. La actividad se desplegar\u00e1 en la \u00a0Sala A \u2013 \u201cHaZ Tu LUZ\u201d con paseo l\u00fadico e interactivo y una colecci\u00f3n permanente.\u00a0A su vez en el mismo museo en la Sala B \u2013 \u201cLUZ\u00eda\u201d la importancia de la conservaci\u00f3n de los espacios culturales e instalaciones 2018 ser\u00e1 otra de las propuestas mientras que se podr\u00e1 disfrutar en Salas C y D de \u201cEl viaje de las LUZi\u00e9rnagas\u201d.<\/p>\n<p>&nbsp;<\/p>\n","protected":false},"excerpt":{"rendered":"<p>Se viene una nueva \u201cNoche de los Museos\u201d, una propuesta para toda la familia. La Direcci\u00f3n de Cultura invita a &#8230; <a title=\"Museos abiertos en la noche del s\u00e1bado\" class=\"read-more\" href=\"https:\/\/www.hoymercedes.com.ar\/principal\/2018\/11\/22\/museos-abiertos-en-la-noche-del-sabado\/\" aria-label=\"Leer m\u00e1s sobre Museos abiertos en la noche del s\u00e1bado\">Leer m\u00e1s<\/a><\/p>\n","protected":false},"author":1,"featured_media":84200,"comment_status":"closed","ping_status":"open","sticky":false,"template":"","format":"standard","meta":{"_monsterinsights_skip_tracking":false,"_monsterinsights_sitenote_active":false,"_monsterinsights_sitenote_note":"","_monsterinsights_sitenote_category":0,"jetpack_post_was_ever_published":false,"_jetpack_newsletter_access":"","_jetpack_dont_email_post_to_subs":false,"_jetpack_newsletter_tier_id":0,"_jetpack_memberships_contains_paywalled_content":false,"_jetpack_memberships_contains_paid_content":false,"footnotes":"","jetpack_publicize_message":"","jetpack_publicize_feature_enabled":true,"jetpack_social_post_already_shared":true,"jetpack_social_options":{"image_generator_settings":{"template":"highway","default_image_id":0,"font":"","enabled":false},"version":2},"_wpas_customize_per_network":false},"categories":[104],"tags":[7805,244,2175],"class_list":["post-84199","post","type-post","status-publish","format-standard","has-post-thumbnail","hentry","category-cultura","tag-cultura","tag-municipio-2","tag-noche-de-los-museos","generate-columns","tablet-grid-50","mobile-grid-100","grid-parent","grid-50"],"jetpack_publicize_connections":[],"jetpack_featured_media_url":"https:\/\/www.hoymercedes.com.ar\/principal\/wp-content\/uploads\/2018\/11\/22-Noche-de-los-Museos-2018-2.jpg","wps_subtitle":"Propuestas gratuitas","jetpack_sharing_enabled":true,"_links":{"self":[{"href":"https:\/\/www.hoymercedes.com.ar\/principal\/wp-json\/wp\/v2\/posts\/84199","targetHints":{"allow":["GET"]}}],"collection":[{"href":"https:\/\/www.hoymercedes.com.ar\/principal\/wp-json\/wp\/v2\/posts"}],"about":[{"href":"https:\/\/www.hoymercedes.com.ar\/principal\/wp-json\/wp\/v2\/types\/post"}],"author":[{"embeddable":true,"href":"https:\/\/www.hoymercedes.com.ar\/principal\/wp-json\/wp\/v2\/users\/1"}],"replies":[{"embeddable":true,"href":"https:\/\/www.hoymercedes.com.ar\/principal\/wp-json\/wp\/v2\/comments?post=84199"}],"version-history":[{"count":0,"href":"https:\/\/www.hoymercedes.com.ar\/principal\/wp-json\/wp\/v2\/posts\/84199\/revisions"}],"wp:featuredmedia":[{"embeddable":true,"href":"https:\/\/www.hoymercedes.com.ar\/principal\/wp-json\/wp\/v2\/media\/84200"}],"wp:attachment":[{"href":"https:\/\/www.hoymercedes.com.ar\/principal\/wp-json\/wp\/v2\/media?parent=84199"}],"wp:term":[{"taxonomy":"category","embeddable":true,"href":"https:\/\/www.hoymercedes.com.ar\/principal\/wp-json\/wp\/v2\/categories?post=84199"},{"taxonomy":"post_tag","embeddable":true,"href":"https:\/\/www.hoymercedes.com.ar\/principal\/wp-json\/wp\/v2\/tags?post=84199"}],"curies":[{"name":"wp","href":"https:\/\/api.w.org\/{rel}","templated":true}]}}