{"id":84202,"date":"2018-11-19T16:45:37","date_gmt":"2018-11-19T19:45:37","guid":{"rendered":"http:\/\/www.hoymercedes.com.ar\/principal\/?p=84202"},"modified":"2018-11-19T15:00:08","modified_gmt":"2018-11-19T18:00:08","slug":"los-bodegones-de-pablin-rodriguez-estan-en-el-teatro-talia","status":"publish","type":"post","link":"https:\/\/www.hoymercedes.com.ar\/principal\/2018\/11\/19\/los-bodegones-de-pablin-rodriguez-estan-en-el-teatro-talia\/","title":{"rendered":"Los bodegones de Pabl\u00edn Rodr\u00edguez est\u00e1n en el Teatro Tal\u00eda"},"content":{"rendered":"<p>Por TeCleArte \u2013 Una nueva muestra de pintura se inaugur\u00f3 en el hall de entrada del Teatro Tal\u00eda. En esta oportunidad, el joven artista pl\u00e1stico Pablo Rodr\u00edguez, ganador del \u00faltimo Sal\u00f3n de Pintura del Colegio de Abogados, present\u00f3 una serie de pinturas de bodegones y naturalezas muertas con una instalaci\u00f3n en tem\u00e1tica.<\/p>\n<p><img loading=\"lazy\" decoding=\"async\" data-attachment-id=\"84210\" data-permalink=\"https:\/\/www.hoymercedes.com.ar\/principal\/2018\/11\/19\/los-bodegones-de-pablin-rodriguez-estan-en-el-teatro-talia\/19-pablin-talia-2\/#main\" data-orig-file=\"https:\/\/www.hoymercedes.com.ar\/principal\/wp-content\/uploads\/2018\/11\/19-pablin-talia-2.jpg\" data-orig-size=\"750,500\" data-comments-opened=\"0\" data-image-meta=\"{&quot;aperture&quot;:&quot;3.5&quot;,&quot;credit&quot;:&quot;&quot;,&quot;camera&quot;:&quot;NIKON D3100&quot;,&quot;caption&quot;:&quot;&quot;,&quot;created_timestamp&quot;:&quot;1542401627&quot;,&quot;copyright&quot;:&quot;&quot;,&quot;focal_length&quot;:&quot;22&quot;,&quot;iso&quot;:&quot;500&quot;,&quot;shutter_speed&quot;:&quot;0.016666666666667&quot;,&quot;title&quot;:&quot;&quot;,&quot;orientation&quot;:&quot;1&quot;}\" data-image-title=\"19 pablin talia 2\" data-image-description=\"\" data-image-caption=\"\" data-large-file=\"https:\/\/www.hoymercedes.com.ar\/principal\/wp-content\/uploads\/2018\/11\/19-pablin-talia-2.jpg\" class=\"aligncenter size-full wp-image-84210\" src=\"https:\/\/www.hoymercedes.com.ar\/principal\/wp-content\/uploads\/2018\/11\/19-pablin-talia-2.jpg\" alt=\"\" width=\"750\" height=\"500\" srcset=\"https:\/\/www.hoymercedes.com.ar\/principal\/wp-content\/uploads\/2018\/11\/19-pablin-talia-2.jpg 750w, https:\/\/www.hoymercedes.com.ar\/principal\/wp-content\/uploads\/2018\/11\/19-pablin-talia-2-150x100.jpg 150w, https:\/\/www.hoymercedes.com.ar\/principal\/wp-content\/uploads\/2018\/11\/19-pablin-talia-2-630x420.jpg 630w\" sizes=\"auto, (max-width: 750px) 100vw, 750px\" \/><\/p>\n<p>Acompa\u00f1ado por su profesora de taller Marcela Cueto, Pablo Rodr\u00edguez inaugur\u00f3 la muestra en la sala de exposici\u00f3n \u201cFernando Chirieleison\u201d del Teatro Tal\u00eda. \u201cPablo es muy joven, pero hace mucho tiempo que est\u00e1 incursionando en el terreno de la pl\u00e1stica. Inici\u00f3 su formaci\u00f3n en talleres y luego se decidi\u00f3 hacer de la pintura un trabajo en tiempo completo por lo cual empez\u00f3 a estudiar en la Escuela de Arte. Es muy activo y participativo en el colectivo de artistas locales con exposiciones individuales y grupales, as\u00ed como la pintura en vivo\u201d, cont\u00f3 Marcela Cueto.<\/p>\n<p>En la muestra de pinturas que centra la tem\u00e1tica en bodegones y naturalezas muertas. \u201cEsta es una muestra retrospectiva, donde podemos ver obras de distintos per\u00edodos. El tema unifica y agrupa las obras. Es un tema cl\u00e1sico, trabajado desde el barroco en adelante y utilizado para hacer experimentos. Vemos obras de observaci\u00f3n y de an\u00e1lisis, como obras de recreaci\u00f3n, de s\u00edntesis, obras con distintas paletas, con colores m\u00e1s neutros o m\u00e1s saturados. Una visi\u00f3n m\u00e1s personal del bodeg\u00f3n\u201d, explic\u00f3 Marcela Cueto dando claves para la interpretaci\u00f3n y contemplaci\u00f3n de las pinturas expuestas.<\/p>\n<p><img loading=\"lazy\" decoding=\"async\" data-attachment-id=\"84211\" data-permalink=\"https:\/\/www.hoymercedes.com.ar\/principal\/2018\/11\/19\/los-bodegones-de-pablin-rodriguez-estan-en-el-teatro-talia\/19-pablin-talia-3\/#main\" data-orig-file=\"https:\/\/www.hoymercedes.com.ar\/principal\/wp-content\/uploads\/2018\/11\/19-pablin-talia-3.jpg\" data-orig-size=\"750,500\" data-comments-opened=\"0\" data-image-meta=\"{&quot;aperture&quot;:&quot;4.5&quot;,&quot;credit&quot;:&quot;&quot;,&quot;camera&quot;:&quot;NIKON D3100&quot;,&quot;caption&quot;:&quot;&quot;,&quot;created_timestamp&quot;:&quot;1542404474&quot;,&quot;copyright&quot;:&quot;&quot;,&quot;focal_length&quot;:&quot;34&quot;,&quot;iso&quot;:&quot;3200&quot;,&quot;shutter_speed&quot;:&quot;0.02&quot;,&quot;title&quot;:&quot;&quot;,&quot;orientation&quot;:&quot;1&quot;}\" data-image-title=\"19 pablin talia 3\" data-image-description=\"\" data-image-caption=\"\" data-large-file=\"https:\/\/www.hoymercedes.com.ar\/principal\/wp-content\/uploads\/2018\/11\/19-pablin-talia-3.jpg\" class=\"aligncenter size-full wp-image-84211\" src=\"https:\/\/www.hoymercedes.com.ar\/principal\/wp-content\/uploads\/2018\/11\/19-pablin-talia-3.jpg\" alt=\"\" width=\"750\" height=\"500\" srcset=\"https:\/\/www.hoymercedes.com.ar\/principal\/wp-content\/uploads\/2018\/11\/19-pablin-talia-3.jpg 750w, https:\/\/www.hoymercedes.com.ar\/principal\/wp-content\/uploads\/2018\/11\/19-pablin-talia-3-150x100.jpg 150w, https:\/\/www.hoymercedes.com.ar\/principal\/wp-content\/uploads\/2018\/11\/19-pablin-talia-3-630x420.jpg 630w\" sizes=\"auto, (max-width: 750px) 100vw, 750px\" \/><\/p>\n<p>Por su parte, Pabl\u00edn agradecido a la artista pl\u00e1stico que lo antecedi\u00f3 y a los integrantes del Teatro Tal\u00eda, cont\u00f3 que las obras expuestas \u201ctienen lo m\u00edo con los colores que me caracteriza usar\u201d. Ante los presentes, Pablo tambi\u00e9n record\u00f3 el \u201cgran a\u00f1o\u201d que est\u00e1 viviendo con los premios y exposiciones en las que participa, a la vez que invit\u00f3 a los presentes a llevarse grabados originales a cambio de un \u00abvalor simb\u00f3lico\u00bb y aporte para el Teatro Tal\u00eda.<\/p>\n<p><img loading=\"lazy\" decoding=\"async\" data-attachment-id=\"84209\" data-permalink=\"https:\/\/www.hoymercedes.com.ar\/principal\/2018\/11\/19\/los-bodegones-de-pablin-rodriguez-estan-en-el-teatro-talia\/19-pablin-talia-1\/#main\" data-orig-file=\"https:\/\/www.hoymercedes.com.ar\/principal\/wp-content\/uploads\/2018\/11\/19-pablin-talia-1.jpg\" data-orig-size=\"750,500\" data-comments-opened=\"0\" data-image-meta=\"{&quot;aperture&quot;:&quot;3.5&quot;,&quot;credit&quot;:&quot;&quot;,&quot;camera&quot;:&quot;NIKON D3100&quot;,&quot;caption&quot;:&quot;&quot;,&quot;created_timestamp&quot;:&quot;1542402761&quot;,&quot;copyright&quot;:&quot;&quot;,&quot;focal_length&quot;:&quot;18&quot;,&quot;iso&quot;:&quot;1400&quot;,&quot;shutter_speed&quot;:&quot;0.016666666666667&quot;,&quot;title&quot;:&quot;&quot;,&quot;orientation&quot;:&quot;1&quot;}\" data-image-title=\"19 pablin talia 1\" data-image-description=\"\" data-image-caption=\"\" data-large-file=\"https:\/\/www.hoymercedes.com.ar\/principal\/wp-content\/uploads\/2018\/11\/19-pablin-talia-1.jpg\" class=\"aligncenter size-full wp-image-84209\" src=\"https:\/\/www.hoymercedes.com.ar\/principal\/wp-content\/uploads\/2018\/11\/19-pablin-talia-1.jpg\" alt=\"\" width=\"750\" height=\"500\" srcset=\"https:\/\/www.hoymercedes.com.ar\/principal\/wp-content\/uploads\/2018\/11\/19-pablin-talia-1.jpg 750w, https:\/\/www.hoymercedes.com.ar\/principal\/wp-content\/uploads\/2018\/11\/19-pablin-talia-1-150x100.jpg 150w, https:\/\/www.hoymercedes.com.ar\/principal\/wp-content\/uploads\/2018\/11\/19-pablin-talia-1-630x420.jpg 630w\" sizes=\"auto, (max-width: 750px) 100vw, 750px\" \/><\/p>\n","protected":false},"excerpt":{"rendered":"<p>Por TeCleArte \u2013 Una nueva muestra de pintura se inaugur\u00f3 en el hall de entrada del Teatro Tal\u00eda. En esta &#8230; <a title=\"Los bodegones de Pabl\u00edn Rodr\u00edguez est\u00e1n en el Teatro Tal\u00eda\" class=\"read-more\" href=\"https:\/\/www.hoymercedes.com.ar\/principal\/2018\/11\/19\/los-bodegones-de-pablin-rodriguez-estan-en-el-teatro-talia\/\" aria-label=\"Leer m\u00e1s sobre Los bodegones de Pabl\u00edn Rodr\u00edguez est\u00e1n en el Teatro Tal\u00eda\">Leer m\u00e1s<\/a><\/p>\n","protected":false},"author":1,"featured_media":84209,"comment_status":"closed","ping_status":"open","sticky":false,"template":"","format":"standard","meta":{"_monsterinsights_skip_tracking":false,"_monsterinsights_sitenote_active":false,"_monsterinsights_sitenote_note":"","_monsterinsights_sitenote_category":0,"jetpack_post_was_ever_published":false,"_jetpack_newsletter_access":"","_jetpack_dont_email_post_to_subs":false,"_jetpack_newsletter_tier_id":0,"_jetpack_memberships_contains_paywalled_content":false,"_jetpack_memberships_contains_paid_content":false,"footnotes":"","jetpack_publicize_message":"","jetpack_publicize_feature_enabled":true,"jetpack_social_post_already_shared":true,"jetpack_social_options":{"image_generator_settings":{"template":"highway","default_image_id":0,"font":"","enabled":false},"version":2},"_wpas_customize_per_network":false},"categories":[104],"tags":[7805,8715,12183,9810,653],"class_list":["post-84202","post","type-post","status-publish","format-standard","has-post-thumbnail","hentry","category-cultura","tag-cultura","tag-muestra","tag-pablin-rodriguez","tag-pinturas","tag-teatro-talia","generate-columns","tablet-grid-50","mobile-grid-100","grid-parent","grid-50"],"jetpack_publicize_connections":[],"jetpack_featured_media_url":"https:\/\/www.hoymercedes.com.ar\/principal\/wp-content\/uploads\/2018\/11\/19-pablin-talia-1.jpg","wps_subtitle":"Exposici\u00f3n abierta","jetpack_sharing_enabled":true,"_links":{"self":[{"href":"https:\/\/www.hoymercedes.com.ar\/principal\/wp-json\/wp\/v2\/posts\/84202","targetHints":{"allow":["GET"]}}],"collection":[{"href":"https:\/\/www.hoymercedes.com.ar\/principal\/wp-json\/wp\/v2\/posts"}],"about":[{"href":"https:\/\/www.hoymercedes.com.ar\/principal\/wp-json\/wp\/v2\/types\/post"}],"author":[{"embeddable":true,"href":"https:\/\/www.hoymercedes.com.ar\/principal\/wp-json\/wp\/v2\/users\/1"}],"replies":[{"embeddable":true,"href":"https:\/\/www.hoymercedes.com.ar\/principal\/wp-json\/wp\/v2\/comments?post=84202"}],"version-history":[{"count":0,"href":"https:\/\/www.hoymercedes.com.ar\/principal\/wp-json\/wp\/v2\/posts\/84202\/revisions"}],"wp:featuredmedia":[{"embeddable":true,"href":"https:\/\/www.hoymercedes.com.ar\/principal\/wp-json\/wp\/v2\/media\/84209"}],"wp:attachment":[{"href":"https:\/\/www.hoymercedes.com.ar\/principal\/wp-json\/wp\/v2\/media?parent=84202"}],"wp:term":[{"taxonomy":"category","embeddable":true,"href":"https:\/\/www.hoymercedes.com.ar\/principal\/wp-json\/wp\/v2\/categories?post=84202"},{"taxonomy":"post_tag","embeddable":true,"href":"https:\/\/www.hoymercedes.com.ar\/principal\/wp-json\/wp\/v2\/tags?post=84202"}],"curies":[{"name":"wp","href":"https:\/\/api.w.org\/{rel}","templated":true}]}}