{"id":84214,"date":"2018-11-19T18:00:20","date_gmt":"2018-11-19T21:00:20","guid":{"rendered":"http:\/\/www.hoymercedes.com.ar\/principal\/?p=84214"},"modified":"2018-11-20T09:40:21","modified_gmt":"2018-11-20T12:40:21","slug":"foto-y-marcha-de-velas-por-las-victimas-fatales-de-siniestros-viales","status":"publish","type":"post","link":"https:\/\/www.hoymercedes.com.ar\/principal\/2018\/11\/19\/foto-y-marcha-de-velas-por-las-victimas-fatales-de-siniestros-viales\/","title":{"rendered":"Fotos y marcha de velas por las v\u00edctimas fatales de siniestros viales"},"content":{"rendered":"<p>El tercer domingo de noviembre es el D\u00eda Mundial que recuerda a las v\u00edctimas fatales por siniestros viales. Este a\u00f1o cay\u00f3 el domingo 18 y motiv\u00f3 al Grupo Estrellas Amarillas Mercedes a tener d\u00edas de homenajes para sus familiares fallecido producto de un siniestro vial, \u201cde un accidente de tr\u00e1nsito\u201d.<\/p>\n<p><img loading=\"lazy\" decoding=\"async\" data-attachment-id=\"84206\" data-permalink=\"https:\/\/www.hoymercedes.com.ar\/principal\/2018\/11\/19\/los-bodegones-de-pablin-rodriguez-estan-en-el-teatro-talia\/19-estrellas-4\/#main\" data-orig-file=\"https:\/\/www.hoymercedes.com.ar\/principal\/wp-content\/uploads\/2018\/11\/19-estrellas-4.jpg\" data-orig-size=\"750,563\" data-comments-opened=\"0\" data-image-meta=\"{&quot;aperture&quot;:&quot;2&quot;,&quot;credit&quot;:&quot;&quot;,&quot;camera&quot;:&quot;Moto G (5S) Plus&quot;,&quot;caption&quot;:&quot;&quot;,&quot;created_timestamp&quot;:&quot;1542575794&quot;,&quot;copyright&quot;:&quot;&quot;,&quot;focal_length&quot;:&quot;3.59&quot;,&quot;iso&quot;:&quot;2553&quot;,&quot;shutter_speed&quot;:&quot;0.066666666666667&quot;,&quot;title&quot;:&quot;&quot;,&quot;orientation&quot;:&quot;1&quot;}\" data-image-title=\"19 estrellas 4\" data-image-description=\"\" data-image-caption=\"\" data-large-file=\"https:\/\/www.hoymercedes.com.ar\/principal\/wp-content\/uploads\/2018\/11\/19-estrellas-4.jpg\" class=\"aligncenter size-full wp-image-84206\" src=\"https:\/\/www.hoymercedes.com.ar\/principal\/wp-content\/uploads\/2018\/11\/19-estrellas-4.jpg\" alt=\"\" width=\"750\" height=\"563\" srcset=\"https:\/\/www.hoymercedes.com.ar\/principal\/wp-content\/uploads\/2018\/11\/19-estrellas-4.jpg 750w, https:\/\/www.hoymercedes.com.ar\/principal\/wp-content\/uploads\/2018\/11\/19-estrellas-4-150x113.jpg 150w, https:\/\/www.hoymercedes.com.ar\/principal\/wp-content\/uploads\/2018\/11\/19-estrellas-4-630x473.jpg 630w\" sizes=\"auto, (max-width: 750px) 100vw, 750px\" \/><\/p>\n<p>El viernes, tres integrantes del grupo se hicieron presentes en un encuentro nacional en la ciudad de Buenos Aires, el s\u00e1bado siguiente, pese a la lluvia, el grupo estuvo repintando la estrella emblem\u00e1tica ubicada en la Plaza San Luis. Sin embargo, el d\u00eda clave ser\u00eda el domingo.<\/p>\n<p>Desde la tarde y hasta las primeras horas de la noche, las emociones de qui\u00e9nes integran el Grupo Estrellas Amarillas y de qui\u00e9nes acompa\u00f1an en sus dolores para transformar eso en amor fueron muchas, encontradas algunas, intensas otras.<\/p>\n<p>A la tarde, en el Museo de Arte, se inaugur\u00f3 la muestra fotogr\u00e1fica de Evelina Zunino que retrata las 28 estrellas amarillas que recuerda a las v\u00edctimas fatales. Familias completas, madres, hermanas, hijos, o la se\u00f1al\u00e9tica sola fueron retratadas y presentadas en el documental fotogr\u00e1fico. Una muestra que se podr\u00e1 ver hasta el viernes 23 en la sala A del MAMM invitando el recorrido desde una senda peatonal que busca de una manera dura la necesidad de que los vecinos de Mercedes tomemos conciencia en materia de seguridad vial y cumplamos las normas de tr\u00e1nsito.<\/p>\n<p class=\"jetpack-slideshow-noscript robots-nocontent\">El pase de diapositivas requiere JavaScript.<\/p><div id=\"gallery-84214-1-slideshow\" class=\"jetpack-slideshow-window jetpack-slideshow jetpack-slideshow-black\" data-trans=\"fade\" data-autostart=\"1\" data-gallery=\"[{&quot;src&quot;:&quot;https:\\\/\\\/www.hoymercedes.com.ar\\\/principal\\\/wp-content\\\/uploads\\\/2018\\\/11\\\/19-estrellas-1-630x473.jpg&quot;,&quot;id&quot;:&quot;84203&quot;,&quot;title&quot;:&quot;19 estrellas 1&quot;,&quot;alt&quot;:&quot;&quot;,&quot;caption&quot;:&quot;&quot;,&quot;itemprop&quot;:&quot;image&quot;},{&quot;src&quot;:&quot;https:\\\/\\\/www.hoymercedes.com.ar\\\/principal\\\/wp-content\\\/uploads\\\/2018\\\/11\\\/19-estrellas-2-630x420.jpg&quot;,&quot;id&quot;:&quot;84204&quot;,&quot;title&quot;:&quot;19 estrellas 2&quot;,&quot;alt&quot;:&quot;&quot;,&quot;caption&quot;:&quot;&quot;,&quot;itemprop&quot;:&quot;image&quot;},{&quot;src&quot;:&quot;https:\\\/\\\/www.hoymercedes.com.ar\\\/principal\\\/wp-content\\\/uploads\\\/2018\\\/11\\\/19-estrellas-3-630x420.jpg&quot;,&quot;id&quot;:&quot;84205&quot;,&quot;title&quot;:&quot;19 estrellas 3&quot;,&quot;alt&quot;:&quot;&quot;,&quot;caption&quot;:&quot;&quot;,&quot;itemprop&quot;:&quot;image&quot;},{&quot;src&quot;:&quot;https:\\\/\\\/www.hoymercedes.com.ar\\\/principal\\\/wp-content\\\/uploads\\\/2018\\\/11\\\/19-estrellas-4-630x473.jpg&quot;,&quot;id&quot;:&quot;84206&quot;,&quot;title&quot;:&quot;19 estrellas 4&quot;,&quot;alt&quot;:&quot;&quot;,&quot;caption&quot;:&quot;&quot;,&quot;itemprop&quot;:&quot;image&quot;},{&quot;src&quot;:&quot;https:\\\/\\\/www.hoymercedes.com.ar\\\/principal\\\/wp-content\\\/uploads\\\/2018\\\/11\\\/19-estrellas-6-630x473.jpg&quot;,&quot;id&quot;:&quot;84208&quot;,&quot;title&quot;:&quot;19 estrellas 6&quot;,&quot;alt&quot;:&quot;&quot;,&quot;caption&quot;:&quot;&quot;,&quot;itemprop&quot;:&quot;image&quot;},{&quot;src&quot;:&quot;https:\\\/\\\/www.hoymercedes.com.ar\\\/principal\\\/wp-content\\\/uploads\\\/2018\\\/11\\\/19-estrellas-5-630x420.jpg&quot;,&quot;id&quot;:&quot;84207&quot;,&quot;title&quot;:&quot;19 estrellas 5&quot;,&quot;alt&quot;:&quot;&quot;,&quot;caption&quot;:&quot;&quot;,&quot;itemprop&quot;:&quot;image&quot;},{&quot;src&quot;:&quot;https:\\\/\\\/www.hoymercedes.com.ar\\\/principal\\\/wp-content\\\/uploads\\\/2018\\\/11\\\/19-estrellas-7-630x420.jpg&quot;,&quot;id&quot;:&quot;84217&quot;,&quot;title&quot;:&quot;19 estrellas 7&quot;,&quot;alt&quot;:&quot;&quot;,&quot;caption&quot;:&quot;&quot;,&quot;itemprop&quot;:&quot;image&quot;},{&quot;src&quot;:&quot;https:\\\/\\\/www.hoymercedes.com.ar\\\/principal\\\/wp-content\\\/uploads\\\/2018\\\/11\\\/19-estrellas-8-630x420.jpg&quot;,&quot;id&quot;:&quot;84218&quot;,&quot;title&quot;:&quot;19 estrellas 8&quot;,&quot;alt&quot;:&quot;&quot;,&quot;caption&quot;:&quot;&quot;,&quot;itemprop&quot;:&quot;image&quot;},{&quot;src&quot;:&quot;https:\\\/\\\/www.hoymercedes.com.ar\\\/principal\\\/wp-content\\\/uploads\\\/2018\\\/11\\\/19-estrellas-9-630x420.jpg&quot;,&quot;id&quot;:&quot;84219&quot;,&quot;title&quot;:&quot;19 estrellas 9&quot;,&quot;alt&quot;:&quot;&quot;,&quot;caption&quot;:&quot;&quot;,&quot;itemprop&quot;:&quot;image&quot;}]\" itemscope itemtype=\"https:\/\/schema.org\/ImageGallery\"><\/div>\n<p>En la inauguraci\u00f3n de la muestra fotogr\u00e1fica hubo palabras emotivas, palabras de agradecimiento, palabras de amor, y miles de recuerdos que ten\u00edan como centro los familiares que fueron v\u00edctimas fatales en diferentes siniestros viales de los \u00faltimos a\u00f1os.<\/p>\n<p>No obstante, el encuentro m\u00e1s emotivo fue tras la misa en homenaje a las v\u00edctimas fatales que se llev\u00f3 adelante en la Parroquia San Luis. A la salida de la misa, el grupo Estrellas Amarillas y algunas otras personas que acompa\u00f1aron dieron una vuelta a la plaza con velas encendidas para luego rendir una oraci\u00f3n a la memoria de todas las v\u00edctimas fatales. La estrella amarilla emplazada en uno de los canteros de la 22 y 15 se vio iluminada por las velas encendidas en memoria de cada uno y todas esas personas que por un siniestro vial perdieron su vida.<\/p>\n<p>Por Clarisa Altieri<\/p>\n<p><span class=\"embed-youtube\" style=\"text-align:center; display: block;\"><iframe loading=\"lazy\" class=\"youtube-player\" width=\"1200\" height=\"675\" src=\"https:\/\/www.youtube.com\/embed\/puG7e4wnD_0?version=3&#038;rel=1&#038;showsearch=0&#038;showinfo=1&#038;iv_load_policy=1&#038;fs=1&#038;hl=es-ES&#038;autohide=2&#038;wmode=transparent\" allowfullscreen=\"true\" style=\"border:0;\" sandbox=\"allow-scripts allow-same-origin allow-popups allow-presentation allow-popups-to-escape-sandbox\"><\/iframe><\/span><\/p>\n<p>&nbsp;<\/p>\n","protected":false},"excerpt":{"rendered":"<p>El tercer domingo de noviembre es el D\u00eda Mundial que recuerda a las v\u00edctimas fatales por siniestros viales. Este a\u00f1o &#8230; <a title=\"Fotos y marcha de velas por las v\u00edctimas fatales de siniestros viales\" class=\"read-more\" href=\"https:\/\/www.hoymercedes.com.ar\/principal\/2018\/11\/19\/foto-y-marcha-de-velas-por-las-victimas-fatales-de-siniestros-viales\/\" aria-label=\"Leer m\u00e1s sobre Fotos y marcha de velas por las v\u00edctimas fatales de siniestros viales\">Leer m\u00e1s<\/a><\/p>\n","protected":false},"author":1,"featured_media":84208,"comment_status":"closed","ping_status":"open","sticky":false,"template":"","format":"standard","meta":{"_monsterinsights_skip_tracking":false,"_monsterinsights_sitenote_active":false,"_monsterinsights_sitenote_note":"","_monsterinsights_sitenote_category":0,"jetpack_post_was_ever_published":false,"_jetpack_newsletter_access":"","_jetpack_dont_email_post_to_subs":false,"_jetpack_newsletter_tier_id":0,"_jetpack_memberships_contains_paywalled_content":false,"_jetpack_memberships_contains_paid_content":false,"footnotes":"","jetpack_publicize_message":"","jetpack_publicize_feature_enabled":true,"jetpack_social_post_already_shared":true,"jetpack_social_options":{"image_generator_settings":{"template":"highway","default_image_id":0,"font":"","enabled":false},"version":2},"_wpas_customize_per_network":false},"categories":[8],"tags":[9451,8834,9453,7802,11273],"class_list":["post-84214","post","type-post","status-publish","format-standard","has-post-thumbnail","hentry","category-sociedad","tag-estrellas-amarillas","tag-homenaje","tag-siniestros-viales","tag-sociedad","tag-victimas-fatales","generate-columns","tablet-grid-50","mobile-grid-100","grid-parent","grid-50"],"jetpack_publicize_connections":[],"jetpack_featured_media_url":"https:\/\/www.hoymercedes.com.ar\/principal\/wp-content\/uploads\/2018\/11\/19-estrellas-6.jpg","wps_subtitle":"Durante la tarde-noche del domingo","jetpack_sharing_enabled":true,"_links":{"self":[{"href":"https:\/\/www.hoymercedes.com.ar\/principal\/wp-json\/wp\/v2\/posts\/84214","targetHints":{"allow":["GET"]}}],"collection":[{"href":"https:\/\/www.hoymercedes.com.ar\/principal\/wp-json\/wp\/v2\/posts"}],"about":[{"href":"https:\/\/www.hoymercedes.com.ar\/principal\/wp-json\/wp\/v2\/types\/post"}],"author":[{"embeddable":true,"href":"https:\/\/www.hoymercedes.com.ar\/principal\/wp-json\/wp\/v2\/users\/1"}],"replies":[{"embeddable":true,"href":"https:\/\/www.hoymercedes.com.ar\/principal\/wp-json\/wp\/v2\/comments?post=84214"}],"version-history":[{"count":0,"href":"https:\/\/www.hoymercedes.com.ar\/principal\/wp-json\/wp\/v2\/posts\/84214\/revisions"}],"wp:featuredmedia":[{"embeddable":true,"href":"https:\/\/www.hoymercedes.com.ar\/principal\/wp-json\/wp\/v2\/media\/84208"}],"wp:attachment":[{"href":"https:\/\/www.hoymercedes.com.ar\/principal\/wp-json\/wp\/v2\/media?parent=84214"}],"wp:term":[{"taxonomy":"category","embeddable":true,"href":"https:\/\/www.hoymercedes.com.ar\/principal\/wp-json\/wp\/v2\/categories?post=84214"},{"taxonomy":"post_tag","embeddable":true,"href":"https:\/\/www.hoymercedes.com.ar\/principal\/wp-json\/wp\/v2\/tags?post=84214"}],"curies":[{"name":"wp","href":"https:\/\/api.w.org\/{rel}","templated":true}]}}