{"id":84228,"date":"2018-11-19T23:53:58","date_gmt":"2018-11-20T02:53:58","guid":{"rendered":"http:\/\/www.hoymercedes.com.ar\/principal\/?p=84228"},"modified":"2018-11-19T23:53:58","modified_gmt":"2018-11-20T02:53:58","slug":"los-mercedinos-colmaron-los-caminos-de-bodegones","status":"publish","type":"post","link":"https:\/\/www.hoymercedes.com.ar\/principal\/2018\/11\/19\/los-mercedinos-colmaron-los-caminos-de-bodegones\/","title":{"rendered":"Los mercedinos colmaron los \u00abCaminos de Bodegones\u00bb"},"content":{"rendered":"<figure id=\"attachment_84230\" aria-describedby=\"caption-attachment-84230\" style=\"width: 720px\" class=\"wp-caption aligncenter\"><img loading=\"lazy\" decoding=\"async\" data-attachment-id=\"84230\" data-permalink=\"https:\/\/www.hoymercedes.com.ar\/principal\/2018\/11\/19\/los-mercedinos-colmaron-los-caminos-de-bodegones\/camino-bodegonesimg-20181119-wa0086\/#main\" data-orig-file=\"https:\/\/www.hoymercedes.com.ar\/principal\/wp-content\/uploads\/2018\/11\/Camino-BodegonesIMG-20181119-WA0086.jpg\" data-orig-size=\"730,411\" data-comments-opened=\"0\" data-image-meta=\"{&quot;aperture&quot;:&quot;0&quot;,&quot;credit&quot;:&quot;&quot;,&quot;camera&quot;:&quot;&quot;,&quot;caption&quot;:&quot;&quot;,&quot;created_timestamp&quot;:&quot;0&quot;,&quot;copyright&quot;:&quot;&quot;,&quot;focal_length&quot;:&quot;0&quot;,&quot;iso&quot;:&quot;0&quot;,&quot;shutter_speed&quot;:&quot;0&quot;,&quot;title&quot;:&quot;&quot;,&quot;orientation&quot;:&quot;0&quot;}\" data-image-title=\"Camino-BodegonesIMG-20181119-WA0086\" data-image-description=\"\" data-image-caption=\"&lt;p&gt;Camino de los Bodegones&lt;\/p&gt;\n\" data-large-file=\"https:\/\/www.hoymercedes.com.ar\/principal\/wp-content\/uploads\/2018\/11\/Camino-BodegonesIMG-20181119-WA0086.jpg\" class=\"size-full wp-image-84230\" src=\"https:\/\/www.hoymercedes.com.ar\/principal\/wp-content\/uploads\/2018\/11\/Camino-BodegonesIMG-20181119-WA0086.jpg\" alt=\"\" width=\"730\" height=\"411\" srcset=\"https:\/\/www.hoymercedes.com.ar\/principal\/wp-content\/uploads\/2018\/11\/Camino-BodegonesIMG-20181119-WA0086.jpg 730w, https:\/\/www.hoymercedes.com.ar\/principal\/wp-content\/uploads\/2018\/11\/Camino-BodegonesIMG-20181119-WA0086-150x84.jpg 150w, https:\/\/www.hoymercedes.com.ar\/principal\/wp-content\/uploads\/2018\/11\/Camino-BodegonesIMG-20181119-WA0086-630x355.jpg 630w\" sizes=\"auto, (max-width: 730px) 100vw, 730px\" \/><figcaption id=\"caption-attachment-84230\" class=\"wp-caption-text\">Camino de los Bodegones<\/figcaption><\/figure>\n<p>Este fin de semana la ciudad tuvo grandes atractivos, entre ellos, \u201cCamino de los Bodegones\u201d que volvi\u00f3 a ser un \u00e9xito de p\u00fablico en cada una de sus presentaciones. Con m\u00fasicos y bandas locales, artistas, y promoviendo el trabajo mercedino se realz\u00f3 la propuesta de la Municipalidad de Mercedes con amplia afluencia de p\u00fablico.<\/p>\n<p><strong>Promoci\u00f3n<\/strong><\/p>\n<p>Esta propuesta cultural \u201cpermite promover el turismo, la cultura, los artistas locales y la recreaci\u00f3n de nuestra gente\u201d narro el intendente Ustarroz y destac\u00f3 que \u201cbuscamos que cada vez m\u00e1s gente conozca nuestra ciudad y disfrute de los bodegones. Este a\u00f1o se han sumado nuevos espacios, por eso es muy importante esta actividad\u00a0 que genera un amplio movimiento comercial, adem\u00e1s, que promueve el trabajo mercedino\u201d, destac\u00f3 el jefe comunal.<\/p>\n<p>El cronograma incluy\u00f3 distintos puntos de la ciudad.<\/p>\n<figure id=\"attachment_84229\" aria-describedby=\"caption-attachment-84229\" style=\"width: 720px\" class=\"wp-caption aligncenter\"><img loading=\"lazy\" decoding=\"async\" data-attachment-id=\"84229\" data-permalink=\"https:\/\/www.hoymercedes.com.ar\/principal\/2018\/11\/19\/los-mercedinos-colmaron-los-caminos-de-bodegones\/camino-bodegonesimg-20181119-wa01021\/#main\" data-orig-file=\"https:\/\/www.hoymercedes.com.ar\/principal\/wp-content\/uploads\/2018\/11\/Camino-BodegonesIMG-20181119-WA01021.jpg\" data-orig-size=\"730,411\" data-comments-opened=\"0\" data-image-meta=\"{&quot;aperture&quot;:&quot;0&quot;,&quot;credit&quot;:&quot;&quot;,&quot;camera&quot;:&quot;&quot;,&quot;caption&quot;:&quot;&quot;,&quot;created_timestamp&quot;:&quot;0&quot;,&quot;copyright&quot;:&quot;&quot;,&quot;focal_length&quot;:&quot;0&quot;,&quot;iso&quot;:&quot;0&quot;,&quot;shutter_speed&quot;:&quot;0&quot;,&quot;title&quot;:&quot;&quot;,&quot;orientation&quot;:&quot;0&quot;}\" data-image-title=\"Camino-BodegonesIMG-20181119-WA0102(1)\" data-image-description=\"\" data-image-caption=\"&lt;p&gt;Camino de los Bodegones&lt;\/p&gt;\n\" data-large-file=\"https:\/\/www.hoymercedes.com.ar\/principal\/wp-content\/uploads\/2018\/11\/Camino-BodegonesIMG-20181119-WA01021.jpg\" class=\"size-full wp-image-84229\" src=\"https:\/\/www.hoymercedes.com.ar\/principal\/wp-content\/uploads\/2018\/11\/Camino-BodegonesIMG-20181119-WA01021.jpg\" alt=\"\" width=\"730\" height=\"411\" srcset=\"https:\/\/www.hoymercedes.com.ar\/principal\/wp-content\/uploads\/2018\/11\/Camino-BodegonesIMG-20181119-WA01021.jpg 730w, https:\/\/www.hoymercedes.com.ar\/principal\/wp-content\/uploads\/2018\/11\/Camino-BodegonesIMG-20181119-WA01021-150x84.jpg 150w, https:\/\/www.hoymercedes.com.ar\/principal\/wp-content\/uploads\/2018\/11\/Camino-BodegonesIMG-20181119-WA01021-630x355.jpg 630w\" sizes=\"auto, (max-width: 730px) 100vw, 730px\" \/><figcaption id=\"caption-attachment-84229\" class=\"wp-caption-text\">Camino de los BodegonesCamino de los Bodegones<\/figcaption><\/figure>\n<p>En este fin de semana se pudo disfrutar el s\u00e1bado en Oveja Bar con el show de Santiago Respuela y el arte de \u00a0Jimena Rivas, \u00a0el domingo en Bistr\u00f3 estuvo Botija Mujica (m\u00fasica rioplatense), con el arte de Jorge blando, ya el lunes Lo De Curly se disfrut\u00f3 con Lucas Maidana y el Ballet Santa Cecilia mientras que por la noche del feriado en Laurino se disfrut\u00f3 el show de Mama Bora y el arte de AereoTelas por Josefina Vivas.<\/p>\n<p>La gran afluencia de p\u00fablico fue una constante, demostrando que cuando hay propuestas de calidad los vecinos dicen presente tanto en el radio c\u00e9ntrico como en la zona rural.<\/p>\n<figure id=\"attachment_84231\" aria-describedby=\"caption-attachment-84231\" style=\"width: 720px\" class=\"wp-caption aligncenter\"><img loading=\"lazy\" decoding=\"async\" data-attachment-id=\"84231\" data-permalink=\"https:\/\/www.hoymercedes.com.ar\/principal\/2018\/11\/19\/los-mercedinos-colmaron-los-caminos-de-bodegones\/camino-bodegonesimg-20181119-wa0117\/#main\" data-orig-file=\"https:\/\/www.hoymercedes.com.ar\/principal\/wp-content\/uploads\/2018\/11\/Camino-BodegonesIMG-20181119-WA0117.jpg\" data-orig-size=\"730,411\" data-comments-opened=\"0\" data-image-meta=\"{&quot;aperture&quot;:&quot;0&quot;,&quot;credit&quot;:&quot;&quot;,&quot;camera&quot;:&quot;&quot;,&quot;caption&quot;:&quot;&quot;,&quot;created_timestamp&quot;:&quot;0&quot;,&quot;copyright&quot;:&quot;&quot;,&quot;focal_length&quot;:&quot;0&quot;,&quot;iso&quot;:&quot;0&quot;,&quot;shutter_speed&quot;:&quot;0&quot;,&quot;title&quot;:&quot;&quot;,&quot;orientation&quot;:&quot;0&quot;}\" data-image-title=\"Camino-BodegonesIMG-20181119-WA0117\" data-image-description=\"\" data-image-caption=\"&lt;p&gt;Camino de los Bodegones&lt;br \/&gt;\nArte y acrobacia a\u00e9rea&lt;\/p&gt;\n\" data-large-file=\"https:\/\/www.hoymercedes.com.ar\/principal\/wp-content\/uploads\/2018\/11\/Camino-BodegonesIMG-20181119-WA0117.jpg\" class=\"size-full wp-image-84231\" src=\"https:\/\/www.hoymercedes.com.ar\/principal\/wp-content\/uploads\/2018\/11\/Camino-BodegonesIMG-20181119-WA0117.jpg\" alt=\"\" width=\"730\" height=\"411\" srcset=\"https:\/\/www.hoymercedes.com.ar\/principal\/wp-content\/uploads\/2018\/11\/Camino-BodegonesIMG-20181119-WA0117.jpg 730w, https:\/\/www.hoymercedes.com.ar\/principal\/wp-content\/uploads\/2018\/11\/Camino-BodegonesIMG-20181119-WA0117-150x84.jpg 150w, https:\/\/www.hoymercedes.com.ar\/principal\/wp-content\/uploads\/2018\/11\/Camino-BodegonesIMG-20181119-WA0117-630x355.jpg 630w\" sizes=\"auto, (max-width: 730px) 100vw, 730px\" \/><figcaption id=\"caption-attachment-84231\" class=\"wp-caption-text\">Camino de los Bodegones<br \/>Arte y acrobacia a\u00e9rea<\/figcaption><\/figure>\n<p>A\u00fan quedan algunas fechas para disfrutar los pr\u00f3ximos fines de semana, que se conocer\u00e1n en los pr\u00f3ximos d\u00edas.<\/p>\n<p><img loading=\"lazy\" decoding=\"async\" data-attachment-id=\"84232\" data-permalink=\"https:\/\/www.hoymercedes.com.ar\/principal\/2018\/11\/19\/los-mercedinos-colmaron-los-caminos-de-bodegones\/camino-bodegonesimg-20181119-wa0069\/#main\" data-orig-file=\"https:\/\/www.hoymercedes.com.ar\/principal\/wp-content\/uploads\/2018\/11\/Camino-BodegonesIMG-20181119-WA0069.jpg\" data-orig-size=\"730,548\" data-comments-opened=\"0\" data-image-meta=\"{&quot;aperture&quot;:&quot;0&quot;,&quot;credit&quot;:&quot;&quot;,&quot;camera&quot;:&quot;&quot;,&quot;caption&quot;:&quot;&quot;,&quot;created_timestamp&quot;:&quot;0&quot;,&quot;copyright&quot;:&quot;&quot;,&quot;focal_length&quot;:&quot;0&quot;,&quot;iso&quot;:&quot;0&quot;,&quot;shutter_speed&quot;:&quot;0&quot;,&quot;title&quot;:&quot;&quot;,&quot;orientation&quot;:&quot;0&quot;}\" data-image-title=\"Camino-BodegonesIMG-20181119-WA0069\" data-image-description=\"\" data-image-caption=\"\" data-large-file=\"https:\/\/www.hoymercedes.com.ar\/principal\/wp-content\/uploads\/2018\/11\/Camino-BodegonesIMG-20181119-WA0069.jpg\" class=\"aligncenter size-full wp-image-84232\" src=\"https:\/\/www.hoymercedes.com.ar\/principal\/wp-content\/uploads\/2018\/11\/Camino-BodegonesIMG-20181119-WA0069.jpg\" alt=\"\" width=\"730\" height=\"548\" srcset=\"https:\/\/www.hoymercedes.com.ar\/principal\/wp-content\/uploads\/2018\/11\/Camino-BodegonesIMG-20181119-WA0069.jpg 730w, https:\/\/www.hoymercedes.com.ar\/principal\/wp-content\/uploads\/2018\/11\/Camino-BodegonesIMG-20181119-WA0069-150x113.jpg 150w, https:\/\/www.hoymercedes.com.ar\/principal\/wp-content\/uploads\/2018\/11\/Camino-BodegonesIMG-20181119-WA0069-630x473.jpg 630w\" sizes=\"auto, (max-width: 730px) 100vw, 730px\" \/><\/p>\n<p><img loading=\"lazy\" decoding=\"async\" data-attachment-id=\"84233\" data-permalink=\"https:\/\/www.hoymercedes.com.ar\/principal\/2018\/11\/19\/los-mercedinos-colmaron-los-caminos-de-bodegones\/camino-bodegonesimg-20181119-wa0071\/#main\" data-orig-file=\"https:\/\/www.hoymercedes.com.ar\/principal\/wp-content\/uploads\/2018\/11\/Camino-BodegonesIMG-20181119-WA0071.jpg\" data-orig-size=\"730,548\" data-comments-opened=\"0\" data-image-meta=\"{&quot;aperture&quot;:&quot;0&quot;,&quot;credit&quot;:&quot;&quot;,&quot;camera&quot;:&quot;&quot;,&quot;caption&quot;:&quot;&quot;,&quot;created_timestamp&quot;:&quot;0&quot;,&quot;copyright&quot;:&quot;&quot;,&quot;focal_length&quot;:&quot;0&quot;,&quot;iso&quot;:&quot;0&quot;,&quot;shutter_speed&quot;:&quot;0&quot;,&quot;title&quot;:&quot;&quot;,&quot;orientation&quot;:&quot;0&quot;}\" data-image-title=\"Camino-BodegonesIMG-20181119-WA0071\" data-image-description=\"\" data-image-caption=\"\" data-large-file=\"https:\/\/www.hoymercedes.com.ar\/principal\/wp-content\/uploads\/2018\/11\/Camino-BodegonesIMG-20181119-WA0071.jpg\" class=\"aligncenter size-full wp-image-84233\" src=\"https:\/\/www.hoymercedes.com.ar\/principal\/wp-content\/uploads\/2018\/11\/Camino-BodegonesIMG-20181119-WA0071.jpg\" alt=\"\" width=\"730\" height=\"548\" srcset=\"https:\/\/www.hoymercedes.com.ar\/principal\/wp-content\/uploads\/2018\/11\/Camino-BodegonesIMG-20181119-WA0071.jpg 730w, https:\/\/www.hoymercedes.com.ar\/principal\/wp-content\/uploads\/2018\/11\/Camino-BodegonesIMG-20181119-WA0071-150x113.jpg 150w, https:\/\/www.hoymercedes.com.ar\/principal\/wp-content\/uploads\/2018\/11\/Camino-BodegonesIMG-20181119-WA0071-630x473.jpg 630w\" sizes=\"auto, (max-width: 730px) 100vw, 730px\" \/><\/p>\n<p><img loading=\"lazy\" decoding=\"async\" data-attachment-id=\"84234\" data-permalink=\"https:\/\/www.hoymercedes.com.ar\/principal\/2018\/11\/19\/los-mercedinos-colmaron-los-caminos-de-bodegones\/camino-bodegonesimg-20181119-wa0094\/#main\" data-orig-file=\"https:\/\/www.hoymercedes.com.ar\/principal\/wp-content\/uploads\/2018\/11\/Camino-BodegonesIMG-20181119-WA0094.jpg\" data-orig-size=\"730,411\" data-comments-opened=\"0\" data-image-meta=\"{&quot;aperture&quot;:&quot;0&quot;,&quot;credit&quot;:&quot;&quot;,&quot;camera&quot;:&quot;&quot;,&quot;caption&quot;:&quot;&quot;,&quot;created_timestamp&quot;:&quot;0&quot;,&quot;copyright&quot;:&quot;&quot;,&quot;focal_length&quot;:&quot;0&quot;,&quot;iso&quot;:&quot;0&quot;,&quot;shutter_speed&quot;:&quot;0&quot;,&quot;title&quot;:&quot;&quot;,&quot;orientation&quot;:&quot;0&quot;}\" data-image-title=\"Camino-BodegonesIMG-20181119-WA0094\" data-image-description=\"\" data-image-caption=\"\" data-large-file=\"https:\/\/www.hoymercedes.com.ar\/principal\/wp-content\/uploads\/2018\/11\/Camino-BodegonesIMG-20181119-WA0094.jpg\" class=\"aligncenter size-full wp-image-84234\" src=\"https:\/\/www.hoymercedes.com.ar\/principal\/wp-content\/uploads\/2018\/11\/Camino-BodegonesIMG-20181119-WA0094.jpg\" alt=\"\" width=\"730\" height=\"411\" srcset=\"https:\/\/www.hoymercedes.com.ar\/principal\/wp-content\/uploads\/2018\/11\/Camino-BodegonesIMG-20181119-WA0094.jpg 730w, https:\/\/www.hoymercedes.com.ar\/principal\/wp-content\/uploads\/2018\/11\/Camino-BodegonesIMG-20181119-WA0094-150x84.jpg 150w, https:\/\/www.hoymercedes.com.ar\/principal\/wp-content\/uploads\/2018\/11\/Camino-BodegonesIMG-20181119-WA0094-630x355.jpg 630w\" sizes=\"auto, (max-width: 730px) 100vw, 730px\" \/><\/p>\n<p>&nbsp;<\/p>\n<p>&nbsp;<\/p>\n","protected":false},"excerpt":{"rendered":"<p>Este fin de semana la ciudad tuvo grandes atractivos, entre ellos, \u201cCamino de los Bodegones\u201d que volvi\u00f3 a ser un &#8230; <a title=\"Los mercedinos colmaron los \u00abCaminos de Bodegones\u00bb\" class=\"read-more\" href=\"https:\/\/www.hoymercedes.com.ar\/principal\/2018\/11\/19\/los-mercedinos-colmaron-los-caminos-de-bodegones\/\" aria-label=\"Leer m\u00e1s sobre Los mercedinos colmaron los \u00abCaminos de Bodegones\u00bb\">Leer m\u00e1s<\/a><\/p>\n","protected":false},"author":1,"featured_media":84230,"comment_status":"closed","ping_status":"open","sticky":false,"template":"","format":"standard","meta":{"_monsterinsights_skip_tracking":false,"_monsterinsights_sitenote_active":false,"_monsterinsights_sitenote_note":"","_monsterinsights_sitenote_category":0,"jetpack_post_was_ever_published":false,"_jetpack_newsletter_access":"","_jetpack_dont_email_post_to_subs":false,"_jetpack_newsletter_tier_id":0,"_jetpack_memberships_contains_paywalled_content":false,"_jetpack_memberships_contains_paid_content":false,"footnotes":"","jetpack_publicize_message":"","jetpack_publicize_feature_enabled":true,"jetpack_social_post_already_shared":true,"jetpack_social_options":{"image_generator_settings":{"template":"highway","default_image_id":0,"font":"","enabled":false},"version":2},"_wpas_customize_per_network":false},"categories":[30],"tags":[12164,197,424],"class_list":["post-84228","post","type-post","status-publish","format-standard","has-post-thumbnail","hentry","category-municipio","tag-camino-de-los-bodegones","tag-municipalidad-de-mercedes","tag-ustarroz","generate-columns","tablet-grid-50","mobile-grid-100","grid-parent","grid-50"],"jetpack_publicize_connections":[],"jetpack_featured_media_url":"https:\/\/www.hoymercedes.com.ar\/principal\/wp-content\/uploads\/2018\/11\/Camino-BodegonesIMG-20181119-WA0086.jpg","wps_subtitle":"Fiestas Populares ","jetpack_sharing_enabled":true,"_links":{"self":[{"href":"https:\/\/www.hoymercedes.com.ar\/principal\/wp-json\/wp\/v2\/posts\/84228","targetHints":{"allow":["GET"]}}],"collection":[{"href":"https:\/\/www.hoymercedes.com.ar\/principal\/wp-json\/wp\/v2\/posts"}],"about":[{"href":"https:\/\/www.hoymercedes.com.ar\/principal\/wp-json\/wp\/v2\/types\/post"}],"author":[{"embeddable":true,"href":"https:\/\/www.hoymercedes.com.ar\/principal\/wp-json\/wp\/v2\/users\/1"}],"replies":[{"embeddable":true,"href":"https:\/\/www.hoymercedes.com.ar\/principal\/wp-json\/wp\/v2\/comments?post=84228"}],"version-history":[{"count":0,"href":"https:\/\/www.hoymercedes.com.ar\/principal\/wp-json\/wp\/v2\/posts\/84228\/revisions"}],"wp:featuredmedia":[{"embeddable":true,"href":"https:\/\/www.hoymercedes.com.ar\/principal\/wp-json\/wp\/v2\/media\/84230"}],"wp:attachment":[{"href":"https:\/\/www.hoymercedes.com.ar\/principal\/wp-json\/wp\/v2\/media?parent=84228"}],"wp:term":[{"taxonomy":"category","embeddable":true,"href":"https:\/\/www.hoymercedes.com.ar\/principal\/wp-json\/wp\/v2\/categories?post=84228"},{"taxonomy":"post_tag","embeddable":true,"href":"https:\/\/www.hoymercedes.com.ar\/principal\/wp-json\/wp\/v2\/tags?post=84228"}],"curies":[{"name":"wp","href":"https:\/\/api.w.org\/{rel}","templated":true}]}}