{"id":84275,"date":"2018-11-21T19:36:27","date_gmt":"2018-11-21T22:36:27","guid":{"rendered":"http:\/\/www.hoymercedes.com.ar\/principal\/?p=84275"},"modified":"2018-11-21T17:37:14","modified_gmt":"2018-11-21T20:37:14","slug":"roberto-potes-se-quedo-con-el-quinto-cross-del-balta-galeria-de-fotos","status":"publish","type":"post","link":"https:\/\/www.hoymercedes.com.ar\/principal\/2018\/11\/21\/roberto-potes-se-quedo-con-el-quinto-cross-del-balta-galeria-de-fotos\/","title":{"rendered":"Roberto Potes se qued\u00f3 con el quinto Cross del Balta (Galer\u00eda de fotos)"},"content":{"rendered":"<p>Una de las \u00faltimas pruebas atl\u00e9ticas del calendario mercedino es el Cross del Balta, que se corre en la localidad de Gowland y que este domingo tuvo su quinta edici\u00f3n. Divididos los competidores en categor\u00edas de a diez a\u00f1os, estaba en juego la Copa Challenger, ya que Mario Morales gan\u00f3 dos veces esta competencia, pero Roberto Potes le quit\u00f3 la chance al quedarse con el n\u00famero uno.<\/p>\n<p><img loading=\"lazy\" decoding=\"async\" data-attachment-id=\"84276\" data-permalink=\"https:\/\/www.hoymercedes.com.ar\/principal\/2018\/11\/21\/roberto-potes-se-quedo-con-el-quinto-cross-del-balta-galeria-de-fotos\/balta-8\/#main\" data-orig-file=\"https:\/\/www.hoymercedes.com.ar\/principal\/wp-content\/uploads\/2018\/11\/Balta-8.jpg\" data-orig-size=\"960,720\" data-comments-opened=\"0\" data-image-meta=\"{&quot;aperture&quot;:&quot;0&quot;,&quot;credit&quot;:&quot;&quot;,&quot;camera&quot;:&quot;&quot;,&quot;caption&quot;:&quot;&quot;,&quot;created_timestamp&quot;:&quot;0&quot;,&quot;copyright&quot;:&quot;&quot;,&quot;focal_length&quot;:&quot;0&quot;,&quot;iso&quot;:&quot;0&quot;,&quot;shutter_speed&quot;:&quot;0&quot;,&quot;title&quot;:&quot;&quot;,&quot;orientation&quot;:&quot;0&quot;}\" data-image-title=\"Balta 8\" data-image-description=\"\" data-image-caption=\"\" data-large-file=\"https:\/\/www.hoymercedes.com.ar\/principal\/wp-content\/uploads\/2018\/11\/Balta-8.jpg\" class=\"aligncenter size-full wp-image-84276\" src=\"https:\/\/www.hoymercedes.com.ar\/principal\/wp-content\/uploads\/2018\/11\/Balta-8.jpg\" alt=\"\" width=\"960\" height=\"720\" srcset=\"https:\/\/www.hoymercedes.com.ar\/principal\/wp-content\/uploads\/2018\/11\/Balta-8.jpg 960w, https:\/\/www.hoymercedes.com.ar\/principal\/wp-content\/uploads\/2018\/11\/Balta-8-150x113.jpg 150w, https:\/\/www.hoymercedes.com.ar\/principal\/wp-content\/uploads\/2018\/11\/Balta-8-630x473.jpg 630w\" sizes=\"auto, (max-width: 960px) 100vw, 960px\" \/><\/p>\n<p>Se corri\u00f3 en las distancias de 11 y 5 kil\u00f3metros, m\u00e1s una caminata participativa. Con algo de barro en algunos de sus tramos, tras cruzar el INTA, Potes fue superando a Morales y Casta\u00f1eda y se qued\u00f3 con la competencia.<\/p>\n<p><strong>General 11 k<\/strong><br \/>\n1\u00b0 Roberto Potes (Mercedes) 41\u2019 16\u201d.<br \/>\n2\u00b0 Ricardo Casta\u00f1eda (San Andr\u00e9s de Giles) 41\u2019 53\u201d.<br \/>\n3\u00b0 Mario Morales (Mercedes) 43\u2019 51\u201d.<\/p>\n<p>1\u00b0 Sandra Cantero (Mercedes).<br \/>\n2\u00b0 Alejandra Garc\u00eda (Gowland)<br \/>\n3\u00b0 Ver\u00f3nica Rojas (Mercedes).<\/p>\n<p><strong>General 5 K<\/strong><br \/>\n1\u00b0 Miguel L\u00f3pez (Mercedes) 25\u2019 10\u201d.<br \/>\n2\u00b0 Elmer Subia (Cucull\u00fa) 25\u2019 57\u201d.<br \/>\n3\u00b0 Pablo Tapia (Mercedes) 26\u2019 18\u201d.<\/p>\n<p>1\u00b0 Gladis Gim\u00e9nez (Luj\u00e1n) 32\u2019.<br \/>\n2\u00b0 Daniela Pastorini (Mercedes) 33\u2019 50\u201d.<br \/>\n3\u00b0\u00a0\u00a0 Estefan\u00eda Jofr\u00e9 (Mercedes) 36\u2019 50\u201d.<\/p>\n<p><strong>Categor\u00edas 11 K<\/strong><br \/>\n20 a 21 a\u00f1os<br \/>\n1\u00b0 Sandra Barrera (Mercedes).<br \/>\n2\u00b0 Cecilia Cepeda (Lobos).<br \/>\n3\u00b0 Rossana Gonz\u00e1lez (Mercedes).<\/p>\n<p>31 a 40 a\u00f1os<br \/>\n1\u00b0 Sandra Cantero (Mercedes).<br \/>\n2\u00b0 Ver\u00f3nica Rojas (Mercedes).<br \/>\n3\u00b0 Mar\u00edas Rodr\u00edguez (Mercedes).<\/p>\n<p>41 a 50 a\u00f1os<br \/>\n1\u00b0 Alejandra Garc\u00eda (Gowland).<br \/>\n2\u00b0 Adriana Bruno (Mercedes).<br \/>\n3\u00b0 Malena Del Giudice (Mercedes).<\/p>\n<p>51 a 60 a\u00f1os<br \/>\n1\u00b0 Patricia Lagos (Luj\u00e1n).<br \/>\n2\u00b0 Susana Spinelli (Mercedes).<\/p>\n<p>Hasta 20 a\u00f1os<br \/>\n1\u00b0 Roque Gim\u00e9nez (J\u00e1uregui).<\/p>\n<p>21 a 30 a\u00f1os<br \/>\n1\u00b0 Ricardo Casta\u00f1eda (Giles).<br \/>\n2\u00b0 Facundo Robledo (Mercedes).<br \/>\n3\u00b0 Fernando Pe\u00f1a (Mercedes).<\/p>\n<p>31 a 40 a\u00f1os<br \/>\n1\u00b0 Mario Morales (Mercedes).<br \/>\n2\u00b0 Diego Coria.<br \/>\n3\u00b0 Diego Harostegui.<\/p>\n<p>41 a 50 a\u00f1os<br \/>\n1\u00b0 Roberto Potes (Mercedes).<br \/>\n2\u00b0 Hern\u00e1n Cestari (Mercedes).<br \/>\n3\u00b0 Javier Molina (Luj\u00e1n).<\/p>\n<p>51 a 60 a\u00f1os<br \/>\n1\u00b0 Dar\u00edo Gallo (Mercedes)<br \/>\n2\u00b0 Ricardi Brand\u00e1n (Suipacha).<br \/>\n3\u00b0 An\u00edbal Mart\u00ednez (Mercedes).<\/p>\n<p>Mayores de 60 a\u00f1os<br \/>\n1\u00b0 Pedro Lescano (Mercedes).<\/p>\n<p><img loading=\"lazy\" decoding=\"async\" data-attachment-id=\"84277\" data-permalink=\"https:\/\/www.hoymercedes.com.ar\/principal\/2018\/11\/21\/roberto-potes-se-quedo-con-el-quinto-cross-del-balta-galeria-de-fotos\/balta-14\/#main\" data-orig-file=\"https:\/\/www.hoymercedes.com.ar\/principal\/wp-content\/uploads\/2018\/11\/Balta-14.jpg\" data-orig-size=\"960,720\" data-comments-opened=\"0\" data-image-meta=\"{&quot;aperture&quot;:&quot;0&quot;,&quot;credit&quot;:&quot;&quot;,&quot;camera&quot;:&quot;&quot;,&quot;caption&quot;:&quot;&quot;,&quot;created_timestamp&quot;:&quot;0&quot;,&quot;copyright&quot;:&quot;&quot;,&quot;focal_length&quot;:&quot;0&quot;,&quot;iso&quot;:&quot;0&quot;,&quot;shutter_speed&quot;:&quot;0&quot;,&quot;title&quot;:&quot;&quot;,&quot;orientation&quot;:&quot;0&quot;}\" data-image-title=\"Balta 14\" data-image-description=\"\" data-image-caption=\"\" data-large-file=\"https:\/\/www.hoymercedes.com.ar\/principal\/wp-content\/uploads\/2018\/11\/Balta-14.jpg\" class=\"aligncenter size-full wp-image-84277\" src=\"https:\/\/www.hoymercedes.com.ar\/principal\/wp-content\/uploads\/2018\/11\/Balta-14.jpg\" alt=\"\" width=\"960\" height=\"720\" srcset=\"https:\/\/www.hoymercedes.com.ar\/principal\/wp-content\/uploads\/2018\/11\/Balta-14.jpg 960w, https:\/\/www.hoymercedes.com.ar\/principal\/wp-content\/uploads\/2018\/11\/Balta-14-150x113.jpg 150w, https:\/\/www.hoymercedes.com.ar\/principal\/wp-content\/uploads\/2018\/11\/Balta-14-630x473.jpg 630w\" sizes=\"auto, (max-width: 960px) 100vw, 960px\" \/> <img loading=\"lazy\" decoding=\"async\" data-attachment-id=\"84278\" data-permalink=\"https:\/\/www.hoymercedes.com.ar\/principal\/2018\/11\/21\/roberto-potes-se-quedo-con-el-quinto-cross-del-balta-galeria-de-fotos\/balta-13\/#main\" data-orig-file=\"https:\/\/www.hoymercedes.com.ar\/principal\/wp-content\/uploads\/2018\/11\/Balta-13.jpg\" data-orig-size=\"960,720\" data-comments-opened=\"0\" data-image-meta=\"{&quot;aperture&quot;:&quot;0&quot;,&quot;credit&quot;:&quot;&quot;,&quot;camera&quot;:&quot;&quot;,&quot;caption&quot;:&quot;&quot;,&quot;created_timestamp&quot;:&quot;0&quot;,&quot;copyright&quot;:&quot;&quot;,&quot;focal_length&quot;:&quot;0&quot;,&quot;iso&quot;:&quot;0&quot;,&quot;shutter_speed&quot;:&quot;0&quot;,&quot;title&quot;:&quot;&quot;,&quot;orientation&quot;:&quot;0&quot;}\" data-image-title=\"Balta 13\" data-image-description=\"\" data-image-caption=\"\" data-large-file=\"https:\/\/www.hoymercedes.com.ar\/principal\/wp-content\/uploads\/2018\/11\/Balta-13.jpg\" class=\"aligncenter size-full wp-image-84278\" src=\"https:\/\/www.hoymercedes.com.ar\/principal\/wp-content\/uploads\/2018\/11\/Balta-13.jpg\" alt=\"\" width=\"960\" height=\"720\" srcset=\"https:\/\/www.hoymercedes.com.ar\/principal\/wp-content\/uploads\/2018\/11\/Balta-13.jpg 960w, https:\/\/www.hoymercedes.com.ar\/principal\/wp-content\/uploads\/2018\/11\/Balta-13-150x113.jpg 150w, https:\/\/www.hoymercedes.com.ar\/principal\/wp-content\/uploads\/2018\/11\/Balta-13-630x473.jpg 630w\" sizes=\"auto, (max-width: 960px) 100vw, 960px\" \/> <img loading=\"lazy\" decoding=\"async\" data-attachment-id=\"84279\" data-permalink=\"https:\/\/www.hoymercedes.com.ar\/principal\/2018\/11\/21\/roberto-potes-se-quedo-con-el-quinto-cross-del-balta-galeria-de-fotos\/balta-12\/#main\" data-orig-file=\"https:\/\/www.hoymercedes.com.ar\/principal\/wp-content\/uploads\/2018\/11\/Balta-12.jpg\" data-orig-size=\"960,720\" data-comments-opened=\"0\" data-image-meta=\"{&quot;aperture&quot;:&quot;0&quot;,&quot;credit&quot;:&quot;&quot;,&quot;camera&quot;:&quot;&quot;,&quot;caption&quot;:&quot;&quot;,&quot;created_timestamp&quot;:&quot;0&quot;,&quot;copyright&quot;:&quot;&quot;,&quot;focal_length&quot;:&quot;0&quot;,&quot;iso&quot;:&quot;0&quot;,&quot;shutter_speed&quot;:&quot;0&quot;,&quot;title&quot;:&quot;&quot;,&quot;orientation&quot;:&quot;0&quot;}\" data-image-title=\"Balta 12\" data-image-description=\"\" data-image-caption=\"\" data-large-file=\"https:\/\/www.hoymercedes.com.ar\/principal\/wp-content\/uploads\/2018\/11\/Balta-12.jpg\" class=\"aligncenter size-full wp-image-84279\" src=\"https:\/\/www.hoymercedes.com.ar\/principal\/wp-content\/uploads\/2018\/11\/Balta-12.jpg\" alt=\"\" width=\"960\" height=\"720\" srcset=\"https:\/\/www.hoymercedes.com.ar\/principal\/wp-content\/uploads\/2018\/11\/Balta-12.jpg 960w, https:\/\/www.hoymercedes.com.ar\/principal\/wp-content\/uploads\/2018\/11\/Balta-12-150x113.jpg 150w, https:\/\/www.hoymercedes.com.ar\/principal\/wp-content\/uploads\/2018\/11\/Balta-12-630x473.jpg 630w\" sizes=\"auto, (max-width: 960px) 100vw, 960px\" \/> <img loading=\"lazy\" decoding=\"async\" data-attachment-id=\"84280\" data-permalink=\"https:\/\/www.hoymercedes.com.ar\/principal\/2018\/11\/21\/roberto-potes-se-quedo-con-el-quinto-cross-del-balta-galeria-de-fotos\/balta-11\/#main\" data-orig-file=\"https:\/\/www.hoymercedes.com.ar\/principal\/wp-content\/uploads\/2018\/11\/Balta-11.jpg\" data-orig-size=\"960,720\" data-comments-opened=\"0\" data-image-meta=\"{&quot;aperture&quot;:&quot;0&quot;,&quot;credit&quot;:&quot;&quot;,&quot;camera&quot;:&quot;&quot;,&quot;caption&quot;:&quot;&quot;,&quot;created_timestamp&quot;:&quot;0&quot;,&quot;copyright&quot;:&quot;&quot;,&quot;focal_length&quot;:&quot;0&quot;,&quot;iso&quot;:&quot;0&quot;,&quot;shutter_speed&quot;:&quot;0&quot;,&quot;title&quot;:&quot;&quot;,&quot;orientation&quot;:&quot;0&quot;}\" data-image-title=\"Balta 11\" data-image-description=\"\" data-image-caption=\"\" data-large-file=\"https:\/\/www.hoymercedes.com.ar\/principal\/wp-content\/uploads\/2018\/11\/Balta-11.jpg\" class=\"aligncenter size-full wp-image-84280\" src=\"https:\/\/www.hoymercedes.com.ar\/principal\/wp-content\/uploads\/2018\/11\/Balta-11.jpg\" alt=\"\" width=\"960\" height=\"720\" srcset=\"https:\/\/www.hoymercedes.com.ar\/principal\/wp-content\/uploads\/2018\/11\/Balta-11.jpg 960w, https:\/\/www.hoymercedes.com.ar\/principal\/wp-content\/uploads\/2018\/11\/Balta-11-150x113.jpg 150w, https:\/\/www.hoymercedes.com.ar\/principal\/wp-content\/uploads\/2018\/11\/Balta-11-630x473.jpg 630w\" sizes=\"auto, (max-width: 960px) 100vw, 960px\" \/> <img loading=\"lazy\" decoding=\"async\" data-attachment-id=\"84281\" data-permalink=\"https:\/\/www.hoymercedes.com.ar\/principal\/2018\/11\/21\/roberto-potes-se-quedo-con-el-quinto-cross-del-balta-galeria-de-fotos\/balta-10\/#main\" data-orig-file=\"https:\/\/www.hoymercedes.com.ar\/principal\/wp-content\/uploads\/2018\/11\/Balta-10.jpg\" data-orig-size=\"960,720\" data-comments-opened=\"0\" data-image-meta=\"{&quot;aperture&quot;:&quot;0&quot;,&quot;credit&quot;:&quot;&quot;,&quot;camera&quot;:&quot;&quot;,&quot;caption&quot;:&quot;&quot;,&quot;created_timestamp&quot;:&quot;0&quot;,&quot;copyright&quot;:&quot;&quot;,&quot;focal_length&quot;:&quot;0&quot;,&quot;iso&quot;:&quot;0&quot;,&quot;shutter_speed&quot;:&quot;0&quot;,&quot;title&quot;:&quot;&quot;,&quot;orientation&quot;:&quot;0&quot;}\" data-image-title=\"Balta 10\" data-image-description=\"\" data-image-caption=\"\" data-large-file=\"https:\/\/www.hoymercedes.com.ar\/principal\/wp-content\/uploads\/2018\/11\/Balta-10.jpg\" class=\"aligncenter size-full wp-image-84281\" src=\"https:\/\/www.hoymercedes.com.ar\/principal\/wp-content\/uploads\/2018\/11\/Balta-10.jpg\" alt=\"\" width=\"960\" height=\"720\" srcset=\"https:\/\/www.hoymercedes.com.ar\/principal\/wp-content\/uploads\/2018\/11\/Balta-10.jpg 960w, https:\/\/www.hoymercedes.com.ar\/principal\/wp-content\/uploads\/2018\/11\/Balta-10-150x113.jpg 150w, https:\/\/www.hoymercedes.com.ar\/principal\/wp-content\/uploads\/2018\/11\/Balta-10-630x473.jpg 630w\" sizes=\"auto, (max-width: 960px) 100vw, 960px\" \/> <img loading=\"lazy\" decoding=\"async\" data-attachment-id=\"84282\" data-permalink=\"https:\/\/www.hoymercedes.com.ar\/principal\/2018\/11\/21\/roberto-potes-se-quedo-con-el-quinto-cross-del-balta-galeria-de-fotos\/balta-9\/#main\" data-orig-file=\"https:\/\/www.hoymercedes.com.ar\/principal\/wp-content\/uploads\/2018\/11\/Balta-9.jpg\" data-orig-size=\"960,720\" data-comments-opened=\"0\" data-image-meta=\"{&quot;aperture&quot;:&quot;0&quot;,&quot;credit&quot;:&quot;&quot;,&quot;camera&quot;:&quot;&quot;,&quot;caption&quot;:&quot;&quot;,&quot;created_timestamp&quot;:&quot;0&quot;,&quot;copyright&quot;:&quot;&quot;,&quot;focal_length&quot;:&quot;0&quot;,&quot;iso&quot;:&quot;0&quot;,&quot;shutter_speed&quot;:&quot;0&quot;,&quot;title&quot;:&quot;&quot;,&quot;orientation&quot;:&quot;0&quot;}\" data-image-title=\"Balta 9\" data-image-description=\"\" data-image-caption=\"\" data-large-file=\"https:\/\/www.hoymercedes.com.ar\/principal\/wp-content\/uploads\/2018\/11\/Balta-9.jpg\" class=\"aligncenter size-full wp-image-84282\" src=\"https:\/\/www.hoymercedes.com.ar\/principal\/wp-content\/uploads\/2018\/11\/Balta-9.jpg\" alt=\"\" width=\"960\" height=\"720\" srcset=\"https:\/\/www.hoymercedes.com.ar\/principal\/wp-content\/uploads\/2018\/11\/Balta-9.jpg 960w, https:\/\/www.hoymercedes.com.ar\/principal\/wp-content\/uploads\/2018\/11\/Balta-9-150x113.jpg 150w, https:\/\/www.hoymercedes.com.ar\/principal\/wp-content\/uploads\/2018\/11\/Balta-9-630x473.jpg 630w\" sizes=\"auto, (max-width: 960px) 100vw, 960px\" \/> <img loading=\"lazy\" decoding=\"async\" data-attachment-id=\"84283\" data-permalink=\"https:\/\/www.hoymercedes.com.ar\/principal\/2018\/11\/21\/roberto-potes-se-quedo-con-el-quinto-cross-del-balta-galeria-de-fotos\/balta-7\/#main\" data-orig-file=\"https:\/\/www.hoymercedes.com.ar\/principal\/wp-content\/uploads\/2018\/11\/Balta-7.jpg\" data-orig-size=\"960,720\" data-comments-opened=\"0\" data-image-meta=\"{&quot;aperture&quot;:&quot;0&quot;,&quot;credit&quot;:&quot;&quot;,&quot;camera&quot;:&quot;&quot;,&quot;caption&quot;:&quot;&quot;,&quot;created_timestamp&quot;:&quot;0&quot;,&quot;copyright&quot;:&quot;&quot;,&quot;focal_length&quot;:&quot;0&quot;,&quot;iso&quot;:&quot;0&quot;,&quot;shutter_speed&quot;:&quot;0&quot;,&quot;title&quot;:&quot;&quot;,&quot;orientation&quot;:&quot;0&quot;}\" data-image-title=\"Balta 7\" data-image-description=\"\" data-image-caption=\"\" data-large-file=\"https:\/\/www.hoymercedes.com.ar\/principal\/wp-content\/uploads\/2018\/11\/Balta-7.jpg\" class=\"aligncenter size-full wp-image-84283\" src=\"https:\/\/www.hoymercedes.com.ar\/principal\/wp-content\/uploads\/2018\/11\/Balta-7.jpg\" alt=\"\" width=\"960\" height=\"720\" srcset=\"https:\/\/www.hoymercedes.com.ar\/principal\/wp-content\/uploads\/2018\/11\/Balta-7.jpg 960w, https:\/\/www.hoymercedes.com.ar\/principal\/wp-content\/uploads\/2018\/11\/Balta-7-150x113.jpg 150w, https:\/\/www.hoymercedes.com.ar\/principal\/wp-content\/uploads\/2018\/11\/Balta-7-630x473.jpg 630w\" sizes=\"auto, (max-width: 960px) 100vw, 960px\" \/> <img loading=\"lazy\" decoding=\"async\" data-attachment-id=\"84284\" data-permalink=\"https:\/\/www.hoymercedes.com.ar\/principal\/2018\/11\/21\/roberto-potes-se-quedo-con-el-quinto-cross-del-balta-galeria-de-fotos\/balta-6\/#main\" data-orig-file=\"https:\/\/www.hoymercedes.com.ar\/principal\/wp-content\/uploads\/2018\/11\/Balta-6.jpg\" data-orig-size=\"960,720\" data-comments-opened=\"0\" data-image-meta=\"{&quot;aperture&quot;:&quot;0&quot;,&quot;credit&quot;:&quot;&quot;,&quot;camera&quot;:&quot;&quot;,&quot;caption&quot;:&quot;&quot;,&quot;created_timestamp&quot;:&quot;0&quot;,&quot;copyright&quot;:&quot;&quot;,&quot;focal_length&quot;:&quot;0&quot;,&quot;iso&quot;:&quot;0&quot;,&quot;shutter_speed&quot;:&quot;0&quot;,&quot;title&quot;:&quot;&quot;,&quot;orientation&quot;:&quot;0&quot;}\" data-image-title=\"Balta 6\" data-image-description=\"\" data-image-caption=\"\" data-large-file=\"https:\/\/www.hoymercedes.com.ar\/principal\/wp-content\/uploads\/2018\/11\/Balta-6.jpg\" class=\"aligncenter size-full wp-image-84284\" src=\"https:\/\/www.hoymercedes.com.ar\/principal\/wp-content\/uploads\/2018\/11\/Balta-6.jpg\" alt=\"\" width=\"960\" height=\"720\" srcset=\"https:\/\/www.hoymercedes.com.ar\/principal\/wp-content\/uploads\/2018\/11\/Balta-6.jpg 960w, https:\/\/www.hoymercedes.com.ar\/principal\/wp-content\/uploads\/2018\/11\/Balta-6-150x113.jpg 150w, https:\/\/www.hoymercedes.com.ar\/principal\/wp-content\/uploads\/2018\/11\/Balta-6-630x473.jpg 630w\" sizes=\"auto, (max-width: 960px) 100vw, 960px\" \/> <img loading=\"lazy\" decoding=\"async\" data-attachment-id=\"84285\" data-permalink=\"https:\/\/www.hoymercedes.com.ar\/principal\/2018\/11\/21\/roberto-potes-se-quedo-con-el-quinto-cross-del-balta-galeria-de-fotos\/balta-5\/#main\" data-orig-file=\"https:\/\/www.hoymercedes.com.ar\/principal\/wp-content\/uploads\/2018\/11\/Balta-5.jpg\" data-orig-size=\"960,720\" data-comments-opened=\"0\" data-image-meta=\"{&quot;aperture&quot;:&quot;0&quot;,&quot;credit&quot;:&quot;&quot;,&quot;camera&quot;:&quot;&quot;,&quot;caption&quot;:&quot;&quot;,&quot;created_timestamp&quot;:&quot;0&quot;,&quot;copyright&quot;:&quot;&quot;,&quot;focal_length&quot;:&quot;0&quot;,&quot;iso&quot;:&quot;0&quot;,&quot;shutter_speed&quot;:&quot;0&quot;,&quot;title&quot;:&quot;&quot;,&quot;orientation&quot;:&quot;0&quot;}\" data-image-title=\"Balta 5\" data-image-description=\"\" data-image-caption=\"\" data-large-file=\"https:\/\/www.hoymercedes.com.ar\/principal\/wp-content\/uploads\/2018\/11\/Balta-5.jpg\" class=\"aligncenter size-full wp-image-84285\" src=\"https:\/\/www.hoymercedes.com.ar\/principal\/wp-content\/uploads\/2018\/11\/Balta-5.jpg\" alt=\"\" width=\"960\" height=\"720\" srcset=\"https:\/\/www.hoymercedes.com.ar\/principal\/wp-content\/uploads\/2018\/11\/Balta-5.jpg 960w, https:\/\/www.hoymercedes.com.ar\/principal\/wp-content\/uploads\/2018\/11\/Balta-5-150x113.jpg 150w, https:\/\/www.hoymercedes.com.ar\/principal\/wp-content\/uploads\/2018\/11\/Balta-5-630x473.jpg 630w\" sizes=\"auto, (max-width: 960px) 100vw, 960px\" \/> <img loading=\"lazy\" decoding=\"async\" data-attachment-id=\"84286\" data-permalink=\"https:\/\/www.hoymercedes.com.ar\/principal\/2018\/11\/21\/roberto-potes-se-quedo-con-el-quinto-cross-del-balta-galeria-de-fotos\/balta-4\/#main\" data-orig-file=\"https:\/\/www.hoymercedes.com.ar\/principal\/wp-content\/uploads\/2018\/11\/Balta-4.jpg\" data-orig-size=\"960,720\" data-comments-opened=\"0\" data-image-meta=\"{&quot;aperture&quot;:&quot;0&quot;,&quot;credit&quot;:&quot;&quot;,&quot;camera&quot;:&quot;&quot;,&quot;caption&quot;:&quot;&quot;,&quot;created_timestamp&quot;:&quot;0&quot;,&quot;copyright&quot;:&quot;&quot;,&quot;focal_length&quot;:&quot;0&quot;,&quot;iso&quot;:&quot;0&quot;,&quot;shutter_speed&quot;:&quot;0&quot;,&quot;title&quot;:&quot;&quot;,&quot;orientation&quot;:&quot;0&quot;}\" data-image-title=\"Balta 4\" data-image-description=\"\" data-image-caption=\"\" data-large-file=\"https:\/\/www.hoymercedes.com.ar\/principal\/wp-content\/uploads\/2018\/11\/Balta-4.jpg\" class=\"aligncenter size-full wp-image-84286\" src=\"https:\/\/www.hoymercedes.com.ar\/principal\/wp-content\/uploads\/2018\/11\/Balta-4.jpg\" alt=\"\" width=\"960\" height=\"720\" srcset=\"https:\/\/www.hoymercedes.com.ar\/principal\/wp-content\/uploads\/2018\/11\/Balta-4.jpg 960w, https:\/\/www.hoymercedes.com.ar\/principal\/wp-content\/uploads\/2018\/11\/Balta-4-150x113.jpg 150w, https:\/\/www.hoymercedes.com.ar\/principal\/wp-content\/uploads\/2018\/11\/Balta-4-630x473.jpg 630w\" sizes=\"auto, (max-width: 960px) 100vw, 960px\" \/> <img loading=\"lazy\" decoding=\"async\" data-attachment-id=\"84287\" data-permalink=\"https:\/\/www.hoymercedes.com.ar\/principal\/2018\/11\/21\/roberto-potes-se-quedo-con-el-quinto-cross-del-balta-galeria-de-fotos\/balta-3\/#main\" data-orig-file=\"https:\/\/www.hoymercedes.com.ar\/principal\/wp-content\/uploads\/2018\/11\/Balta-3.jpg\" data-orig-size=\"960,720\" data-comments-opened=\"0\" data-image-meta=\"{&quot;aperture&quot;:&quot;0&quot;,&quot;credit&quot;:&quot;&quot;,&quot;camera&quot;:&quot;&quot;,&quot;caption&quot;:&quot;&quot;,&quot;created_timestamp&quot;:&quot;0&quot;,&quot;copyright&quot;:&quot;&quot;,&quot;focal_length&quot;:&quot;0&quot;,&quot;iso&quot;:&quot;0&quot;,&quot;shutter_speed&quot;:&quot;0&quot;,&quot;title&quot;:&quot;&quot;,&quot;orientation&quot;:&quot;0&quot;}\" data-image-title=\"Balta 3\" data-image-description=\"\" data-image-caption=\"\" data-large-file=\"https:\/\/www.hoymercedes.com.ar\/principal\/wp-content\/uploads\/2018\/11\/Balta-3.jpg\" class=\"aligncenter size-full wp-image-84287\" src=\"https:\/\/www.hoymercedes.com.ar\/principal\/wp-content\/uploads\/2018\/11\/Balta-3.jpg\" alt=\"\" width=\"960\" height=\"720\" srcset=\"https:\/\/www.hoymercedes.com.ar\/principal\/wp-content\/uploads\/2018\/11\/Balta-3.jpg 960w, https:\/\/www.hoymercedes.com.ar\/principal\/wp-content\/uploads\/2018\/11\/Balta-3-150x113.jpg 150w, https:\/\/www.hoymercedes.com.ar\/principal\/wp-content\/uploads\/2018\/11\/Balta-3-630x473.jpg 630w\" sizes=\"auto, (max-width: 960px) 100vw, 960px\" \/> <img loading=\"lazy\" decoding=\"async\" data-attachment-id=\"84288\" data-permalink=\"https:\/\/www.hoymercedes.com.ar\/principal\/2018\/11\/21\/roberto-potes-se-quedo-con-el-quinto-cross-del-balta-galeria-de-fotos\/balta-2\/#main\" data-orig-file=\"https:\/\/www.hoymercedes.com.ar\/principal\/wp-content\/uploads\/2018\/11\/Balta-2.jpg\" data-orig-size=\"960,720\" data-comments-opened=\"0\" data-image-meta=\"{&quot;aperture&quot;:&quot;0&quot;,&quot;credit&quot;:&quot;&quot;,&quot;camera&quot;:&quot;&quot;,&quot;caption&quot;:&quot;&quot;,&quot;created_timestamp&quot;:&quot;0&quot;,&quot;copyright&quot;:&quot;&quot;,&quot;focal_length&quot;:&quot;0&quot;,&quot;iso&quot;:&quot;0&quot;,&quot;shutter_speed&quot;:&quot;0&quot;,&quot;title&quot;:&quot;&quot;,&quot;orientation&quot;:&quot;0&quot;}\" data-image-title=\"Balta 2\" data-image-description=\"\" data-image-caption=\"\" data-large-file=\"https:\/\/www.hoymercedes.com.ar\/principal\/wp-content\/uploads\/2018\/11\/Balta-2.jpg\" class=\"aligncenter size-full wp-image-84288\" src=\"https:\/\/www.hoymercedes.com.ar\/principal\/wp-content\/uploads\/2018\/11\/Balta-2.jpg\" alt=\"\" width=\"960\" height=\"720\" srcset=\"https:\/\/www.hoymercedes.com.ar\/principal\/wp-content\/uploads\/2018\/11\/Balta-2.jpg 960w, https:\/\/www.hoymercedes.com.ar\/principal\/wp-content\/uploads\/2018\/11\/Balta-2-150x113.jpg 150w, https:\/\/www.hoymercedes.com.ar\/principal\/wp-content\/uploads\/2018\/11\/Balta-2-630x473.jpg 630w\" sizes=\"auto, (max-width: 960px) 100vw, 960px\" \/> <img loading=\"lazy\" decoding=\"async\" data-attachment-id=\"84289\" data-permalink=\"https:\/\/www.hoymercedes.com.ar\/principal\/2018\/11\/21\/roberto-potes-se-quedo-con-el-quinto-cross-del-balta-galeria-de-fotos\/balta-1\/#main\" data-orig-file=\"https:\/\/www.hoymercedes.com.ar\/principal\/wp-content\/uploads\/2018\/11\/Balta-1.jpg\" data-orig-size=\"960,720\" data-comments-opened=\"0\" data-image-meta=\"{&quot;aperture&quot;:&quot;0&quot;,&quot;credit&quot;:&quot;&quot;,&quot;camera&quot;:&quot;&quot;,&quot;caption&quot;:&quot;&quot;,&quot;created_timestamp&quot;:&quot;0&quot;,&quot;copyright&quot;:&quot;&quot;,&quot;focal_length&quot;:&quot;0&quot;,&quot;iso&quot;:&quot;0&quot;,&quot;shutter_speed&quot;:&quot;0&quot;,&quot;title&quot;:&quot;&quot;,&quot;orientation&quot;:&quot;0&quot;}\" data-image-title=\"Balta 1\" data-image-description=\"\" data-image-caption=\"\" data-large-file=\"https:\/\/www.hoymercedes.com.ar\/principal\/wp-content\/uploads\/2018\/11\/Balta-1.jpg\" class=\"aligncenter size-full wp-image-84289\" src=\"https:\/\/www.hoymercedes.com.ar\/principal\/wp-content\/uploads\/2018\/11\/Balta-1.jpg\" alt=\"\" width=\"960\" height=\"720\" srcset=\"https:\/\/www.hoymercedes.com.ar\/principal\/wp-content\/uploads\/2018\/11\/Balta-1.jpg 960w, https:\/\/www.hoymercedes.com.ar\/principal\/wp-content\/uploads\/2018\/11\/Balta-1-150x113.jpg 150w, https:\/\/www.hoymercedes.com.ar\/principal\/wp-content\/uploads\/2018\/11\/Balta-1-630x473.jpg 630w\" sizes=\"auto, (max-width: 960px) 100vw, 960px\" \/><\/p>\n<p>Fotos: Facebook CEF 193.<\/p>\n","protected":false},"excerpt":{"rendered":"<p>Una de las \u00faltimas pruebas atl\u00e9ticas del calendario mercedino es el Cross del Balta, que se corre en la localidad &#8230; <a title=\"Roberto Potes se qued\u00f3 con el quinto Cross del Balta (Galer\u00eda de fotos)\" class=\"read-more\" href=\"https:\/\/www.hoymercedes.com.ar\/principal\/2018\/11\/21\/roberto-potes-se-quedo-con-el-quinto-cross-del-balta-galeria-de-fotos\/\" aria-label=\"Leer m\u00e1s sobre Roberto Potes se qued\u00f3 con el quinto Cross del Balta (Galer\u00eda de fotos)\">Leer m\u00e1s<\/a><\/p>\n","protected":false},"author":1,"featured_media":84276,"comment_status":"closed","ping_status":"open","sticky":false,"template":"","format":"standard","meta":{"_monsterinsights_skip_tracking":false,"_monsterinsights_sitenote_active":false,"_monsterinsights_sitenote_note":"","_monsterinsights_sitenote_category":0,"jetpack_post_was_ever_published":false,"_jetpack_newsletter_access":"","_jetpack_dont_email_post_to_subs":false,"_jetpack_newsletter_tier_id":0,"_jetpack_memberships_contains_paywalled_content":false,"_jetpack_memberships_contains_paid_content":false,"footnotes":"","jetpack_publicize_message":"","jetpack_publicize_feature_enabled":true,"jetpack_social_post_already_shared":true,"jetpack_social_options":{"image_generator_settings":{"template":"highway","default_image_id":0,"font":"","enabled":false},"version":2},"_wpas_customize_per_network":false},"categories":[21],"tags":[803,12247,204,12512],"class_list":["post-84275","post","type-post","status-publish","format-standard","has-post-thumbnail","hentry","category-deportes","tag-atletismo","tag-cross-del-balta","tag-deportes-2","tag-roberto-potes","generate-columns","tablet-grid-50","mobile-grid-100","grid-parent","grid-50"],"jetpack_publicize_connections":[],"jetpack_featured_media_url":"https:\/\/www.hoymercedes.com.ar\/principal\/wp-content\/uploads\/2018\/11\/Balta-8.jpg","wps_subtitle":"Atletismo","jetpack_sharing_enabled":true,"jetpack-related-posts":[{"id":113521,"url":"https:\/\/www.hoymercedes.com.ar\/principal\/2020\/07\/13\/roberto-potes-tercero-en-la-general-primero-en-su-categoria-en-puan\/","url_meta":{"origin":84275,"position":0},"title":"Roberto Potes, tercero en la General, primero en su categor\u00eda, en Pu\u00e1n","author":"hoymercedes","date":"13 julio, 2020","format":false,"excerpt":"Se corri\u00f3 este domingo la carrera virtual por el 134 aniversario de la localidad de Pu\u00e1n. El atleta Roberto Potes fue parte de la competencia con una muy buena performance, ya que culmin\u00f3 primero en su categor\u00eda y tercero en la tabla general con un tiempo de 10\u2019 17\u201d a\u2026","rel":"","context":"En \u00abDeportes\u00bb","block_context":{"text":"Deportes","link":"https:\/\/www.hoymercedes.com.ar\/principal\/category\/deportes\/"},"img":{"alt_text":"","src":"https:\/\/i0.wp.com\/www.hoymercedes.com.ar\/principal\/wp-content\/uploads\/2020\/07\/Roberto-Potes-1.jpg?resize=350%2C200&ssl=1","width":350,"height":200,"srcset":"https:\/\/i0.wp.com\/www.hoymercedes.com.ar\/principal\/wp-content\/uploads\/2020\/07\/Roberto-Potes-1.jpg?resize=350%2C200&ssl=1 1x, https:\/\/i0.wp.com\/www.hoymercedes.com.ar\/principal\/wp-content\/uploads\/2020\/07\/Roberto-Potes-1.jpg?resize=525%2C300&ssl=1 1.5x, https:\/\/i0.wp.com\/www.hoymercedes.com.ar\/principal\/wp-content\/uploads\/2020\/07\/Roberto-Potes-1.jpg?resize=700%2C400&ssl=1 2x"},"classes":[]},{"id":104126,"url":"https:\/\/www.hoymercedes.com.ar\/principal\/2019\/12\/17\/diego-coria-y-sandra-cantero-se-quedaron-con-los-15k-nocturnos\/","url_meta":{"origin":84275,"position":1},"title":"Diego Coria y Sandra Cantero se quedaron con los 15K nocturnos","author":"hoymercedes","date":"17 diciembre, 2019","format":false,"excerpt":"En el Parque Municipal Independencia se realiz\u00f3 este s\u00e1bado por la noche la tercera edici\u00f3n de la Carrera Nocturna. La competencia se origin\u00f3 en el sector nuevo para luego avanzar por el camino Santa Catalina e ingresar al Club de Campo lindero y luego retornar. M\u00e1s de 130 corredores dijeron\u2026","rel":"","context":"En \u00abDeportes\u00bb","block_context":{"text":"Deportes","link":"https:\/\/www.hoymercedes.com.ar\/principal\/category\/deportes\/"},"img":{"alt_text":"","src":"https:\/\/i0.wp.com\/www.hoymercedes.com.ar\/principal\/wp-content\/uploads\/2019\/12\/Carrera-Nocturna-podio.jpg?resize=350%2C200&ssl=1","width":350,"height":200,"srcset":"https:\/\/i0.wp.com\/www.hoymercedes.com.ar\/principal\/wp-content\/uploads\/2019\/12\/Carrera-Nocturna-podio.jpg?resize=350%2C200&ssl=1 1x, https:\/\/i0.wp.com\/www.hoymercedes.com.ar\/principal\/wp-content\/uploads\/2019\/12\/Carrera-Nocturna-podio.jpg?resize=525%2C300&ssl=1 1.5x, https:\/\/i0.wp.com\/www.hoymercedes.com.ar\/principal\/wp-content\/uploads\/2019\/12\/Carrera-Nocturna-podio.jpg?resize=700%2C400&ssl=1 2x"},"classes":[]},{"id":113390,"url":"https:\/\/www.hoymercedes.com.ar\/principal\/2020\/07\/09\/roberto-potes-participara-de-la-carrera-virtual-de-puan\/","url_meta":{"origin":84275,"position":2},"title":"Roberto Potes participar\u00e1 de la Carrera Virtual de Pu\u00e1n","author":"hoymercedes","date":"9 julio, 2020","format":false,"excerpt":"La localidad bonaerense de Pu\u00e1n realizar\u00e1 este domingo 12 una carrera virtual. La pandemia oblig\u00f3 a que la habitual competencia no se pueda realizar en forma prensecial, por lo que se sum\u00f3 a la nueva modalidad. La misma se hace en conmemoraci\u00f3n a su 134 aniversario. El mercedino Roberto Potes\u2026","rel":"","context":"En \u00abDeportes\u00bb","block_context":{"text":"Deportes","link":"https:\/\/www.hoymercedes.com.ar\/principal\/category\/deportes\/"},"img":{"alt_text":"","src":"https:\/\/i0.wp.com\/www.hoymercedes.com.ar\/principal\/wp-content\/uploads\/2020\/07\/Roberto-Potes-Atletismo.jpg?resize=350%2C200&ssl=1","width":350,"height":200},"classes":[]},{"id":122522,"url":"https:\/\/www.hoymercedes.com.ar\/principal\/2020\/12\/28\/roberto-potes-gano-su-categoria-en-san-pedro-y-fue-segundo-en-la-general\/","url_meta":{"origin":84275,"position":3},"title":"Roberto Potes gan\u00f3 su categor\u00eda en San Pedro y fue segundo en la General","author":"hoymercedes","date":"28 diciembre, 2020","format":false,"excerpt":"El domingo 20 en la localidad de San Pedro y bajo la organizaci\u00f3n de Amigos del Atletismo se llev\u00f3 adelante una prueba pedestre en horas de la ma\u00f1ana. Sobre la distancia de 7 km el mercedino Roberto Potes gan\u00f3 su categor\u00eda (45 a 50 a\u00f1os) para culminar segundo en la\u2026","rel":"","context":"En \u00abDeportes\u00bb","block_context":{"text":"Deportes","link":"https:\/\/www.hoymercedes.com.ar\/principal\/category\/deportes\/"},"img":{"alt_text":"","src":"https:\/\/i0.wp.com\/www.hoymercedes.com.ar\/principal\/wp-content\/uploads\/2020\/12\/Roberto-Potes-en-San-Pedro.jpg?resize=350%2C200&ssl=1","width":350,"height":200,"srcset":"https:\/\/i0.wp.com\/www.hoymercedes.com.ar\/principal\/wp-content\/uploads\/2020\/12\/Roberto-Potes-en-San-Pedro.jpg?resize=350%2C200&ssl=1 1x, https:\/\/i0.wp.com\/www.hoymercedes.com.ar\/principal\/wp-content\/uploads\/2020\/12\/Roberto-Potes-en-San-Pedro.jpg?resize=525%2C300&ssl=1 1.5x, https:\/\/i0.wp.com\/www.hoymercedes.com.ar\/principal\/wp-content\/uploads\/2020\/12\/Roberto-Potes-en-San-Pedro.jpg?resize=700%2C400&ssl=1 2x"},"classes":[]},{"id":64224,"url":"https:\/\/www.hoymercedes.com.ar\/principal\/2017\/06\/27\/pedro-vivas-el-mejor-en-los-21k-de-mercedes\/","url_meta":{"origin":84275,"position":4},"title":"Pedro Vivas, el mejor en los 21K de Mercedes","author":"hoymercedes","date":"27 junio, 2017","format":false,"excerpt":"En el d\u00eda del aniversario de nuestra ciudad se llev\u00f3 a cabo una nueva marat\u00f3n que logr\u00f3 una destacada participaci\u00f3n con m\u00e1s de 200 deportistas de toda la provincia. 21k, 10k y 5k fueron las modalidades de la competencia que se lanz\u00f3 desde el Complejo Cultural La Trocha. Organizada por\u2026","rel":"","context":"En \u00abDeportes\u00bb","block_context":{"text":"Deportes","link":"https:\/\/www.hoymercedes.com.ar\/principal\/category\/deportes\/"},"img":{"alt_text":"","src":"https:\/\/i0.wp.com\/www.hoymercedes.com.ar\/principal\/wp-content\/uploads\/2017\/06\/IMG_8792.jpg?resize=350%2C200&ssl=1","width":350,"height":200,"srcset":"https:\/\/i0.wp.com\/www.hoymercedes.com.ar\/principal\/wp-content\/uploads\/2017\/06\/IMG_8792.jpg?resize=350%2C200&ssl=1 1x, https:\/\/i0.wp.com\/www.hoymercedes.com.ar\/principal\/wp-content\/uploads\/2017\/06\/IMG_8792.jpg?resize=525%2C300&ssl=1 1.5x, https:\/\/i0.wp.com\/www.hoymercedes.com.ar\/principal\/wp-content\/uploads\/2017\/06\/IMG_8792.jpg?resize=700%2C400&ssl=1 2x"},"classes":[]},{"id":73629,"url":"https:\/\/www.hoymercedes.com.ar\/principal\/2018\/03\/19\/roberto-potes-fue-segundo-en-su-categoria-en-los-10k-de-navarro\/","url_meta":{"origin":84275,"position":5},"title":"Roberto Potes fue segundo en su categor\u00eda en los 10k de Navarro","author":"hoymercedes","date":"19 marzo, 2018","format":false,"excerpt":"El mercedino Roberto Potes volvi\u00f3 a realizar una gran carrera. En esta oportunidad fue en Navarro, donde se desarroll\u00f3 el 1\u00b0 Marat\u00f3n Solidario\u00a0a total beneficio del Hogar Santa Mar\u00eda del Camino con distancias de\u00a0diez, tres y un kil\u00f3metros de Navarro, evento organizado por la Direcci\u00f3n de Deportes de la Municipalidad\u2026","rel":"","context":"En \u00abDeportes\u00bb","block_context":{"text":"Deportes","link":"https:\/\/www.hoymercedes.com.ar\/principal\/category\/deportes\/"},"img":{"alt_text":"","src":"https:\/\/i0.wp.com\/www.hoymercedes.com.ar\/principal\/wp-content\/uploads\/2018\/03\/Roberto-Poter-10K-Navarro.jpg?resize=350%2C200&ssl=1","width":350,"height":200,"srcset":"https:\/\/i0.wp.com\/www.hoymercedes.com.ar\/principal\/wp-content\/uploads\/2018\/03\/Roberto-Poter-10K-Navarro.jpg?resize=350%2C200&ssl=1 1x, https:\/\/i0.wp.com\/www.hoymercedes.com.ar\/principal\/wp-content\/uploads\/2018\/03\/Roberto-Poter-10K-Navarro.jpg?resize=525%2C300&ssl=1 1.5x, https:\/\/i0.wp.com\/www.hoymercedes.com.ar\/principal\/wp-content\/uploads\/2018\/03\/Roberto-Poter-10K-Navarro.jpg?resize=700%2C400&ssl=1 2x"},"classes":[]}],"_links":{"self":[{"href":"https:\/\/www.hoymercedes.com.ar\/principal\/wp-json\/wp\/v2\/posts\/84275","targetHints":{"allow":["GET"]}}],"collection":[{"href":"https:\/\/www.hoymercedes.com.ar\/principal\/wp-json\/wp\/v2\/posts"}],"about":[{"href":"https:\/\/www.hoymercedes.com.ar\/principal\/wp-json\/wp\/v2\/types\/post"}],"author":[{"embeddable":true,"href":"https:\/\/www.hoymercedes.com.ar\/principal\/wp-json\/wp\/v2\/users\/1"}],"replies":[{"embeddable":true,"href":"https:\/\/www.hoymercedes.com.ar\/principal\/wp-json\/wp\/v2\/comments?post=84275"}],"version-history":[{"count":0,"href":"https:\/\/www.hoymercedes.com.ar\/principal\/wp-json\/wp\/v2\/posts\/84275\/revisions"}],"wp:featuredmedia":[{"embeddable":true,"href":"https:\/\/www.hoymercedes.com.ar\/principal\/wp-json\/wp\/v2\/media\/84276"}],"wp:attachment":[{"href":"https:\/\/www.hoymercedes.com.ar\/principal\/wp-json\/wp\/v2\/media?parent=84275"}],"wp:term":[{"taxonomy":"category","embeddable":true,"href":"https:\/\/www.hoymercedes.com.ar\/principal\/wp-json\/wp\/v2\/categories?post=84275"},{"taxonomy":"post_tag","embeddable":true,"href":"https:\/\/www.hoymercedes.com.ar\/principal\/wp-json\/wp\/v2\/tags?post=84275"}],"curies":[{"name":"wp","href":"https:\/\/api.w.org\/{rel}","templated":true}]}}