{"id":8430,"date":"2011-10-20T12:42:53","date_gmt":"2011-10-20T12:42:53","guid":{"rendered":"http:\/\/www.hoymercedes.com.ar\/principal\/?p=8430"},"modified":"2011-10-20T12:42:53","modified_gmt":"2011-10-20T12:42:53","slug":"solo-el-fmpv-realizara-acto-de-cierre-de-campana","status":"publish","type":"post","link":"https:\/\/www.hoymercedes.com.ar\/principal\/2011\/10\/20\/solo-el-fmpv-realizara-acto-de-cierre-de-campana\/","title":{"rendered":"S\u00f3lo el FMPV realizar\u00e1 acto de cierre de campa\u00f1a"},"content":{"rendered":"<p><a href=\"https:\/\/www.hoymercedes.com.ar\/principal\/wp-content\/uploads\/2011\/10\/FrenteMercedino.jpg\"><img loading=\"lazy\" decoding=\"async\" data-attachment-id=\"8432\" data-permalink=\"https:\/\/www.hoymercedes.com.ar\/principal\/2011\/10\/20\/solo-el-fmpv-realizara-acto-de-cierre-de-campana\/frentemercedino\/#main\" data-orig-file=\"https:\/\/www.hoymercedes.com.ar\/principal\/wp-content\/uploads\/2011\/10\/FrenteMercedino.jpg\" data-orig-size=\"612,459\" data-comments-opened=\"1\" data-image-meta=\"{&quot;aperture&quot;:&quot;2.8&quot;,&quot;credit&quot;:&quot;&quot;,&quot;camera&quot;:&quot;COOLPIX L10&quot;,&quot;caption&quot;:&quot;&quot;,&quot;created_timestamp&quot;:&quot;1318864034&quot;,&quot;copyright&quot;:&quot;Copyright 2006&quot;,&quot;focal_length&quot;:&quot;6.2&quot;,&quot;iso&quot;:&quot;400&quot;,&quot;shutter_speed&quot;:&quot;0.016666666666667&quot;,&quot;title&quot;:&quot;&quot;}\" data-image-title=\"FrenteMercedino\" data-image-description=\"\" data-image-caption=\"\" data-large-file=\"https:\/\/www.hoymercedes.com.ar\/principal\/wp-content\/uploads\/2011\/10\/FrenteMercedino.jpg\" class=\"aligncenter size-full wp-image-8432\" title=\"FrenteMercedino\" src=\"https:\/\/www.hoymercedes.com.ar\/principal\/wp-content\/uploads\/2011\/10\/FrenteMercedino.jpg\" alt=\"\" width=\"612\" height=\"459\" \/><\/a><\/p>\n<p>Quiz\u00e1s se pueda argumentar como excusa para que la mayor\u00eda de los partidos que han postulado candidatos a intendente, concejales y consejeros escolares en nuestra ciudad para no efectuar los tradicionales actos de cierre de campa\u00f1a el hecho de haberse generado un verdadero desgaste con las dos elecciones pactadas en el escaso lapso de sesenta d\u00edas entre la interna obligatoria del 14 de agosto y las generales del domingo pr\u00f3ximo, pero lo cierto es que tal solo el Frente Mercedino para la Victoria ha convocado a sus simpatizantes para compartir como cierre de la prolongada campa\u00f1a una caminata por diferentes sectores de la ciudad que se llevar\u00e1 a cabo hoy a partir de las 18.00 con salida desde el local partidario en calle 25 entre 14 y 16.<\/p>\n<p>El resto de las fuerzas pol\u00edticas locales ha tenido un comportamiento diferente, ya que la mayor\u00eda se inclin\u00f3 por un cierre muy modesto que consisti\u00f3 tan solo en una convocatoria a los medios de prensa donde los principales candidatos sintetizaron de alguna manera las propuestas que a lo largo de los \u00faltimos meses dieron a conocer a la poblaci\u00f3n, tal el caso de la Coalici\u00f3n C\u00edvica-ARI que reuni\u00f3 a los medios en el local partidario de 18 entre 17 y 19 mientras que el Frente de Izquierda y los trabajadores lo hizo en Plaza San Mart\u00edn utilizando uno de los lugares reservados por la confiter\u00eda ubicada en la 29 y 26 y por \u00faltimo, todos en horas de la ma\u00f1ana entre las 10.00 y las 12.00, el radicalismo aprovecho la llegada a nuestra ciudad de los legisladores Cecilia Moreau y Santiago Nino para convocar a la prensa en una confiter\u00eda de la calle 24.<\/p>\n<p>La gran inc\u00f3gnita era conocer que actitud adoptar\u00edan los dos grupos que en definitiva apoyan la reelecci\u00f3n de Cristina Fern\u00e1ndez y Daniel Scioli, es decir el Frente para la Victoria (Carlos Selva) y el Frente Mercedino para la Victoria (Juani Ustarroz) y en tal sentido la actual conducci\u00f3n del gobierno municipal resolvi\u00f3 no convocar a ning\u00fan acto o caravana de cierre sino que prefiri\u00f3 utilizar dicho tiempo en terminar de preparar todo lo relacionado con el despliegue del domingo mientras que los referentes de Juan Ignacio Ustarroz precisaron en horas de la tarde de ayer que realizar\u00e1n hoy a partir de las 18.00 una caminata con la totalidad de los candidatos por diferentes sectores de nuestra ciudad. Cabe consignar que anoche los locales de 29 entre 20 y 22 y el de 25 entre 14 y 16 eran los \u00fanicos que ten\u00edan en su interior y en las veredas una gran cantidad de militantes cumpliendo diferentes tareas relacionadas con lo que se llevar\u00e1 a cabo durante y despu\u00e9s de las elecciones del domingo.<\/p>\n<p>Por su parte en el local de 27 entre 28 y 30 perteneciente al Frente Popular (Juan Carlos Ben\u00edtez) en menor intensidad pero tambi\u00e9n trabajaba un interesante grupo de militantes pero se nos informaba que no se iba a realizar ning\u00fan acto de finalizaci\u00f3n de la campa\u00f1a, pero m\u00e1s all\u00e1 de todo esto sin lugar a dudas la noticia m\u00e1s impactante de ayer fue la dada a conocer por el candidato a Intendente por el Partido de los Rodr\u00edguez Saa, Gabriel \u00c1lvarez quien afirm\u00f3 que no se le hab\u00edan proporcionado las boletas con la totalidad de los cuerpos habilitados ya que adem\u00e1s de la consabida ausencia de la de candidato a Gobernador ya que apoyan a De Narv\u00e1ez, tambi\u00e9n faltaba la local, es decir la que lo postulaba a candidato a intendente.<\/p>\n<p>\u00c1lvarez sostuvo \u201clas \u00fanicas que seguramente estar\u00e1n con los cinco cuerpos ser\u00e1 las 20 que la Junta Electoral entrega para cada candidato junto con la Urna receptora de votos, as\u00ed que realmente no se que se ha querido hacer, incluso hasta hoy telef\u00f3nicamente me pidieron que bajara en forma oficial mi candidatura cosa que no estoy dispuesto a realizar\u201d.,<\/p>\n","protected":false},"excerpt":{"rendered":"<p>Quiz\u00e1s se pueda argumentar como excusa para que la mayor\u00eda de los partidos que han postulado candidatos a intendente, concejales &#8230; <a title=\"S\u00f3lo el FMPV realizar\u00e1 acto de cierre de campa\u00f1a\" class=\"read-more\" href=\"https:\/\/www.hoymercedes.com.ar\/principal\/2011\/10\/20\/solo-el-fmpv-realizara-acto-de-cierre-de-campana\/\" aria-label=\"Leer m\u00e1s sobre S\u00f3lo el FMPV realizar\u00e1 acto de cierre de campa\u00f1a\">Leer m\u00e1s<\/a><\/p>\n","protected":false},"author":1,"featured_media":0,"comment_status":"open","ping_status":"open","sticky":false,"template":"","format":"standard","meta":{"_monsterinsights_skip_tracking":false,"_monsterinsights_sitenote_active":false,"_monsterinsights_sitenote_note":"","_monsterinsights_sitenote_category":0,"jetpack_post_was_ever_published":false,"_jetpack_newsletter_access":"","_jetpack_dont_email_post_to_subs":false,"_jetpack_newsletter_tier_id":0,"_jetpack_memberships_contains_paywalled_content":false,"_jetpack_memberships_contains_paid_content":false,"footnotes":"","jetpack_publicize_message":"","jetpack_publicize_feature_enabled":true,"jetpack_social_post_already_shared":false,"jetpack_social_options":{"image_generator_settings":{"template":"highway","default_image_id":0,"font":"","enabled":false},"version":2},"_wpas_customize_per_network":false},"categories":[5],"tags":[562],"class_list":["post-8430","post","type-post","status-publish","format-standard","hentry","category-politica","tag-frente-para-la-victoria","generate-columns","tablet-grid-50","mobile-grid-100","grid-parent","grid-50"],"jetpack_publicize_connections":[],"jetpack_featured_media_url":"","wps_subtitle":"","jetpack_sharing_enabled":true,"_links":{"self":[{"href":"https:\/\/www.hoymercedes.com.ar\/principal\/wp-json\/wp\/v2\/posts\/8430","targetHints":{"allow":["GET"]}}],"collection":[{"href":"https:\/\/www.hoymercedes.com.ar\/principal\/wp-json\/wp\/v2\/posts"}],"about":[{"href":"https:\/\/www.hoymercedes.com.ar\/principal\/wp-json\/wp\/v2\/types\/post"}],"author":[{"embeddable":true,"href":"https:\/\/www.hoymercedes.com.ar\/principal\/wp-json\/wp\/v2\/users\/1"}],"replies":[{"embeddable":true,"href":"https:\/\/www.hoymercedes.com.ar\/principal\/wp-json\/wp\/v2\/comments?post=8430"}],"version-history":[{"count":0,"href":"https:\/\/www.hoymercedes.com.ar\/principal\/wp-json\/wp\/v2\/posts\/8430\/revisions"}],"wp:attachment":[{"href":"https:\/\/www.hoymercedes.com.ar\/principal\/wp-json\/wp\/v2\/media?parent=8430"}],"wp:term":[{"taxonomy":"category","embeddable":true,"href":"https:\/\/www.hoymercedes.com.ar\/principal\/wp-json\/wp\/v2\/categories?post=8430"},{"taxonomy":"post_tag","embeddable":true,"href":"https:\/\/www.hoymercedes.com.ar\/principal\/wp-json\/wp\/v2\/tags?post=8430"}],"curies":[{"name":"wp","href":"https:\/\/api.w.org\/{rel}","templated":true}]}}