{"id":84309,"date":"2018-11-20T20:44:08","date_gmt":"2018-11-20T23:44:08","guid":{"rendered":"http:\/\/www.hoymercedes.com.ar\/principal\/?p=84309"},"modified":"2018-11-21T17:31:00","modified_gmt":"2018-11-21T20:31:00","slug":"de-pedro-juro-y-asumio-como-consejero-de-la-magistratura","status":"publish","type":"post","link":"https:\/\/www.hoymercedes.com.ar\/principal\/2018\/11\/20\/de-pedro-juro-y-asumio-como-consejero-de-la-magistratura\/","title":{"rendered":"De Pedro jur\u00f3 y asumi\u00f3 como consejero de la magistratura"},"content":{"rendered":"<p>&nbsp;<\/p>\n<figure id=\"attachment_84310\" aria-describedby=\"caption-attachment-84310\" style=\"width: 948px\" class=\"wp-caption aligncenter\"><img loading=\"lazy\" decoding=\"async\" data-attachment-id=\"84310\" data-permalink=\"https:\/\/www.hoymercedes.com.ar\/principal\/2018\/11\/20\/de-pedro-juro-y-asumio-como-consejero-de-la-magistratura\/img-20181120-wa0297\/#main\" data-orig-file=\"https:\/\/www.hoymercedes.com.ar\/principal\/wp-content\/uploads\/2018\/11\/IMG-20181120-WA0297.jpg\" data-orig-size=\"958,639\" data-comments-opened=\"0\" data-image-meta=\"{&quot;aperture&quot;:&quot;0&quot;,&quot;credit&quot;:&quot;&quot;,&quot;camera&quot;:&quot;&quot;,&quot;caption&quot;:&quot;&quot;,&quot;created_timestamp&quot;:&quot;0&quot;,&quot;copyright&quot;:&quot;&quot;,&quot;focal_length&quot;:&quot;0&quot;,&quot;iso&quot;:&quot;0&quot;,&quot;shutter_speed&quot;:&quot;0&quot;,&quot;title&quot;:&quot;&quot;,&quot;orientation&quot;:&quot;0&quot;}\" data-image-title=\"wadodepedro\" data-image-description=\"\" data-image-caption=\"&lt;p&gt;Eduardo de Pedro&lt;\/p&gt;\n\" data-large-file=\"https:\/\/www.hoymercedes.com.ar\/principal\/wp-content\/uploads\/2018\/11\/IMG-20181120-WA0297.jpg\" class=\"size-full wp-image-84310\" src=\"https:\/\/www.hoymercedes.com.ar\/principal\/wp-content\/uploads\/2018\/11\/IMG-20181120-WA0297.jpg\" alt=\"\" width=\"958\" height=\"639\" srcset=\"https:\/\/www.hoymercedes.com.ar\/principal\/wp-content\/uploads\/2018\/11\/IMG-20181120-WA0297.jpg 958w, https:\/\/www.hoymercedes.com.ar\/principal\/wp-content\/uploads\/2018\/11\/IMG-20181120-WA0297-150x100.jpg 150w, https:\/\/www.hoymercedes.com.ar\/principal\/wp-content\/uploads\/2018\/11\/IMG-20181120-WA0297-630x420.jpg 630w\" sizes=\"auto, (max-width: 958px) 100vw, 958px\" \/><figcaption id=\"caption-attachment-84310\" class=\"wp-caption-text\">Eduardo de Pedro<\/figcaption><\/figure>\n<p>&nbsp;<\/p>\n<p style=\"font-weight: 400;\">El diputado nacional y mercedino Eduardo de Pedro jur\u00f3 y asumi\u00f3 como integrante del Consejo de la Magistratura frente a los miembros de la Corte Suprema de Justicia<\/p>\n<p style=\"font-weight: 400;\">El mercedino sostuvo que \u201cjur\u00e9 como consejero de la magistratura. Vamos a trabajar para que vuelva a regir plenamente el Estado de Derecho\u201d.<\/p>\n<p style=\"font-weight: 400;\">Seg\u00fan fuentes parlamentarias, De Pedro fue elegido en este importante cargo \u201cpor su condici\u00f3n de hombre de di\u00e1logo y consenso\u201d que ser\u00e1 muy importante para articular acuerdos en el seno del Consejo que dejar\u00e1 de tener mayor\u00eda autom\u00e1tica del oficialismo. Tambi\u00e9n destacaron \u201csu excelente relaci\u00f3n con los gobernadores peronistas con importante peso en el organismo\u201d.<\/p>\n<blockquote class=\"twitter-tweet\" data-lang=\"es\">\n<p dir=\"ltr\" lang=\"es\">Jur\u00e9 como consejero de la magistratura. Vamos a trabajar para que vuelva a regir plenamente el Estado de Derecho. <a href=\"https:\/\/t.co\/XeCNcG0f7w\">pic.twitter.com\/XeCNcG0f7w<\/a><\/p>\n<p>\u2014 Wado de Pedro \ud83c\udde6\ud83c\uddf7 (@wadodecorrido) <a href=\"https:\/\/twitter.com\/wadodecorrido\/status\/1065012818133614592?ref_src=twsrc%5Etfw\" target=\"_blank\" rel=\"noopener\">20 de noviembre de 2018<\/a><\/p><\/blockquote>\n<p style=\"text-align: center;\">\n<script async src=\"https:\/\/platform.twitter.com\/widgets.js\" charset=\"utf-8\"><\/script><\/p>\n<p style=\"font-weight: 400;\">Acompa\u00f1ar\u00e1 a De Pedro la diputada del Frente Renovador, Graciela Cama\u00f1o. Por su parte, Cambiemos seguir\u00e1 siendo representado por el Diputado porte\u00f1o Pablo Tonelli. Con esta nueva conformaci\u00f3n Cambiemos pierde la mayor\u00eda que ten\u00eda y que le permit\u00eda remover jueces<\/p>\n<p style=\"font-weight: 400;\">El Consejo de la Magistratura es un organismo fundamental de nuestro sistema republicano creado por la Constituci\u00f3n de 1994. Se encarga de la administraci\u00f3n del Poder Judicial, destac\u00e1ndose las tareas de selecci\u00f3n, control, sanci\u00f3n y remoci\u00f3n de los jueces.<\/p>\n","protected":false},"excerpt":{"rendered":"<p>&nbsp; &nbsp; El diputado nacional y mercedino Eduardo de Pedro jur\u00f3 y asumi\u00f3 como integrante del Consejo de la Magistratura &#8230; <a title=\"De Pedro jur\u00f3 y asumi\u00f3 como consejero de la magistratura\" class=\"read-more\" href=\"https:\/\/www.hoymercedes.com.ar\/principal\/2018\/11\/20\/de-pedro-juro-y-asumio-como-consejero-de-la-magistratura\/\" aria-label=\"Leer m\u00e1s sobre De Pedro jur\u00f3 y asumi\u00f3 como consejero de la magistratura\">Leer m\u00e1s<\/a><\/p>\n","protected":false},"author":1,"featured_media":84310,"comment_status":"closed","ping_status":"open","sticky":false,"template":"","format":"standard","meta":{"_monsterinsights_skip_tracking":false,"_monsterinsights_sitenote_active":false,"_monsterinsights_sitenote_note":"","_monsterinsights_sitenote_category":0,"jetpack_post_was_ever_published":false,"_jetpack_newsletter_access":"","_jetpack_dont_email_post_to_subs":false,"_jetpack_newsletter_tier_id":0,"_jetpack_memberships_contains_paywalled_content":false,"_jetpack_memberships_contains_paid_content":false,"footnotes":"","jetpack_publicize_message":"","jetpack_publicize_feature_enabled":true,"jetpack_social_post_already_shared":true,"jetpack_social_options":{"image_generator_settings":{"template":"highway","default_image_id":0,"font":"","enabled":false},"version":2},"_wpas_customize_per_network":false},"categories":[5210],"tags":[4437,7500,2686,1728],"class_list":["post-84309","post","type-post","status-publish","format-standard","has-post-thumbnail","hentry","category-politica-nacional","tag-consejo-de-la-magistratura","tag-diputado-nacional","tag-eduardo-de-pedro","tag-wado","generate-columns","tablet-grid-50","mobile-grid-100","grid-parent","grid-50"],"jetpack_publicize_connections":[],"jetpack_featured_media_url":"https:\/\/www.hoymercedes.com.ar\/principal\/wp-content\/uploads\/2018\/11\/IMG-20181120-WA0297.jpg","wps_subtitle":"Rol institutucional","jetpack_sharing_enabled":true,"_links":{"self":[{"href":"https:\/\/www.hoymercedes.com.ar\/principal\/wp-json\/wp\/v2\/posts\/84309","targetHints":{"allow":["GET"]}}],"collection":[{"href":"https:\/\/www.hoymercedes.com.ar\/principal\/wp-json\/wp\/v2\/posts"}],"about":[{"href":"https:\/\/www.hoymercedes.com.ar\/principal\/wp-json\/wp\/v2\/types\/post"}],"author":[{"embeddable":true,"href":"https:\/\/www.hoymercedes.com.ar\/principal\/wp-json\/wp\/v2\/users\/1"}],"replies":[{"embeddable":true,"href":"https:\/\/www.hoymercedes.com.ar\/principal\/wp-json\/wp\/v2\/comments?post=84309"}],"version-history":[{"count":0,"href":"https:\/\/www.hoymercedes.com.ar\/principal\/wp-json\/wp\/v2\/posts\/84309\/revisions"}],"wp:featuredmedia":[{"embeddable":true,"href":"https:\/\/www.hoymercedes.com.ar\/principal\/wp-json\/wp\/v2\/media\/84310"}],"wp:attachment":[{"href":"https:\/\/www.hoymercedes.com.ar\/principal\/wp-json\/wp\/v2\/media?parent=84309"}],"wp:term":[{"taxonomy":"category","embeddable":true,"href":"https:\/\/www.hoymercedes.com.ar\/principal\/wp-json\/wp\/v2\/categories?post=84309"},{"taxonomy":"post_tag","embeddable":true,"href":"https:\/\/www.hoymercedes.com.ar\/principal\/wp-json\/wp\/v2\/tags?post=84309"}],"curies":[{"name":"wp","href":"https:\/\/api.w.org\/{rel}","templated":true}]}}