{"id":84318,"date":"2018-11-21T08:49:42","date_gmt":"2018-11-21T11:49:42","guid":{"rendered":"http:\/\/www.hoymercedes.com.ar\/principal\/?p=84318"},"modified":"2018-11-20T22:17:29","modified_gmt":"2018-11-21T01:17:29","slug":"primera-cirugia-local-de-gravedad-y-avance-del-programa-mercedes-sonrie","status":"publish","type":"post","link":"https:\/\/www.hoymercedes.com.ar\/principal\/2018\/11\/21\/primera-cirugia-local-de-gravedad-y-avance-del-programa-mercedes-sonrie\/","title":{"rendered":"Primera cirug\u00eda local de gravedad y avance del programa \u00abMercedes Sonr\u00ede\u00bb"},"content":{"rendered":"<figure id=\"attachment_84324\" aria-describedby=\"caption-attachment-84324\" style=\"width: 901px\" class=\"wp-caption aligncenter\"><img loading=\"lazy\" decoding=\"async\" data-attachment-id=\"84324\" data-permalink=\"https:\/\/www.hoymercedes.com.ar\/principal\/2018\/11\/21\/primera-cirugia-local-de-gravedad-y-avance-del-programa-mercedes-sonrie\/mercedessonrie2\/#main\" data-orig-file=\"https:\/\/www.hoymercedes.com.ar\/principal\/wp-content\/uploads\/2018\/11\/MercedesSonrie2.jpg\" data-orig-size=\"911,608\" data-comments-opened=\"0\" data-image-meta=\"{&quot;aperture&quot;:&quot;0&quot;,&quot;credit&quot;:&quot;&quot;,&quot;camera&quot;:&quot;&quot;,&quot;caption&quot;:&quot;&quot;,&quot;created_timestamp&quot;:&quot;0&quot;,&quot;copyright&quot;:&quot;&quot;,&quot;focal_length&quot;:&quot;0&quot;,&quot;iso&quot;:&quot;0&quot;,&quot;shutter_speed&quot;:&quot;0&quot;,&quot;title&quot;:&quot;&quot;,&quot;orientation&quot;:&quot;0&quot;}\" data-image-title=\"MercedesSonrie2\" data-image-description=\"\" data-image-caption=\"&lt;p&gt;Mercedes Sonr\u00ede &lt;\/p&gt;\n\" data-large-file=\"https:\/\/www.hoymercedes.com.ar\/principal\/wp-content\/uploads\/2018\/11\/MercedesSonrie2.jpg\" class=\"size-full wp-image-84324\" src=\"https:\/\/www.hoymercedes.com.ar\/principal\/wp-content\/uploads\/2018\/11\/MercedesSonrie2.jpg\" alt=\"\" width=\"911\" height=\"608\" srcset=\"https:\/\/www.hoymercedes.com.ar\/principal\/wp-content\/uploads\/2018\/11\/MercedesSonrie2.jpg 911w, https:\/\/www.hoymercedes.com.ar\/principal\/wp-content\/uploads\/2018\/11\/MercedesSonrie2-150x100.jpg 150w, https:\/\/www.hoymercedes.com.ar\/principal\/wp-content\/uploads\/2018\/11\/MercedesSonrie2-630x420.jpg 630w\" sizes=\"auto, (max-width: 911px) 100vw, 911px\" \/><figcaption id=\"caption-attachment-84324\" class=\"wp-caption-text\">Mercedes Sonr\u00ede<\/figcaption><\/figure>\n<p style=\"font-weight: 400;\">\n<p style=\"font-weight: 400;\">El intendente de nuestra ciudad, el Dr. Juan Ignacio Ustarroz visit\u00f3 junto al Secretario de Salud, uno de los lugares donde se desarrolla el programa Municipal \u201cMercedes Sonr\u00ede\u201d. En esta oportunidad estuvieron en el tr\u00e1iler emplazado en el Complejo Cultural La Trocha. \u201cYa son 800 personas a las cuales se les transform\u00f3 la vida, se les brind\u00f3 salud, se les ofreci\u00f3 un recurso que a muchos les era inaccesible\u201d expres\u00f3 el jefe comunal Ustarroz.\u00a0 Lo hizo en la jornada en que se practicaba la primera cirug\u00eda importante y compleja realizada \u00edntegramente por los profesionales del programa.<\/p>\n<p style=\"font-weight: 400;\">\u201cNos pone muy felices poder ver las realizaciones y la continuidad de una pol\u00edtica, que lamentablemente a nivel Provincial y Nacional dej\u00f3 de estar, pero que en nuestra ciudad lo seguimos haciendo\u201d formul\u00f3 el Dr. Ustarroz.<\/p>\n<p style=\"font-weight: 400;\">A su vez, el intendente Ustarroz remarc\u00f3 \u201cel compromiso de los trabajadores, lo cual ha sido determinante para nosotros al momento de encarar un plan de salud bucal que hoy ya cuenta -en diferentes puntos de la ciudad- con tres consultorios odontol\u00f3gicos a los que les vamos a sumar 6 m\u00e1s\u201d y a\u00f1adi\u00f3 \u201cesto se debe al compromiso de todo este trabajo que se est\u00e1 llevando adelante, con mucha responsabilidad, amor, ganas y entusiasmo, algo que la gente percibe y agradece\u201d.<\/p>\n<p style=\"font-weight: 400;\">Los procesos de salud que se llevan a cabo en este programa son muy largos, llegan a durar meses, pero donde se obtienen excelentes resultados \u201ccreo que desde el punto de vista de una sociedad que incluye, que otorga oportunidades y que trabaja por la salud de todos los mercedinos, este programa es muy importante\u201d destac\u00f3\u00a0 el jefe comunal Ustarroz y sostuvo \u201cnos impulsa como Estado a seguir traz\u00e1ndonos objetivos, cumplirlos y seguir adelante en post del bienestar de todos\u201d.<\/p>\n<p style=\"font-weight: 400;\">Esta pol\u00edtica p\u00fablica que se desarrolla en la ciudad, y que apunta espec\u00edficamente a la salud Bucal, se afirma en tres pilares: la continuaci\u00f3n del programa argentina Sonr\u00ede, la constituci\u00f3n y creaci\u00f3n de consultorios odontol\u00f3gicos -ya se inauguraron tres y est\u00e1n proyectados construir 6 m\u00e1s- y la constituci\u00f3n de la ciudad como una sede acad\u00e9mica de la Facultad de Odontolog\u00eda de la Plata.<\/p>\n<p style=\"font-weight: 400;\">En ese sentido, es importante recalcar que contabilizando los tres consultorios &#8211; que actualmente brindan servicios en la ciudad- m\u00e1s de 20 mil vecinos son beneficiados por esta pol\u00edtica llevada adelante desde el Municipio.<\/p>\n<p style=\"font-weight: 400;\">El secretario de salud, Pablo Cassiani qui\u00e9n estuvo en la recorrida indic\u00f3 \u201ces emocionante cada vez que uno viene, por ejemplo, los d\u00edas viernes, que son los d\u00edas que se colocan las pr\u00f3tesis -luego de un proceso muy largo- ver la felicidad \u00a0y como le cambia la cara al paciente, algo que reconforta mucho\u201d.<\/p>\n<p style=\"font-weight: 400;\">Adem\u00e1s, el Secretario de salud destac\u00f3 \u201cel trabajo que estamos llevando adelante, con el apoyo que nos da el intendente Juan Ignacio Ustarroz, es muy importante para la ciudad\u201d e indic\u00f3 \u201ceste fue el primer desaf\u00edo de la gesti\u00f3n, cuando nos enteramos que se hab\u00eda ca\u00eddo el programa y por decisi\u00f3n del intendente Ustarroz pudimos municipalizarlo y transformarlo en \u201cMercedes sonr\u00ede\u201d.<\/p>\n<p style=\"font-weight: 400;\">\n<p style=\"font-weight: 400;\">Este programa ya lleva atendidos m\u00e1s de 800 mercedinos \u201ctodos estos vecinos volvieron a sonre\u00edr, y esto no s\u00f3lo influye a nivel est\u00e9tico, sino que adem\u00e1s, repercute a nivel salud. Por ejemplo, debido al faltante de piezas dentales se producen problemas a nivel gastrointestinal, ya que no logran digerir la comida -la primera digesti\u00f3n se produce de manera mec\u00e1nica en la boca-\u201d explic\u00f3 Pablo Cassiani.<\/p>\n<p style=\"font-weight: 400;\">Asimismo, el Secretario de Salud sostuvo \u201cmuchos vecinos nos contaban que esta recuperaci\u00f3n les dio el impulso de salir a buscar trabajo, ya que presentarse a una entrevista les resultaba dificultoso o les daba verg\u00fcenza\u201d y agreg\u00f3 \u201cesto representa un avance en la vida de la gente\u201d.<\/p>\n<p>&nbsp;<\/p>\n<p><span style=\"color: #808080;\">Info: Sec. de Salud\u00a0<\/span><\/p>\n","protected":false},"excerpt":{"rendered":"<p>El intendente de nuestra ciudad, el Dr. Juan Ignacio Ustarroz visit\u00f3 junto al Secretario de Salud, uno de los lugares &#8230; <a title=\"Primera cirug\u00eda local de gravedad y avance del programa \u00abMercedes Sonr\u00ede\u00bb\" class=\"read-more\" href=\"https:\/\/www.hoymercedes.com.ar\/principal\/2018\/11\/21\/primera-cirugia-local-de-gravedad-y-avance-del-programa-mercedes-sonrie\/\" aria-label=\"Leer m\u00e1s sobre Primera cirug\u00eda local de gravedad y avance del programa \u00abMercedes Sonr\u00ede\u00bb\">Leer m\u00e1s<\/a><\/p>\n","protected":false},"author":1,"featured_media":84324,"comment_status":"closed","ping_status":"open","sticky":false,"template":"","format":"standard","meta":{"_monsterinsights_skip_tracking":false,"_monsterinsights_sitenote_active":false,"_monsterinsights_sitenote_note":"","_monsterinsights_sitenote_category":0,"jetpack_post_was_ever_published":false,"_jetpack_newsletter_access":"","_jetpack_dont_email_post_to_subs":false,"_jetpack_newsletter_tier_id":0,"_jetpack_memberships_contains_paywalled_content":false,"_jetpack_memberships_contains_paid_content":false,"footnotes":"","jetpack_publicize_message":"","jetpack_publicize_feature_enabled":true,"jetpack_social_post_already_shared":true,"jetpack_social_options":{"image_generator_settings":{"template":"highway","default_image_id":0,"font":"","enabled":false},"version":2},"_wpas_customize_per_network":false},"categories":[30],"tags":[8637,10152,13540,424],"class_list":["post-84318","post","type-post","status-publish","format-standard","has-post-thumbnail","hentry","category-municipio","tag-cassiani","tag-mercedes-sonrie","tag-odontologia-mercedes","tag-ustarroz","generate-columns","tablet-grid-50","mobile-grid-100","grid-parent","grid-50"],"jetpack_publicize_connections":[],"jetpack_featured_media_url":"https:\/\/www.hoymercedes.com.ar\/principal\/wp-content\/uploads\/2018\/11\/MercedesSonrie2.jpg","wps_subtitle":"Salud Bucal","jetpack_sharing_enabled":true,"_links":{"self":[{"href":"https:\/\/www.hoymercedes.com.ar\/principal\/wp-json\/wp\/v2\/posts\/84318","targetHints":{"allow":["GET"]}}],"collection":[{"href":"https:\/\/www.hoymercedes.com.ar\/principal\/wp-json\/wp\/v2\/posts"}],"about":[{"href":"https:\/\/www.hoymercedes.com.ar\/principal\/wp-json\/wp\/v2\/types\/post"}],"author":[{"embeddable":true,"href":"https:\/\/www.hoymercedes.com.ar\/principal\/wp-json\/wp\/v2\/users\/1"}],"replies":[{"embeddable":true,"href":"https:\/\/www.hoymercedes.com.ar\/principal\/wp-json\/wp\/v2\/comments?post=84318"}],"version-history":[{"count":0,"href":"https:\/\/www.hoymercedes.com.ar\/principal\/wp-json\/wp\/v2\/posts\/84318\/revisions"}],"wp:featuredmedia":[{"embeddable":true,"href":"https:\/\/www.hoymercedes.com.ar\/principal\/wp-json\/wp\/v2\/media\/84324"}],"wp:attachment":[{"href":"https:\/\/www.hoymercedes.com.ar\/principal\/wp-json\/wp\/v2\/media?parent=84318"}],"wp:term":[{"taxonomy":"category","embeddable":true,"href":"https:\/\/www.hoymercedes.com.ar\/principal\/wp-json\/wp\/v2\/categories?post=84318"},{"taxonomy":"post_tag","embeddable":true,"href":"https:\/\/www.hoymercedes.com.ar\/principal\/wp-json\/wp\/v2\/tags?post=84318"}],"curies":[{"name":"wp","href":"https:\/\/api.w.org\/{rel}","templated":true}]}}