{"id":84329,"date":"2018-11-21T10:49:23","date_gmt":"2018-11-21T13:49:23","guid":{"rendered":"http:\/\/www.hoymercedes.com.ar\/principal\/?p=84329"},"modified":"2018-11-21T00:00:59","modified_gmt":"2018-11-21T03:00:59","slug":"se-conmemoro-el-dia-de-la-soberania-nacional-frente-al-monumento-de-j-m-de-rosas","status":"publish","type":"post","link":"https:\/\/www.hoymercedes.com.ar\/principal\/2018\/11\/21\/se-conmemoro-el-dia-de-la-soberania-nacional-frente-al-monumento-de-j-m-de-rosas\/","title":{"rendered":"Se conmemor\u00f3 el D\u00eda de la Soberan\u00eda Nacional frente al monumento de J.M de Rosas"},"content":{"rendered":"<figure id=\"attachment_84331\" aria-describedby=\"caption-attachment-84331\" style=\"width: 1185px\" class=\"wp-caption aligncenter\"><img loading=\"lazy\" decoding=\"async\" data-attachment-id=\"84331\" data-permalink=\"https:\/\/www.hoymercedes.com.ar\/principal\/2018\/11\/21\/se-conmemoro-el-dia-de-la-soberania-nacional-frente-al-monumento-de-j-m-de-rosas\/acto-soberania-1\/#main\" data-orig-file=\"https:\/\/www.hoymercedes.com.ar\/principal\/wp-content\/uploads\/2018\/11\/Acto-Soberan\u00eda-1.jpg\" data-orig-size=\"1195,656\" data-comments-opened=\"0\" data-image-meta=\"{&quot;aperture&quot;:&quot;0&quot;,&quot;credit&quot;:&quot;&quot;,&quot;camera&quot;:&quot;&quot;,&quot;caption&quot;:&quot;&quot;,&quot;created_timestamp&quot;:&quot;0&quot;,&quot;copyright&quot;:&quot;&quot;,&quot;focal_length&quot;:&quot;0&quot;,&quot;iso&quot;:&quot;0&quot;,&quot;shutter_speed&quot;:&quot;0&quot;,&quot;title&quot;:&quot;&quot;,&quot;orientation&quot;:&quot;0&quot;}\" data-image-title=\"Acto-Soberan\u00eda-1\" data-image-description=\"\" data-image-caption=\"&lt;p&gt;M\u00f3nica Brown expone en el acto &lt;\/p&gt;\n\" data-large-file=\"https:\/\/www.hoymercedes.com.ar\/principal\/wp-content\/uploads\/2018\/11\/Acto-Soberan\u00eda-1-1024x562.jpg\" class=\"size-full wp-image-84331\" src=\"https:\/\/www.hoymercedes.com.ar\/principal\/wp-content\/uploads\/2018\/11\/Acto-Soberan\u00eda-1.jpg\" alt=\"\" width=\"1195\" height=\"656\" srcset=\"https:\/\/www.hoymercedes.com.ar\/principal\/wp-content\/uploads\/2018\/11\/Acto-Soberan\u00eda-1.jpg 1195w, https:\/\/www.hoymercedes.com.ar\/principal\/wp-content\/uploads\/2018\/11\/Acto-Soberan\u00eda-1-150x82.jpg 150w, https:\/\/www.hoymercedes.com.ar\/principal\/wp-content\/uploads\/2018\/11\/Acto-Soberan\u00eda-1-630x346.jpg 630w, https:\/\/www.hoymercedes.com.ar\/principal\/wp-content\/uploads\/2018\/11\/Acto-Soberan\u00eda-1-1024x562.jpg 1024w\" sizes=\"auto, (max-width: 1195px) 100vw, 1195px\" \/><figcaption id=\"caption-attachment-84331\" class=\"wp-caption-text\">M\u00f3nica Brown expone en el acto<\/figcaption><\/figure>\n<p>Este 20 de noviembre, en el marco de la jornada hist\u00f3rica en la que se llev\u00f3 a cabo la llamada batalla de la Vuelta de Obligado en 1845, el Municipio de Mercedes, encabezado por el intendente el Dr. Juan Ignacio Ustarroz, conmemor\u00f3 el acto del D\u00eda de la Soberan\u00eda Nacional. El mismo fue llevado a cabo frente al busto de Juan Manuel de Rosas en avenida 1 y avenida 40.<\/p>\n<p>Estuvieron presentes autoridades del departamento ejecutivo y legislativo del estado municipal, representantes del Instituto \u201cJuan Manuel de Rosas\u201d, la escuela secundaria N\u00b013, la Escuela de Arte, la Escuela de Danza Ayecam, instituciones de nuestra ciudad y p\u00fablico en general.<\/p>\n<p>En primer lugar, se entonaron las estrofas del Himno Nacional Argentino. Luego se colocaron las ofrendas florales al pie del monumento del Brigadier Juan Manuel de Rosas.<\/p>\n<p><img loading=\"lazy\" decoding=\"async\" data-attachment-id=\"84333\" data-permalink=\"https:\/\/www.hoymercedes.com.ar\/principal\/2018\/11\/21\/se-conmemoro-el-dia-de-la-soberania-nacional-frente-al-monumento-de-j-m-de-rosas\/acto-soberania-3\/#main\" data-orig-file=\"https:\/\/www.hoymercedes.com.ar\/principal\/wp-content\/uploads\/2018\/11\/Acto-Soberan\u00eda-3.jpg\" data-orig-size=\"1211,607\" data-comments-opened=\"0\" data-image-meta=\"{&quot;aperture&quot;:&quot;0&quot;,&quot;credit&quot;:&quot;&quot;,&quot;camera&quot;:&quot;&quot;,&quot;caption&quot;:&quot;&quot;,&quot;created_timestamp&quot;:&quot;0&quot;,&quot;copyright&quot;:&quot;&quot;,&quot;focal_length&quot;:&quot;0&quot;,&quot;iso&quot;:&quot;0&quot;,&quot;shutter_speed&quot;:&quot;0&quot;,&quot;title&quot;:&quot;&quot;,&quot;orientation&quot;:&quot;0&quot;}\" data-image-title=\"Acto-Soberan\u00eda-3\" data-image-description=\"\" data-image-caption=\"\" data-large-file=\"https:\/\/www.hoymercedes.com.ar\/principal\/wp-content\/uploads\/2018\/11\/Acto-Soberan\u00eda-3-1024x513.jpg\" class=\"aligncenter size-full wp-image-84333\" src=\"https:\/\/www.hoymercedes.com.ar\/principal\/wp-content\/uploads\/2018\/11\/Acto-Soberan\u00eda-3.jpg\" alt=\"\" width=\"1211\" height=\"607\" srcset=\"https:\/\/www.hoymercedes.com.ar\/principal\/wp-content\/uploads\/2018\/11\/Acto-Soberan\u00eda-3.jpg 1211w, https:\/\/www.hoymercedes.com.ar\/principal\/wp-content\/uploads\/2018\/11\/Acto-Soberan\u00eda-3-150x75.jpg 150w, https:\/\/www.hoymercedes.com.ar\/principal\/wp-content\/uploads\/2018\/11\/Acto-Soberan\u00eda-3-630x316.jpg 630w, https:\/\/www.hoymercedes.com.ar\/principal\/wp-content\/uploads\/2018\/11\/Acto-Soberan\u00eda-3-1024x513.jpg 1024w\" sizes=\"auto, (max-width: 1211px) 100vw, 1211px\" \/><\/p>\n<p>Por su parte, la escuela de danza Ayecam realizaron danzas tradicionales rememorando el esp\u00edritu de lucha de nuestros antepasado gauchos.<\/p>\n<p>Una vez realizados los actos protocolares, el intendente de nuestra ciudad, el Dr. Ustarroz, expres\u00f3 \u201ces importante estar aqu\u00ed hoy generando este reconocimiento, este encuentro pensando y reflexionando sobre la soberan\u00eda, la cual, es decidir el destino com\u00fan como pa\u00eds de todos los argentinos\u201d y a\u00f1adi\u00f3 \u201cyo no puedo escindirlo de lo que pasa hoy en d\u00eda\u201d.<\/p>\n<p>En ese sentido, el intendente Ustarroz destac\u00f3 \u201cla historia es estudiar el pasado, para comprender el presente y poder proyectar el futuro. Por ello, es necesario estudiarla, defenderla y apropiarnos de nuestra historia. Esto nos ayuda a comprender cu\u00e1les son las cadenas que tenemos hoy como sociedad y como Estado\u201d y subray\u00f3 \u201ca mi juicio hoy lamentablemente el Estado argentino ha cedido soberan\u00eda porque las decisiones econ\u00f3micas no las tomamos nosotros, basta con ver la ley de leyes -presupuesto- para darse cuenta que el mismo fue elaborado por el Fondo Monetario Internacional\u201d.<\/p>\n<p>Conjuntamente, el primer mandatario asegur\u00f3 \u201chay que hablar de esto, porque sin soberan\u00eda pol\u00edtica no tenemos independencia econ\u00f3mica. Defender la soberan\u00eda pol\u00edtica es hacer y defender un solo inter\u00e9s que es el del pueblo, es defender la patria\u201d.<\/p>\n<figure id=\"attachment_84334\" aria-describedby=\"caption-attachment-84334\" style=\"width: 766px\" class=\"wp-caption aligncenter\"><img loading=\"lazy\" decoding=\"async\" data-attachment-id=\"84334\" data-permalink=\"https:\/\/www.hoymercedes.com.ar\/principal\/2018\/11\/21\/se-conmemoro-el-dia-de-la-soberania-nacional-frente-al-monumento-de-j-m-de-rosas\/acto-soberania-2\/#main\" data-orig-file=\"https:\/\/www.hoymercedes.com.ar\/principal\/wp-content\/uploads\/2018\/11\/Acto-Soberan\u00eda-2.jpg\" data-orig-size=\"776,607\" data-comments-opened=\"0\" data-image-meta=\"{&quot;aperture&quot;:&quot;0&quot;,&quot;credit&quot;:&quot;&quot;,&quot;camera&quot;:&quot;&quot;,&quot;caption&quot;:&quot;&quot;,&quot;created_timestamp&quot;:&quot;0&quot;,&quot;copyright&quot;:&quot;&quot;,&quot;focal_length&quot;:&quot;0&quot;,&quot;iso&quot;:&quot;0&quot;,&quot;shutter_speed&quot;:&quot;0&quot;,&quot;title&quot;:&quot;&quot;,&quot;orientation&quot;:&quot;0&quot;}\" data-image-title=\"Acto-Soberan\u00eda-2\" data-image-description=\"\" data-image-caption=\"&lt;p&gt;Acto conmemorativo&lt;\/p&gt;\n\" data-large-file=\"https:\/\/www.hoymercedes.com.ar\/principal\/wp-content\/uploads\/2018\/11\/Acto-Soberan\u00eda-2.jpg\" class=\"size-full wp-image-84334\" src=\"https:\/\/www.hoymercedes.com.ar\/principal\/wp-content\/uploads\/2018\/11\/Acto-Soberan\u00eda-2.jpg\" alt=\"\" width=\"776\" height=\"607\" srcset=\"https:\/\/www.hoymercedes.com.ar\/principal\/wp-content\/uploads\/2018\/11\/Acto-Soberan\u00eda-2.jpg 776w, https:\/\/www.hoymercedes.com.ar\/principal\/wp-content\/uploads\/2018\/11\/Acto-Soberan\u00eda-2-150x117.jpg 150w, https:\/\/www.hoymercedes.com.ar\/principal\/wp-content\/uploads\/2018\/11\/Acto-Soberan\u00eda-2-630x493.jpg 630w\" sizes=\"auto, (max-width: 776px) 100vw, 776px\" \/><figcaption id=\"caption-attachment-84334\" class=\"wp-caption-text\">Acto conmemorativo<\/figcaption><\/figure>\n<p>\u201cDif\u00edcilmente podamos desarrollar un proyecto de pa\u00eds y de ciudad m\u00e1s humano con menos recursos econ\u00f3micos para la educaci\u00f3n, la ciencia y tecnolog\u00eda, la salud, etc\u201d recalc\u00f3 el primer mandatario.<\/p>\n<p>Por otro lado, el Dr. Ustarroz salud\u00f3 y dedic\u00f3 sus palabras a \u201cquienes hacen patria todos los d\u00edas, desde una escuela, una escuela de danza, a los que trabajan para que nuestra patria est\u00e9 mejor\u201d y apunt\u00f3 \u201ccreo que es muy necesario poner sobre la mesa nuestra historia, analizarla, conocerla, comprenderla, saber qu\u00e9 es lo que nos est\u00e1 pasando como pa\u00eds, como pueblo, y proyectar un futuro diferente, donde se respete el derecho de todos\u201d.<\/p>\n<p>M\u00f3nica Brown, integrante del Instituto Juan Manuel de Rosas brind\u00f3 algunas palabras: \u201ces un honor para nosotros como instituto estar presente en este acto del d\u00eda de la Soberan\u00eda Nacional, recordando lo que signific\u00f3 la figura de Rosas defendiendo precisamente nuestra soberan\u00eda -en este caso territorial- sobre los avances de Inglaterra y Francia\u201d y asegur\u00f3 \u201cuno no debe defender la soberan\u00eda s\u00f3lo en lo territorial, sino tambi\u00e9n, en lo cultural y en el pensamiento, armando un pa\u00eds \u00fanico\u201d.<\/p>\n<p>&nbsp;<\/p>\n<p>Adem\u00e1s, explic\u00f3 \u201cquise poner la atenci\u00f3n en el t\u00e9rmino soberan\u00eda que viene del Lat\u00edn \u201csuper Omnia\u201d que significa por encima de todo, un poder supremo\u201d y \u201cuno debe destacar en este d\u00eda que la soberan\u00eda es el supremo poder que tiene un Estado y no hay nadie por encima de ese poder\u201d.<\/p>\n<p>\u201cYo defiendo con la idea, la palabra, apoyando la cultura, mis tradiciones, todo eso significa tener soberan\u00eda, ser un Estado soberano\u201d complet\u00f3 M\u00f3nica Brown.<\/p>\n<p>&nbsp;<\/p>\n<p><span style=\"color: #808080;\">Data: MM<\/span><\/p>\n<p>&nbsp;<\/p>\n<p>&nbsp;<\/p>\n","protected":false},"excerpt":{"rendered":"<p>Este 20 de noviembre, en el marco de la jornada hist\u00f3rica en la que se llev\u00f3 a cabo la llamada &#8230; <a title=\"Se conmemor\u00f3 el D\u00eda de la Soberan\u00eda Nacional frente al monumento de J.M de Rosas\" class=\"read-more\" href=\"https:\/\/www.hoymercedes.com.ar\/principal\/2018\/11\/21\/se-conmemoro-el-dia-de-la-soberania-nacional-frente-al-monumento-de-j-m-de-rosas\/\" aria-label=\"Leer m\u00e1s sobre Se conmemor\u00f3 el D\u00eda de la Soberan\u00eda Nacional frente al monumento de J.M de Rosas\">Leer m\u00e1s<\/a><\/p>\n","protected":false},"author":1,"featured_media":84331,"comment_status":"closed","ping_status":"open","sticky":false,"template":"","format":"standard","meta":{"_monsterinsights_skip_tracking":false,"_monsterinsights_sitenote_active":false,"_monsterinsights_sitenote_note":"","_monsterinsights_sitenote_category":0,"jetpack_post_was_ever_published":false,"_jetpack_newsletter_access":"","_jetpack_dont_email_post_to_subs":false,"_jetpack_newsletter_tier_id":0,"_jetpack_memberships_contains_paywalled_content":false,"_jetpack_memberships_contains_paid_content":false,"footnotes":"","jetpack_publicize_message":"","jetpack_publicize_feature_enabled":true,"jetpack_social_post_already_shared":true,"jetpack_social_options":{"image_generator_settings":{"template":"highway","default_image_id":0,"font":"","enabled":false},"version":2},"_wpas_customize_per_network":false},"categories":[8],"tags":[14079,424],"class_list":["post-84329","post","type-post","status-publish","format-standard","has-post-thumbnail","hentry","category-sociedad","tag-dia-soberania-nacional","tag-ustarroz","generate-columns","tablet-grid-50","mobile-grid-100","grid-parent","grid-50"],"jetpack_publicize_connections":[],"jetpack_featured_media_url":"https:\/\/www.hoymercedes.com.ar\/principal\/wp-content\/uploads\/2018\/11\/Acto-Soberan\u00eda-1.jpg","wps_subtitle":"Historia nacional ","jetpack_sharing_enabled":true,"_links":{"self":[{"href":"https:\/\/www.hoymercedes.com.ar\/principal\/wp-json\/wp\/v2\/posts\/84329","targetHints":{"allow":["GET"]}}],"collection":[{"href":"https:\/\/www.hoymercedes.com.ar\/principal\/wp-json\/wp\/v2\/posts"}],"about":[{"href":"https:\/\/www.hoymercedes.com.ar\/principal\/wp-json\/wp\/v2\/types\/post"}],"author":[{"embeddable":true,"href":"https:\/\/www.hoymercedes.com.ar\/principal\/wp-json\/wp\/v2\/users\/1"}],"replies":[{"embeddable":true,"href":"https:\/\/www.hoymercedes.com.ar\/principal\/wp-json\/wp\/v2\/comments?post=84329"}],"version-history":[{"count":0,"href":"https:\/\/www.hoymercedes.com.ar\/principal\/wp-json\/wp\/v2\/posts\/84329\/revisions"}],"wp:featuredmedia":[{"embeddable":true,"href":"https:\/\/www.hoymercedes.com.ar\/principal\/wp-json\/wp\/v2\/media\/84331"}],"wp:attachment":[{"href":"https:\/\/www.hoymercedes.com.ar\/principal\/wp-json\/wp\/v2\/media?parent=84329"}],"wp:term":[{"taxonomy":"category","embeddable":true,"href":"https:\/\/www.hoymercedes.com.ar\/principal\/wp-json\/wp\/v2\/categories?post=84329"},{"taxonomy":"post_tag","embeddable":true,"href":"https:\/\/www.hoymercedes.com.ar\/principal\/wp-json\/wp\/v2\/tags?post=84329"}],"curies":[{"name":"wp","href":"https:\/\/api.w.org\/{rel}","templated":true}]}}