{"id":8435,"date":"2011-10-20T12:49:18","date_gmt":"2011-10-20T12:49:18","guid":{"rendered":"http:\/\/www.hoymercedes.com.ar\/principal\/?p=8435"},"modified":"2011-10-20T12:49:18","modified_gmt":"2011-10-20T12:49:18","slug":"selva-recibe-a-carabineros-de-chile","status":"publish","type":"post","link":"https:\/\/www.hoymercedes.com.ar\/principal\/2011\/10\/20\/selva-recibe-a-carabineros-de-chile\/","title":{"rendered":"Selva recibe a carabineros de Chile"},"content":{"rendered":"<p><a href=\"https:\/\/www.hoymercedes.com.ar\/principal\/wp-content\/uploads\/2011\/10\/carabineros-selva.jpg\"><img loading=\"lazy\" decoding=\"async\" data-attachment-id=\"8437\" data-permalink=\"https:\/\/www.hoymercedes.com.ar\/principal\/2011\/10\/20\/selva-recibe-a-carabineros-de-chile\/carabineros-selva\/#main\" data-orig-file=\"https:\/\/www.hoymercedes.com.ar\/principal\/wp-content\/uploads\/2011\/10\/carabineros-selva.jpg\" data-orig-size=\"612,263\" data-comments-opened=\"1\" data-image-meta=\"{&quot;aperture&quot;:&quot;4&quot;,&quot;credit&quot;:&quot;&quot;,&quot;camera&quot;:&quot;NIKON D50&quot;,&quot;caption&quot;:&quot;&quot;,&quot;created_timestamp&quot;:&quot;1319025385&quot;,&quot;copyright&quot;:&quot;&quot;,&quot;focal_length&quot;:&quot;28&quot;,&quot;iso&quot;:&quot;0&quot;,&quot;shutter_speed&quot;:&quot;0.016666666666667&quot;,&quot;title&quot;:&quot;&quot;}\" data-image-title=\"carabineros-selva\" data-image-description=\"\" data-image-caption=\"\" data-large-file=\"https:\/\/www.hoymercedes.com.ar\/principal\/wp-content\/uploads\/2011\/10\/carabineros-selva.jpg\" class=\"aligncenter size-full wp-image-8437\" title=\"carabineros-selva\" src=\"https:\/\/www.hoymercedes.com.ar\/principal\/wp-content\/uploads\/2011\/10\/carabineros-selva.jpg\" alt=\"\" width=\"612\" height=\"263\" \/><\/a><\/p>\n<p>El Intendente Carlos Selva recibi\u00f3 en su despacho a la Escuela de Carabineros del vecino pa\u00eds de Chile que se encuentran en nuestro pa\u00eds por un intercambio cultural.<\/p>\n<p>M\u00e1s de 40 alumnos de la Escuela de Carabineros visitaron nuestra ciudad, para conocer la historia de Mercedes y su cultura..<\/p>\n<p>El primer Mandatario le entreg\u00f3 un escudo de nuestra ciudad al Director de la Escuela de Carabineros de Chile Coronel V\u00edctor Herrera Pintor, los acompa\u00f1\u00f3 el Comandante Principal Hugo Cidade, Subdirector Administrativo de la Escuela General Mart\u00edn de Guemes, luego con la colaboraci\u00f3n de la Direcci\u00f3n de Turismo de la Municipalidad, quien puso a su disposici\u00f3n una gu\u00eda tur\u00edstica, recorrieron el Honorable Consejo Deliberarte y los puntos tur\u00edsticos mas importantes de la ciudad.<\/p>\n<p>&nbsp;<\/p>\n","protected":false},"excerpt":{"rendered":"<p>El Intendente Carlos Selva recibi\u00f3 en su despacho a la Escuela de Carabineros del vecino pa\u00eds de Chile que se &#8230; <a title=\"Selva recibe a carabineros de Chile\" class=\"read-more\" href=\"https:\/\/www.hoymercedes.com.ar\/principal\/2011\/10\/20\/selva-recibe-a-carabineros-de-chile\/\" aria-label=\"Leer m\u00e1s sobre Selva recibe a carabineros de Chile\">Leer m\u00e1s<\/a><\/p>\n","protected":false},"author":1,"featured_media":0,"comment_status":"open","ping_status":"open","sticky":false,"template":"","format":"standard","meta":{"_monsterinsights_skip_tracking":false,"_monsterinsights_sitenote_active":false,"_monsterinsights_sitenote_note":"","_monsterinsights_sitenote_category":0,"jetpack_post_was_ever_published":false,"_jetpack_newsletter_access":"","_jetpack_dont_email_post_to_subs":false,"_jetpack_newsletter_tier_id":0,"_jetpack_memberships_contains_paywalled_content":false,"_jetpack_memberships_contains_paid_content":false,"footnotes":"","jetpack_publicize_message":"","jetpack_publicize_feature_enabled":true,"jetpack_social_post_already_shared":false,"jetpack_social_options":{"image_generator_settings":{"template":"highway","default_image_id":0,"font":"","enabled":false},"version":2},"_wpas_customize_per_network":false},"categories":[30],"tags":[1494,18],"class_list":["post-8435","post","type-post","status-publish","format-standard","hentry","category-municipio","tag-caravinero","tag-selva","generate-columns","tablet-grid-50","mobile-grid-100","grid-parent","grid-50"],"jetpack_publicize_connections":[],"jetpack_featured_media_url":"","wps_subtitle":"","jetpack_sharing_enabled":true,"_links":{"self":[{"href":"https:\/\/www.hoymercedes.com.ar\/principal\/wp-json\/wp\/v2\/posts\/8435","targetHints":{"allow":["GET"]}}],"collection":[{"href":"https:\/\/www.hoymercedes.com.ar\/principal\/wp-json\/wp\/v2\/posts"}],"about":[{"href":"https:\/\/www.hoymercedes.com.ar\/principal\/wp-json\/wp\/v2\/types\/post"}],"author":[{"embeddable":true,"href":"https:\/\/www.hoymercedes.com.ar\/principal\/wp-json\/wp\/v2\/users\/1"}],"replies":[{"embeddable":true,"href":"https:\/\/www.hoymercedes.com.ar\/principal\/wp-json\/wp\/v2\/comments?post=8435"}],"version-history":[{"count":0,"href":"https:\/\/www.hoymercedes.com.ar\/principal\/wp-json\/wp\/v2\/posts\/8435\/revisions"}],"wp:attachment":[{"href":"https:\/\/www.hoymercedes.com.ar\/principal\/wp-json\/wp\/v2\/media?parent=8435"}],"wp:term":[{"taxonomy":"category","embeddable":true,"href":"https:\/\/www.hoymercedes.com.ar\/principal\/wp-json\/wp\/v2\/categories?post=8435"},{"taxonomy":"post_tag","embeddable":true,"href":"https:\/\/www.hoymercedes.com.ar\/principal\/wp-json\/wp\/v2\/tags?post=8435"}],"curies":[{"name":"wp","href":"https:\/\/api.w.org\/{rel}","templated":true}]}}