{"id":84369,"date":"2018-11-22T12:49:19","date_gmt":"2018-11-22T15:49:19","guid":{"rendered":"http:\/\/www.hoymercedes.com.ar\/principal\/?p=84369"},"modified":"2018-11-22T12:49:19","modified_gmt":"2018-11-22T15:49:19","slug":"el-turco-garcia-y-tete-quiroz-probaron-jugadores-para-racing-en-ateneo","status":"publish","type":"post","link":"https:\/\/www.hoymercedes.com.ar\/principal\/2018\/11\/22\/el-turco-garcia-y-tete-quiroz-probaron-jugadores-para-racing-en-ateneo\/","title":{"rendered":"El \u00abTurco\u00bb Garc\u00eda y \u00abTet\u00e9\u00bb Quiroz probaron jugadores para Racing en Ateneo"},"content":{"rendered":"<p>Desde hace algunos a\u00f1os el Club Ateneo de la Juventud es tomado como sede por parte de Racing de Avellaneda para la prueba de jugadores. Si bien hac\u00eda alg\u00fan tiempo que no se realizaba, este mi\u00e9rcoles estuvo en la ciudad Claudio \u00abTurco\u00bb Garc\u00eda y Fernando \u00abTet\u00e9\u00bb Quiroz, dos glorias de la instituci\u00f3n que junto a Adri\u00e1n Fern\u00e1ndez, coordinador del f\u00fatbol Amateur, vieron a dos centenares de futbolistas de la zona desde la categor\u00eda 2001 a 2008.<\/p>\n<p><img loading=\"lazy\" decoding=\"async\" data-attachment-id=\"84370\" data-permalink=\"https:\/\/www.hoymercedes.com.ar\/principal\/2018\/11\/22\/el-turco-garcia-y-tete-quiroz-probaron-jugadores-para-racing-en-ateneo\/ateneo-prueba-jugadores-3\/#main\" data-orig-file=\"https:\/\/www.hoymercedes.com.ar\/principal\/wp-content\/uploads\/2018\/11\/Ateneo-Prueba-Jugadores-3.jpg\" data-orig-size=\"960,720\" data-comments-opened=\"0\" data-image-meta=\"{&quot;aperture&quot;:&quot;0&quot;,&quot;credit&quot;:&quot;&quot;,&quot;camera&quot;:&quot;&quot;,&quot;caption&quot;:&quot;&quot;,&quot;created_timestamp&quot;:&quot;0&quot;,&quot;copyright&quot;:&quot;&quot;,&quot;focal_length&quot;:&quot;0&quot;,&quot;iso&quot;:&quot;0&quot;,&quot;shutter_speed&quot;:&quot;0&quot;,&quot;title&quot;:&quot;&quot;,&quot;orientation&quot;:&quot;0&quot;}\" data-image-title=\"Ateneo Prueba Jugadores 3\" data-image-description=\"\" data-image-caption=\"\" data-large-file=\"https:\/\/www.hoymercedes.com.ar\/principal\/wp-content\/uploads\/2018\/11\/Ateneo-Prueba-Jugadores-3.jpg\" class=\"aligncenter size-full wp-image-84370\" src=\"https:\/\/www.hoymercedes.com.ar\/principal\/wp-content\/uploads\/2018\/11\/Ateneo-Prueba-Jugadores-3.jpg\" alt=\"\" width=\"960\" height=\"720\" srcset=\"https:\/\/www.hoymercedes.com.ar\/principal\/wp-content\/uploads\/2018\/11\/Ateneo-Prueba-Jugadores-3.jpg 960w, https:\/\/www.hoymercedes.com.ar\/principal\/wp-content\/uploads\/2018\/11\/Ateneo-Prueba-Jugadores-3-150x113.jpg 150w, https:\/\/www.hoymercedes.com.ar\/principal\/wp-content\/uploads\/2018\/11\/Ateneo-Prueba-Jugadores-3-630x473.jpg 630w\" sizes=\"auto, (max-width: 960px) 100vw, 960px\" \/><\/p>\n<p>Previo al entrenamiento los directivos de Ateneo realizaron un almuerzo para agasajar a los entrenadores y se aprovech\u00f3 para realizar el intercambio de camisetas. Por otra parte, Racing dej\u00f3 en la entidad mercedina una buena cantidad de pecheras, pelotas e indumentaria deportiva. Marcelo Pocaresi, presidente de Ateneo, vio positiva la visita y destac\u00f3 todo lo obsequiado por Racing.<\/p>\n<p><img loading=\"lazy\" decoding=\"async\" data-attachment-id=\"84371\" data-permalink=\"https:\/\/www.hoymercedes.com.ar\/principal\/2018\/11\/22\/el-turco-garcia-y-tete-quiroz-probaron-jugadores-para-racing-en-ateneo\/ateneo-prueba-jugadores-2\/#main\" data-orig-file=\"https:\/\/www.hoymercedes.com.ar\/principal\/wp-content\/uploads\/2018\/11\/Ateneo-Prueba-Jugadores-2.jpg\" data-orig-size=\"960,720\" data-comments-opened=\"0\" data-image-meta=\"{&quot;aperture&quot;:&quot;0&quot;,&quot;credit&quot;:&quot;&quot;,&quot;camera&quot;:&quot;&quot;,&quot;caption&quot;:&quot;&quot;,&quot;created_timestamp&quot;:&quot;0&quot;,&quot;copyright&quot;:&quot;&quot;,&quot;focal_length&quot;:&quot;0&quot;,&quot;iso&quot;:&quot;0&quot;,&quot;shutter_speed&quot;:&quot;0&quot;,&quot;title&quot;:&quot;&quot;,&quot;orientation&quot;:&quot;0&quot;}\" data-image-title=\"Ateneo Prueba Jugadores 2\" data-image-description=\"\" data-image-caption=\"\" data-large-file=\"https:\/\/www.hoymercedes.com.ar\/principal\/wp-content\/uploads\/2018\/11\/Ateneo-Prueba-Jugadores-2.jpg\" class=\"aligncenter size-full wp-image-84371\" src=\"https:\/\/www.hoymercedes.com.ar\/principal\/wp-content\/uploads\/2018\/11\/Ateneo-Prueba-Jugadores-2.jpg\" alt=\"\" width=\"960\" height=\"720\" srcset=\"https:\/\/www.hoymercedes.com.ar\/principal\/wp-content\/uploads\/2018\/11\/Ateneo-Prueba-Jugadores-2.jpg 960w, https:\/\/www.hoymercedes.com.ar\/principal\/wp-content\/uploads\/2018\/11\/Ateneo-Prueba-Jugadores-2-150x113.jpg 150w, https:\/\/www.hoymercedes.com.ar\/principal\/wp-content\/uploads\/2018\/11\/Ateneo-Prueba-Jugadores-2-630x473.jpg 630w\" sizes=\"auto, (max-width: 960px) 100vw, 960px\" \/> <img loading=\"lazy\" decoding=\"async\" data-attachment-id=\"84372\" data-permalink=\"https:\/\/www.hoymercedes.com.ar\/principal\/2018\/11\/22\/el-turco-garcia-y-tete-quiroz-probaron-jugadores-para-racing-en-ateneo\/ateneo-prueba-jugadores-1\/#main\" data-orig-file=\"https:\/\/www.hoymercedes.com.ar\/principal\/wp-content\/uploads\/2018\/11\/Ateneo-Prueba-Jugadores-1.jpg\" data-orig-size=\"720,960\" data-comments-opened=\"0\" data-image-meta=\"{&quot;aperture&quot;:&quot;0&quot;,&quot;credit&quot;:&quot;&quot;,&quot;camera&quot;:&quot;&quot;,&quot;caption&quot;:&quot;&quot;,&quot;created_timestamp&quot;:&quot;0&quot;,&quot;copyright&quot;:&quot;&quot;,&quot;focal_length&quot;:&quot;0&quot;,&quot;iso&quot;:&quot;0&quot;,&quot;shutter_speed&quot;:&quot;0&quot;,&quot;title&quot;:&quot;&quot;,&quot;orientation&quot;:&quot;0&quot;}\" data-image-title=\"Ateneo Prueba Jugadores 1\" data-image-description=\"\" data-image-caption=\"\" data-large-file=\"https:\/\/www.hoymercedes.com.ar\/principal\/wp-content\/uploads\/2018\/11\/Ateneo-Prueba-Jugadores-1.jpg\" class=\"aligncenter size-full wp-image-84372\" src=\"https:\/\/www.hoymercedes.com.ar\/principal\/wp-content\/uploads\/2018\/11\/Ateneo-Prueba-Jugadores-1.jpg\" alt=\"\" width=\"720\" height=\"960\" srcset=\"https:\/\/www.hoymercedes.com.ar\/principal\/wp-content\/uploads\/2018\/11\/Ateneo-Prueba-Jugadores-1.jpg 720w, https:\/\/www.hoymercedes.com.ar\/principal\/wp-content\/uploads\/2018\/11\/Ateneo-Prueba-Jugadores-1-113x150.jpg 113w, https:\/\/www.hoymercedes.com.ar\/principal\/wp-content\/uploads\/2018\/11\/Ateneo-Prueba-Jugadores-1-465x620.jpg 465w\" sizes=\"auto, (max-width: 720px) 100vw, 720px\" \/><\/p>\n<div id=\"td_uid_2_5bf6b868b7bba\" class=\"td-gallery td-slide-on-2-columns\">\n<div class=\"post_td_gallery\"><\/div>\n<\/div>\n","protected":false},"excerpt":{"rendered":"<p>Desde hace algunos a\u00f1os el Club Ateneo de la Juventud es tomado como sede por parte de Racing de Avellaneda &#8230; <a title=\"El \u00abTurco\u00bb Garc\u00eda y \u00abTet\u00e9\u00bb Quiroz probaron jugadores para Racing en Ateneo\" class=\"read-more\" href=\"https:\/\/www.hoymercedes.com.ar\/principal\/2018\/11\/22\/el-turco-garcia-y-tete-quiroz-probaron-jugadores-para-racing-en-ateneo\/\" aria-label=\"Leer m\u00e1s sobre El \u00abTurco\u00bb Garc\u00eda y \u00abTet\u00e9\u00bb Quiroz probaron jugadores para Racing en Ateneo\">Leer m\u00e1s<\/a><\/p>\n","protected":false},"author":1,"featured_media":84370,"comment_status":"closed","ping_status":"open","sticky":false,"template":"","format":"standard","meta":{"_monsterinsights_skip_tracking":false,"_monsterinsights_sitenote_active":false,"_monsterinsights_sitenote_note":"","_monsterinsights_sitenote_category":0,"jetpack_post_was_ever_published":false,"_jetpack_newsletter_access":"","_jetpack_dont_email_post_to_subs":false,"_jetpack_newsletter_tier_id":0,"_jetpack_memberships_contains_paywalled_content":false,"_jetpack_memberships_contains_paid_content":false,"footnotes":"","jetpack_publicize_message":"","jetpack_publicize_feature_enabled":true,"jetpack_social_post_already_shared":true,"jetpack_social_options":{"image_generator_settings":{"template":"highway","default_image_id":0,"font":"","enabled":false},"version":2},"_wpas_customize_per_network":false},"categories":[21],"tags":[],"class_list":["post-84369","post","type-post","status-publish","format-standard","has-post-thumbnail","hentry","category-deportes","generate-columns","tablet-grid-50","mobile-grid-100","grid-parent","grid-50"],"jetpack_publicize_connections":[],"jetpack_featured_media_url":"https:\/\/www.hoymercedes.com.ar\/principal\/wp-content\/uploads\/2018\/11\/Ateneo-Prueba-Jugadores-3.jpg","wps_subtitle":"F\u00fatbol Infantil","jetpack_sharing_enabled":true,"_links":{"self":[{"href":"https:\/\/www.hoymercedes.com.ar\/principal\/wp-json\/wp\/v2\/posts\/84369","targetHints":{"allow":["GET"]}}],"collection":[{"href":"https:\/\/www.hoymercedes.com.ar\/principal\/wp-json\/wp\/v2\/posts"}],"about":[{"href":"https:\/\/www.hoymercedes.com.ar\/principal\/wp-json\/wp\/v2\/types\/post"}],"author":[{"embeddable":true,"href":"https:\/\/www.hoymercedes.com.ar\/principal\/wp-json\/wp\/v2\/users\/1"}],"replies":[{"embeddable":true,"href":"https:\/\/www.hoymercedes.com.ar\/principal\/wp-json\/wp\/v2\/comments?post=84369"}],"version-history":[{"count":0,"href":"https:\/\/www.hoymercedes.com.ar\/principal\/wp-json\/wp\/v2\/posts\/84369\/revisions"}],"wp:featuredmedia":[{"embeddable":true,"href":"https:\/\/www.hoymercedes.com.ar\/principal\/wp-json\/wp\/v2\/media\/84370"}],"wp:attachment":[{"href":"https:\/\/www.hoymercedes.com.ar\/principal\/wp-json\/wp\/v2\/media?parent=84369"}],"wp:term":[{"taxonomy":"category","embeddable":true,"href":"https:\/\/www.hoymercedes.com.ar\/principal\/wp-json\/wp\/v2\/categories?post=84369"},{"taxonomy":"post_tag","embeddable":true,"href":"https:\/\/www.hoymercedes.com.ar\/principal\/wp-json\/wp\/v2\/tags?post=84369"}],"curies":[{"name":"wp","href":"https:\/\/api.w.org\/{rel}","templated":true}]}}