{"id":84375,"date":"2018-11-22T16:27:39","date_gmt":"2018-11-22T19:27:39","guid":{"rendered":"http:\/\/www.hoymercedes.com.ar\/principal\/?p=84375"},"modified":"2018-11-22T16:27:39","modified_gmt":"2018-11-22T19:27:39","slug":"egresaron-alumnos-del-instituto-7-de-la-unidad-penitenciaria-n-5","status":"publish","type":"post","link":"https:\/\/www.hoymercedes.com.ar\/principal\/2018\/11\/22\/egresaron-alumnos-del-instituto-7-de-la-unidad-penitenciaria-n-5\/","title":{"rendered":"Egresaron alumnos del Instituto 7 de la Unidad Penitenciaria N\u00b0 5"},"content":{"rendered":"<p>D\u00edas atr\u00e1s se llev\u00f3 a cabo el acto de egresados de los estudiantes del nivel superior dentro de la Unidad Penitenciaria N\u00b0 5. Los alumnos de la extensi\u00f3n del Instituto Superior de Formaci\u00f3n Docente y T\u00e9cnica N\u00ba 7 lograron el t\u00edtulo de t\u00e9cnicos en administraci\u00f3n de PyMEs y en Administraci\u00f3n Agropecuaria.<\/p>\n<p><img loading=\"lazy\" decoding=\"async\" data-attachment-id=\"84377\" data-permalink=\"https:\/\/www.hoymercedes.com.ar\/principal\/2018\/11\/22\/egresaron-alumnos-del-instituto-7-de-la-unidad-penitenciaria-n-5\/22-carcel-instituto-2\/#main\" data-orig-file=\"https:\/\/www.hoymercedes.com.ar\/principal\/wp-content\/uploads\/2018\/11\/22-carcel-instituto-2.jpg\" data-orig-size=\"750,561\" data-comments-opened=\"0\" data-image-meta=\"{&quot;aperture&quot;:&quot;0&quot;,&quot;credit&quot;:&quot;&quot;,&quot;camera&quot;:&quot;&quot;,&quot;caption&quot;:&quot;&quot;,&quot;created_timestamp&quot;:&quot;0&quot;,&quot;copyright&quot;:&quot;&quot;,&quot;focal_length&quot;:&quot;0&quot;,&quot;iso&quot;:&quot;0&quot;,&quot;shutter_speed&quot;:&quot;0&quot;,&quot;title&quot;:&quot;&quot;,&quot;orientation&quot;:&quot;0&quot;}\" data-image-title=\"22 carcel instituto 2\" data-image-description=\"\" data-image-caption=\"\" data-large-file=\"https:\/\/www.hoymercedes.com.ar\/principal\/wp-content\/uploads\/2018\/11\/22-carcel-instituto-2.jpg\" class=\"aligncenter size-full wp-image-84377\" src=\"https:\/\/www.hoymercedes.com.ar\/principal\/wp-content\/uploads\/2018\/11\/22-carcel-instituto-2.jpg\" alt=\"\" width=\"750\" height=\"561\" srcset=\"https:\/\/www.hoymercedes.com.ar\/principal\/wp-content\/uploads\/2018\/11\/22-carcel-instituto-2.jpg 750w, https:\/\/www.hoymercedes.com.ar\/principal\/wp-content\/uploads\/2018\/11\/22-carcel-instituto-2-150x112.jpg 150w, https:\/\/www.hoymercedes.com.ar\/principal\/wp-content\/uploads\/2018\/11\/22-carcel-instituto-2-630x471.jpg 630w\" sizes=\"auto, (max-width: 750px) 100vw, 750px\" \/><\/p>\n<p>El acto protocolar se realiz\u00f3 el viernes \u00faltimo con la presencia del Director del ISFDyT N\u00b0 7, Mario Tilli, el Regente de\u00a0la Sede\u00a0Luis\u00a0Porcelli,\u00a0la Inspectora\u00a0de Ense\u00f1anza Superior de\u00a0la Regi\u00f3n X, M\u00f3nica Aime, el Director dela Unidad\u00a0N\u00ba 5 Prefecto Mayor Ricardo Mendez, profesores y personal del Instituto 7 y personal penitenciario.<\/p>\n<p>Se dirigieron a los presentes\u00a0la Inspectora Regional, quien expreso que es una satisfacci\u00f3n cada a\u00f1o venir a el acto de egresados, ya que valora lo dif\u00edcil de estudiar de manera adulta y en este caso se suma al contexto de encierro, por lo que alent\u00f3 a los otros alumnos que contin\u00faen y felicit\u00f3 a los egresados y los profesores.<\/p>\n<p>Por su parte el Director del ISFDyT Mario Tilli, quien lleva poco tiempo en su cargo, habl\u00f3 de la importancia de estudiar a cualquier edad y en cualquier contexto, por lo libertad que da el conocimiento,\u00a0 insto a los estudiantes a seguir y entreg\u00f3 los diplomas a los que culminaron. Adem\u00e1s hubo palabras de despedidas de docentes, alumnos, y \u00a0egresados.<\/p>\n<p>Las dos carreras que se dictan son\u00a0la Tecnicatura Superior\u00a0en Administraci\u00f3n de Peque\u00f1as y Medianas Empresas \u2013PyME- y\u00a0la Tecnicatura\u00a0de Administraci\u00f3n Agropecuaria. Ambas carreras tienen una duraci\u00f3n de tres a\u00f1os, siendo el primero a\u00f1o un ciclo b\u00e1sico, para luego elegir la orientaci\u00f3n.\u00a0La Extensi\u00f3n\u00a0\u00a0del ISFyT N\u00ba 7 funciona en\u00a0la Unidad\u00a05 desde el a\u00f1o 2011 y sus clases son destinadas a un alumnado mixto.<\/p>\n<p><img loading=\"lazy\" decoding=\"async\" data-attachment-id=\"84376\" data-permalink=\"https:\/\/www.hoymercedes.com.ar\/principal\/2018\/11\/22\/egresaron-alumnos-del-instituto-7-de-la-unidad-penitenciaria-n-5\/22-carcel-instituto-1\/#main\" data-orig-file=\"https:\/\/www.hoymercedes.com.ar\/principal\/wp-content\/uploads\/2018\/11\/22-carcel-instituto-1.jpg\" data-orig-size=\"750,500\" data-comments-opened=\"0\" data-image-meta=\"{&quot;aperture&quot;:&quot;0&quot;,&quot;credit&quot;:&quot;&quot;,&quot;camera&quot;:&quot;&quot;,&quot;caption&quot;:&quot;&quot;,&quot;created_timestamp&quot;:&quot;0&quot;,&quot;copyright&quot;:&quot;&quot;,&quot;focal_length&quot;:&quot;0&quot;,&quot;iso&quot;:&quot;0&quot;,&quot;shutter_speed&quot;:&quot;0&quot;,&quot;title&quot;:&quot;&quot;,&quot;orientation&quot;:&quot;0&quot;}\" data-image-title=\"22 carcel instituto 1\" data-image-description=\"\" data-image-caption=\"\" data-large-file=\"https:\/\/www.hoymercedes.com.ar\/principal\/wp-content\/uploads\/2018\/11\/22-carcel-instituto-1.jpg\" class=\"aligncenter size-full wp-image-84376\" src=\"https:\/\/www.hoymercedes.com.ar\/principal\/wp-content\/uploads\/2018\/11\/22-carcel-instituto-1.jpg\" alt=\"\" width=\"750\" height=\"500\" srcset=\"https:\/\/www.hoymercedes.com.ar\/principal\/wp-content\/uploads\/2018\/11\/22-carcel-instituto-1.jpg 750w, https:\/\/www.hoymercedes.com.ar\/principal\/wp-content\/uploads\/2018\/11\/22-carcel-instituto-1-150x100.jpg 150w, https:\/\/www.hoymercedes.com.ar\/principal\/wp-content\/uploads\/2018\/11\/22-carcel-instituto-1-630x420.jpg 630w\" sizes=\"auto, (max-width: 750px) 100vw, 750px\" \/><\/p>\n","protected":false},"excerpt":{"rendered":"<p>D\u00edas atr\u00e1s se llev\u00f3 a cabo el acto de egresados de los estudiantes del nivel superior dentro de la Unidad &#8230; <a title=\"Egresaron alumnos del Instituto 7 de la Unidad Penitenciaria N\u00b0 5\" class=\"read-more\" href=\"https:\/\/www.hoymercedes.com.ar\/principal\/2018\/11\/22\/egresaron-alumnos-del-instituto-7-de-la-unidad-penitenciaria-n-5\/\" aria-label=\"Leer m\u00e1s sobre Egresaron alumnos del Instituto 7 de la Unidad Penitenciaria N\u00b0 5\">Leer m\u00e1s<\/a><\/p>\n","protected":false},"author":1,"featured_media":84376,"comment_status":"closed","ping_status":"open","sticky":false,"template":"","format":"standard","meta":{"_monsterinsights_skip_tracking":false,"_monsterinsights_sitenote_active":false,"_monsterinsights_sitenote_note":"","_monsterinsights_sitenote_category":0,"jetpack_post_was_ever_published":false,"_jetpack_newsletter_access":"","_jetpack_dont_email_post_to_subs":false,"_jetpack_newsletter_tier_id":0,"_jetpack_memberships_contains_paywalled_content":false,"_jetpack_memberships_contains_paid_content":false,"footnotes":"","jetpack_publicize_message":"","jetpack_publicize_feature_enabled":true,"jetpack_social_post_already_shared":true,"jetpack_social_options":{"image_generator_settings":{"template":"highway","default_image_id":0,"font":"","enabled":false},"version":2},"_wpas_customize_per_network":false},"categories":[23],"tags":[14091,1011,47,9430,113],"class_list":["post-84375","post","type-post","status-publish","format-standard","has-post-thumbnail","hentry","category-educacion","tag-acto-de-egreso","tag-carcel","tag-educacion-2","tag-instituto-7","tag-unidad-5","generate-columns","tablet-grid-50","mobile-grid-100","grid-parent","grid-50"],"jetpack_publicize_connections":[],"jetpack_featured_media_url":"https:\/\/www.hoymercedes.com.ar\/principal\/wp-content\/uploads\/2018\/11\/22-carcel-instituto-1.jpg","wps_subtitle":"Estudios de nivel superior","jetpack_sharing_enabled":true,"_links":{"self":[{"href":"https:\/\/www.hoymercedes.com.ar\/principal\/wp-json\/wp\/v2\/posts\/84375","targetHints":{"allow":["GET"]}}],"collection":[{"href":"https:\/\/www.hoymercedes.com.ar\/principal\/wp-json\/wp\/v2\/posts"}],"about":[{"href":"https:\/\/www.hoymercedes.com.ar\/principal\/wp-json\/wp\/v2\/types\/post"}],"author":[{"embeddable":true,"href":"https:\/\/www.hoymercedes.com.ar\/principal\/wp-json\/wp\/v2\/users\/1"}],"replies":[{"embeddable":true,"href":"https:\/\/www.hoymercedes.com.ar\/principal\/wp-json\/wp\/v2\/comments?post=84375"}],"version-history":[{"count":0,"href":"https:\/\/www.hoymercedes.com.ar\/principal\/wp-json\/wp\/v2\/posts\/84375\/revisions"}],"wp:featuredmedia":[{"embeddable":true,"href":"https:\/\/www.hoymercedes.com.ar\/principal\/wp-json\/wp\/v2\/media\/84376"}],"wp:attachment":[{"href":"https:\/\/www.hoymercedes.com.ar\/principal\/wp-json\/wp\/v2\/media?parent=84375"}],"wp:term":[{"taxonomy":"category","embeddable":true,"href":"https:\/\/www.hoymercedes.com.ar\/principal\/wp-json\/wp\/v2\/categories?post=84375"},{"taxonomy":"post_tag","embeddable":true,"href":"https:\/\/www.hoymercedes.com.ar\/principal\/wp-json\/wp\/v2\/tags?post=84375"}],"curies":[{"name":"wp","href":"https:\/\/api.w.org\/{rel}","templated":true}]}}