{"id":84387,"date":"2018-11-23T16:52:51","date_gmt":"2018-11-23T19:52:51","guid":{"rendered":"http:\/\/www.hoymercedes.com.ar\/principal\/?p=84387"},"modified":"2018-11-23T15:55:37","modified_gmt":"2018-11-23T18:55:37","slug":"museo-historico-victor-miguez-declarado-de-interes-patrimonial","status":"publish","type":"post","link":"https:\/\/www.hoymercedes.com.ar\/principal\/2018\/11\/23\/museo-historico-victor-miguez-declarado-de-interes-patrimonial\/","title":{"rendered":"Museo Hist\u00f3rico \u201cV\u00edctor M\u00edguez\u201d declarado de inter\u00e9s patrimonial"},"content":{"rendered":"<p>La ordenanza 8132\/18 se aprob\u00f3 en la \u00faltima sesi\u00f3n ordinaria del Concejo Deliberante. En ella se declara de Inter\u00e9s Patrimonial al Museo Hist\u00f3rico Municipal \u201cV\u00edctor E. M\u00edguez\u201d. En el marco de Las Noches de los Museos de este s\u00e1bado 24, la Comisi\u00f3n de Patrimonio Cultural y Natural descubrir\u00e1 una placa que inmortalice el hecho hist\u00f3rico. Ser\u00e1 a la hora 21.<\/p>\n<p>La casona de la calle 12 y 23, donde vivi\u00f3 la familia M\u00edguez \u2013 Souza, desde hace m\u00e1s de cuarenta y cinco a\u00f1os es Museo y pas\u00f3 a ser centro de la vida social y cultural de Mercedes. La casona, el mobiliario de la familia Miguez as\u00ed como las miles de piezas hist\u00f3ricas entregadas por distintos vecinos y adquiridos por la Municipalidad de Mercedes en estos a\u00f1os, pas\u00f3 a ser, formalmente, de inter\u00e9s patrimonial.<\/p>\n<p>Desde la Comisi\u00f3n Municipal de Patrimonio Cultural y Natural (CUNA), la presidenta de la Comisi\u00f3n y representante del Departamento Legislativo Lic. Celeste Burone, la Coordinadora de Museos y representante del Departamento Ejecutivo Prof. Marcela Brown, y la Directora del M\u00edguez Lic. Liliana Basualdo, explicaron que la declaraci\u00f3n de inter\u00e9s patrimonial a nivel local permitir\u00e1 afectar presupuesto para proteger el Museo (el edificio) y su contenido desde ahora y en vistas al futuro cercano y lejano.<\/p>\n<p>\u201cLa ordenanza protege el contenedor y el contenido, se toma el conjunto. La conservaci\u00f3n, protecci\u00f3n, prevenci\u00f3n, la divulgaci\u00f3n del patrimonio interno. Material que necesitemos para proteger la documentaci\u00f3n escrita, por ejemplo, podemos solicitarlo del presupuesto de Patrimonio\u201d, explic\u00f3 Basualdo.<\/p>\n<p>\u201cCon esta ordenanza dejamos expl\u00edcito el cuidado por parte de toda la comunidad. As\u00ed podremos restaurar el carruaje del Museo, podremos hacer que la biblioteca de patrimonio empiece a funcionar en el M\u00edguez. Los trabajadores del Museo tienen much\u00edsimo compromiso con el patrimonio local y con el conocimiento para la conservaci\u00f3n del mismo\u201d, agreg\u00f3 Burone.<\/p>\n<p>Es as\u00ed que la ordenanza N \u00ba 8132\/18 declara de inter\u00e9s patrimonial al Museo Hist\u00f3rico Municipal Dr. V\u00edctor M\u00edguez y dispone la preservaci\u00f3n y mantenimiento de los espacios verdes e inmueble, adem\u00e1s de incluir el espacio cultural en el marco\u00a0 del Programa Descubr\u00ed Mercedes.<\/p>\n<p>A la hora 21 del s\u00e1bado 24, en la casona de 12 y 23, primero ser\u00e1 el acto de descubrimiento de la placa ser\u00e1 en el marco de La Noche de los Museos. All\u00ed mismo habr\u00e1 una charla a cargo de Bozidar Darko Sustercic\u00a0 sobre\u00a0 Arte jesu\u00edtico- guaran\u00ed con la talla San Juan Bautista S XVIII patrimonio del museo. Luego, la m\u00fasica barroca estar\u00e1 a cargo de Manuel Maturo en Armonio, y Cristian Lam\u00f3nica en flauta traversa.<\/p>\n<p>&#8212;<\/p>\n","protected":false},"excerpt":{"rendered":"<p>La ordenanza 8132\/18 se aprob\u00f3 en la \u00faltima sesi\u00f3n ordinaria del Concejo Deliberante. En ella se declara de Inter\u00e9s Patrimonial &#8230; <a title=\"Museo Hist\u00f3rico \u201cV\u00edctor M\u00edguez\u201d declarado de inter\u00e9s patrimonial\" class=\"read-more\" href=\"https:\/\/www.hoymercedes.com.ar\/principal\/2018\/11\/23\/museo-historico-victor-miguez-declarado-de-interes-patrimonial\/\" aria-label=\"Leer m\u00e1s sobre Museo Hist\u00f3rico \u201cV\u00edctor M\u00edguez\u201d declarado de inter\u00e9s patrimonial\">Leer m\u00e1s<\/a><\/p>\n","protected":false},"author":1,"featured_media":84388,"comment_status":"closed","ping_status":"open","sticky":false,"template":"","format":"standard","meta":{"_monsterinsights_skip_tracking":false,"_monsterinsights_sitenote_active":false,"_monsterinsights_sitenote_note":"","_monsterinsights_sitenote_category":0,"jetpack_post_was_ever_published":false,"_jetpack_newsletter_access":"","_jetpack_dont_email_post_to_subs":false,"_jetpack_newsletter_tier_id":0,"_jetpack_memberships_contains_paywalled_content":false,"_jetpack_memberships_contains_paid_content":false,"footnotes":"","jetpack_publicize_message":"","jetpack_publicize_feature_enabled":true,"jetpack_social_post_already_shared":true,"jetpack_social_options":{"image_generator_settings":{"template":"highway","default_image_id":0,"font":"","enabled":false},"version":2},"_wpas_customize_per_network":false},"categories":[104],"tags":[7805,10722,3766,9177],"class_list":["post-84387","post","type-post","status-publish","format-standard","has-post-thumbnail","hentry","category-cultura","tag-cultura","tag-cuna","tag-museo-miguez","tag-patrimonio","generate-columns","tablet-grid-50","mobile-grid-100","grid-parent","grid-50"],"jetpack_publicize_connections":[],"jetpack_featured_media_url":"https:\/\/www.hoymercedes.com.ar\/principal\/wp-content\/uploads\/2018\/11\/Miguez-Patrimonio.jpg","wps_subtitle":"El s\u00e1bado se oficializar\u00e1 la ordenanza","jetpack_sharing_enabled":true,"_links":{"self":[{"href":"https:\/\/www.hoymercedes.com.ar\/principal\/wp-json\/wp\/v2\/posts\/84387","targetHints":{"allow":["GET"]}}],"collection":[{"href":"https:\/\/www.hoymercedes.com.ar\/principal\/wp-json\/wp\/v2\/posts"}],"about":[{"href":"https:\/\/www.hoymercedes.com.ar\/principal\/wp-json\/wp\/v2\/types\/post"}],"author":[{"embeddable":true,"href":"https:\/\/www.hoymercedes.com.ar\/principal\/wp-json\/wp\/v2\/users\/1"}],"replies":[{"embeddable":true,"href":"https:\/\/www.hoymercedes.com.ar\/principal\/wp-json\/wp\/v2\/comments?post=84387"}],"version-history":[{"count":0,"href":"https:\/\/www.hoymercedes.com.ar\/principal\/wp-json\/wp\/v2\/posts\/84387\/revisions"}],"wp:featuredmedia":[{"embeddable":true,"href":"https:\/\/www.hoymercedes.com.ar\/principal\/wp-json\/wp\/v2\/media\/84388"}],"wp:attachment":[{"href":"https:\/\/www.hoymercedes.com.ar\/principal\/wp-json\/wp\/v2\/media?parent=84387"}],"wp:term":[{"taxonomy":"category","embeddable":true,"href":"https:\/\/www.hoymercedes.com.ar\/principal\/wp-json\/wp\/v2\/categories?post=84387"},{"taxonomy":"post_tag","embeddable":true,"href":"https:\/\/www.hoymercedes.com.ar\/principal\/wp-json\/wp\/v2\/tags?post=84387"}],"curies":[{"name":"wp","href":"https:\/\/api.w.org\/{rel}","templated":true}]}}