{"id":84398,"date":"2018-11-23T18:55:26","date_gmt":"2018-11-23T21:55:26","guid":{"rendered":"http:\/\/www.hoymercedes.com.ar\/principal\/?p=84398"},"modified":"2018-11-23T16:59:17","modified_gmt":"2018-11-23T19:59:17","slug":"oficinas-de-anses-cerraran-el-publico-el-martes-27","status":"publish","type":"post","link":"https:\/\/www.hoymercedes.com.ar\/principal\/2018\/11\/23\/oficinas-de-anses-cerraran-el-publico-el-martes-27\/","title":{"rendered":"Oficinas de ANSES cerrar\u00e1n el p\u00fablico el martes 27"},"content":{"rendered":"<p>ANSES informa que sus delegaciones y oficinas no prestar\u00e1n servicios ni atender\u00e1n al p\u00fablico el martes 27 de noviembre, por la celebraci\u00f3n del D\u00eda del Trabajador Previsional Argentino. En tanto, el mi\u00e9rcoles 28 al p\u00fablico abrir\u00e1n con total normalidad.<\/p>\n<p>El 12 de noviembre de 2009 se promulg\u00f3 la Ley N\u00b0 26.533, que declara al 27 de noviembre como el D\u00eda del Trabajador Previsional Argentino, en conmemoraci\u00f3n a la creaci\u00f3n de la Secretar\u00eda de Trabajo y Previsi\u00f3n de la Naci\u00f3n en 1943.<\/p>\n","protected":false},"excerpt":{"rendered":"<p>ANSES informa que sus delegaciones y oficinas no prestar\u00e1n servicios ni atender\u00e1n al p\u00fablico el martes 27 de noviembre, por &#8230; <a title=\"Oficinas de ANSES cerrar\u00e1n el p\u00fablico el martes 27\" class=\"read-more\" href=\"https:\/\/www.hoymercedes.com.ar\/principal\/2018\/11\/23\/oficinas-de-anses-cerraran-el-publico-el-martes-27\/\" aria-label=\"Leer m\u00e1s sobre Oficinas de ANSES cerrar\u00e1n el p\u00fablico el martes 27\">Leer m\u00e1s<\/a><\/p>\n","protected":false},"author":1,"featured_media":73507,"comment_status":"closed","ping_status":"open","sticky":false,"template":"","format":"standard","meta":{"_monsterinsights_skip_tracking":false,"_monsterinsights_sitenote_active":false,"_monsterinsights_sitenote_note":"","_monsterinsights_sitenote_category":0,"jetpack_post_was_ever_published":false,"_jetpack_newsletter_access":"","_jetpack_dont_email_post_to_subs":false,"_jetpack_newsletter_tier_id":0,"_jetpack_memberships_contains_paywalled_content":false,"_jetpack_memberships_contains_paid_content":false,"footnotes":"","jetpack_publicize_message":"","jetpack_publicize_feature_enabled":true,"jetpack_social_post_already_shared":true,"jetpack_social_options":{"image_generator_settings":{"template":"highway","default_image_id":0,"font":"","enabled":false},"version":2},"_wpas_customize_per_network":false},"categories":[8],"tags":[4,14094],"class_list":["post-84398","post","type-post","status-publish","format-standard","has-post-thumbnail","hentry","category-sociedad","tag-anses","tag-informacion-al-publico","generate-columns","tablet-grid-50","mobile-grid-100","grid-parent","grid-50"],"jetpack_publicize_connections":[],"jetpack_featured_media_url":"https:\/\/www.hoymercedes.com.ar\/principal\/wp-content\/uploads\/2018\/03\/15-anses-logo.jpg","wps_subtitle":"Por el D\u00eda del Trabajador Previsional Argentino","jetpack_sharing_enabled":true,"_links":{"self":[{"href":"https:\/\/www.hoymercedes.com.ar\/principal\/wp-json\/wp\/v2\/posts\/84398","targetHints":{"allow":["GET"]}}],"collection":[{"href":"https:\/\/www.hoymercedes.com.ar\/principal\/wp-json\/wp\/v2\/posts"}],"about":[{"href":"https:\/\/www.hoymercedes.com.ar\/principal\/wp-json\/wp\/v2\/types\/post"}],"author":[{"embeddable":true,"href":"https:\/\/www.hoymercedes.com.ar\/principal\/wp-json\/wp\/v2\/users\/1"}],"replies":[{"embeddable":true,"href":"https:\/\/www.hoymercedes.com.ar\/principal\/wp-json\/wp\/v2\/comments?post=84398"}],"version-history":[{"count":0,"href":"https:\/\/www.hoymercedes.com.ar\/principal\/wp-json\/wp\/v2\/posts\/84398\/revisions"}],"wp:featuredmedia":[{"embeddable":true,"href":"https:\/\/www.hoymercedes.com.ar\/principal\/wp-json\/wp\/v2\/media\/73507"}],"wp:attachment":[{"href":"https:\/\/www.hoymercedes.com.ar\/principal\/wp-json\/wp\/v2\/media?parent=84398"}],"wp:term":[{"taxonomy":"category","embeddable":true,"href":"https:\/\/www.hoymercedes.com.ar\/principal\/wp-json\/wp\/v2\/categories?post=84398"},{"taxonomy":"post_tag","embeddable":true,"href":"https:\/\/www.hoymercedes.com.ar\/principal\/wp-json\/wp\/v2\/tags?post=84398"}],"curies":[{"name":"wp","href":"https:\/\/api.w.org\/{rel}","templated":true}]}}