{"id":8440,"date":"2011-10-20T23:07:06","date_gmt":"2011-10-20T23:07:06","guid":{"rendered":"http:\/\/www.hoymercedes.com.ar\/principal\/?p=8440"},"modified":"2011-10-20T23:07:06","modified_gmt":"2011-10-20T23:07:06","slug":"el-intendente-visito-la-media-1","status":"publish","type":"post","link":"https:\/\/www.hoymercedes.com.ar\/principal\/2011\/10\/20\/el-intendente-visito-la-media-1\/","title":{"rendered":"El Intendente visito la Media 1"},"content":{"rendered":"<p>Hoy por la ma\u00f1ana el Intendente Municipal Carlos Selva, visito la Escuela de Educacion Media N\u00b0 1 \u201cJorge \u00c1lvarez de la Ofeza\u201d, que se ubica en avenida 47 esquina 30.<\/p>\n<p>All\u00ed se esta trabajando de manera muy adelantada en la construcci\u00f3n del Sal\u00f3n Multiuso de la Escuela Media 1, la que se cree que para fin de a\u00f1o el mismo ya estar\u00e1 terminado y con los detalles finales para poder ser inaugurado.<\/p>\n<p>Debemos comentar tambi\u00e9n que, se encuentran tambi\u00e9n muy avanzados los trabajos que se vienen efectuando en la Media 3, es decir el ex Colegio Nacional, donde como se sabe se est\u00e1n haciendo trabajos muy importantes en materia de impermeabilizaci\u00f3n y reparaci\u00f3n de techos, como as\u00ed tambi\u00e9n arreglos de canaletas y ya que hablamos de obras en Gowland, concretamente en la Escuela 20 se est\u00e1n construyendo dos nuevas salas y esto se transforma en algo m\u00e1s que importante para dicha localidad.<\/p>\n<p><span style=\"color: #888888;\">Fuente: MM<\/span><\/p>\n","protected":false},"excerpt":{"rendered":"<p>Hoy por la ma\u00f1ana el Intendente Municipal Carlos Selva, visito la Escuela de Educacion Media N\u00b0 1 \u201cJorge \u00c1lvarez de &#8230; <a title=\"El Intendente visito la Media 1\" class=\"read-more\" href=\"https:\/\/www.hoymercedes.com.ar\/principal\/2011\/10\/20\/el-intendente-visito-la-media-1\/\" aria-label=\"Leer m\u00e1s sobre El Intendente visito la Media 1\">Leer m\u00e1s<\/a><\/p>\n","protected":false},"author":1,"featured_media":0,"comment_status":"open","ping_status":"open","sticky":false,"template":"","format":"standard","meta":{"_monsterinsights_skip_tracking":false,"_monsterinsights_sitenote_active":false,"_monsterinsights_sitenote_note":"","_monsterinsights_sitenote_category":0,"jetpack_post_was_ever_published":false,"_jetpack_newsletter_access":"","_jetpack_dont_email_post_to_subs":false,"_jetpack_newsletter_tier_id":0,"_jetpack_memberships_contains_paywalled_content":false,"_jetpack_memberships_contains_paid_content":false,"footnotes":"","jetpack_publicize_message":"","jetpack_publicize_feature_enabled":true,"jetpack_social_post_already_shared":false,"jetpack_social_options":{"image_generator_settings":{"template":"highway","default_image_id":0,"font":"","enabled":false},"version":2},"_wpas_customize_per_network":false},"categories":[30],"tags":[817,18],"class_list":["post-8440","post","type-post","status-publish","format-standard","hentry","category-municipio","tag-escuela-media","tag-selva","generate-columns","tablet-grid-50","mobile-grid-100","grid-parent","grid-50"],"jetpack_publicize_connections":[],"jetpack_featured_media_url":"","wps_subtitle":"","jetpack_sharing_enabled":true,"_links":{"self":[{"href":"https:\/\/www.hoymercedes.com.ar\/principal\/wp-json\/wp\/v2\/posts\/8440","targetHints":{"allow":["GET"]}}],"collection":[{"href":"https:\/\/www.hoymercedes.com.ar\/principal\/wp-json\/wp\/v2\/posts"}],"about":[{"href":"https:\/\/www.hoymercedes.com.ar\/principal\/wp-json\/wp\/v2\/types\/post"}],"author":[{"embeddable":true,"href":"https:\/\/www.hoymercedes.com.ar\/principal\/wp-json\/wp\/v2\/users\/1"}],"replies":[{"embeddable":true,"href":"https:\/\/www.hoymercedes.com.ar\/principal\/wp-json\/wp\/v2\/comments?post=8440"}],"version-history":[{"count":0,"href":"https:\/\/www.hoymercedes.com.ar\/principal\/wp-json\/wp\/v2\/posts\/8440\/revisions"}],"wp:attachment":[{"href":"https:\/\/www.hoymercedes.com.ar\/principal\/wp-json\/wp\/v2\/media?parent=8440"}],"wp:term":[{"taxonomy":"category","embeddable":true,"href":"https:\/\/www.hoymercedes.com.ar\/principal\/wp-json\/wp\/v2\/categories?post=8440"},{"taxonomy":"post_tag","embeddable":true,"href":"https:\/\/www.hoymercedes.com.ar\/principal\/wp-json\/wp\/v2\/tags?post=8440"}],"curies":[{"name":"wp","href":"https:\/\/api.w.org\/{rel}","templated":true}]}}