{"id":84404,"date":"2018-11-24T13:20:01","date_gmt":"2018-11-24T16:20:01","guid":{"rendered":"http:\/\/www.hoymercedes.com.ar\/principal\/?p=84404"},"modified":"2018-11-24T13:23:14","modified_gmt":"2018-11-24T16:23:14","slug":"vandalismo-en-la-trocha-indigno-a-vecinos-feriantes-y-familias-que-disfrutan-en-predio","status":"publish","type":"post","link":"https:\/\/www.hoymercedes.com.ar\/principal\/2018\/11\/24\/vandalismo-en-la-trocha-indigno-a-vecinos-feriantes-y-familias-que-disfrutan-en-predio\/","title":{"rendered":"Vandalismo en La Trocha indign\u00f3 a vecinos, feriantes y familias que disfrutan en predio"},"content":{"rendered":"<figure id=\"attachment_84405\" aria-describedby=\"caption-attachment-84405\" style=\"width: 620px\" class=\"wp-caption aligncenter\"><img loading=\"lazy\" decoding=\"async\" data-attachment-id=\"84405\" data-permalink=\"https:\/\/www.hoymercedes.com.ar\/principal\/2018\/11\/24\/vandalismo-en-la-trocha-indigno-a-vecinos-feriantes-y-familias-que-disfrutan-en-predio\/destruccion-trocha\/#main\" data-orig-file=\"https:\/\/www.hoymercedes.com.ar\/principal\/wp-content\/uploads\/2018\/11\/destruccion-trocha.jpeg\" data-orig-size=\"480,596\" data-comments-opened=\"0\" data-image-meta=\"{&quot;aperture&quot;:&quot;0&quot;,&quot;credit&quot;:&quot;&quot;,&quot;camera&quot;:&quot;&quot;,&quot;caption&quot;:&quot;&quot;,&quot;created_timestamp&quot;:&quot;0&quot;,&quot;copyright&quot;:&quot;&quot;,&quot;focal_length&quot;:&quot;0&quot;,&quot;iso&quot;:&quot;0&quot;,&quot;shutter_speed&quot;:&quot;0&quot;,&quot;title&quot;:&quot;&quot;,&quot;orientation&quot;:&quot;0&quot;}\" data-image-title=\"destruccion-trocha\" data-image-description=\"\" data-image-caption=\"&lt;p&gt;Vandalismo en La Trocha&lt;\/p&gt;\n\" data-large-file=\"https:\/\/www.hoymercedes.com.ar\/principal\/wp-content\/uploads\/2018\/11\/destruccion-trocha.jpeg\" class=\"wp-image-84405\" src=\"https:\/\/www.hoymercedes.com.ar\/principal\/wp-content\/uploads\/2018\/11\/destruccion-trocha.jpeg\" alt=\"\" width=\"630\" height=\"782\" srcset=\"https:\/\/www.hoymercedes.com.ar\/principal\/wp-content\/uploads\/2018\/11\/destruccion-trocha.jpeg 480w, https:\/\/www.hoymercedes.com.ar\/principal\/wp-content\/uploads\/2018\/11\/destruccion-trocha-121x150.jpeg 121w\" sizes=\"auto, (max-width: 630px) 100vw, 630px\" \/><figcaption id=\"caption-attachment-84405\" class=\"wp-caption-text\">Vandalismo en La Trocha<\/figcaption><\/figure>\n<p>La ma\u00f1ana del s\u00e1bado amaneci\u00f3 con un acto reprochable. Los puestos de los feriantes hab\u00edan sido desarmados por completo. No se sabe a\u00fan qui\u00e9n pudo haber sido, pero se est\u00e1 investigando el tema. El vandalismo ha sido una de las acciones que m\u00e1s se ha repudiado siempre en todos lados y esta vez le toc\u00f3 a La Trocha. Los feriantes est\u00e1n doloridos, sorprendidos e indignados.<\/p>\n<p>\u201cTanto esfuerzo, tanto cuidado a un predio que es de toda la familia y ahora nos despertamos con esta barbaridad, no quiero decir malas palabras, pero esto es terrible\u201d dijo una de las feriantes muy golpeada por el tema.<\/p>\n<p>\u201cEste predio lo recuperamos para toda la familia. Desde los galpones a los ba\u00f1os, el \u00e1rea deportiva, de salud, cultural, todo est\u00e1 pensado para el vecino y el visitante y la feria es una herramienta muy valiosa de auto empleo\u201d, cont\u00f3 Mat\u00edas Dematei, Jefe de Gabinete y afirm\u00f3 \u201ceste vandalismo es de unos pocos, son una minor\u00eda, pero el da\u00f1o que producen es enorme, nos duele a todos, y mucho\u201d dijo y reafirm\u00f3 \u201cno s\u00f3lo es lo patrimonial, sino tambi\u00e9n el golpe a los feriantes que trabajan en dicho sector\u201d<\/p>\n<p>Por su parte, Javier Lennard narr\u00f3 que \u201cnos encontramos a primera hora con la ingrata noticia. Es doloroso, indigna, pero debemos decir que despert\u00f3 tambi\u00e9n un r\u00e1pido sentimiento de solidaridad. El Municipio por orden del intendente municipal r\u00e1pidamente lo pondr\u00e1 en condiciones, pero no lo har\u00e1 solo, lo haremos junto a los feriantes en una jornada solidaria, o dos, lo que sea necesario, porque La Trocha es de todos, para todos, y as\u00ed como unos pocos hacen vandalismos, la mayor\u00eda decide cuidar\u201d<\/p>\n<p>Se supo tambi\u00e9n que se estar\u00e1 realizan la correspondiente investigaci\u00f3n.<\/p>\n<p>\u201cEsto no nos va a tirar para abajo, nos hace cada d\u00eda m\u00e1s fuerte\u201d, dijo Isabel, una de las artesanas y defensoras del predio.<\/p>\n<p>&nbsp;<\/p>\n<p><span style=\"color: #808080;\">Data: La trocha<\/span><\/p>\n","protected":false},"excerpt":{"rendered":"<p>La ma\u00f1ana del s\u00e1bado amaneci\u00f3 con un acto reprochable. Los puestos de los feriantes hab\u00edan sido desarmados por completo. No &#8230; <a title=\"Vandalismo en La Trocha indign\u00f3 a vecinos, feriantes y familias que disfrutan en predio\" class=\"read-more\" href=\"https:\/\/www.hoymercedes.com.ar\/principal\/2018\/11\/24\/vandalismo-en-la-trocha-indigno-a-vecinos-feriantes-y-familias-que-disfrutan-en-predio\/\" aria-label=\"Leer m\u00e1s sobre Vandalismo en La Trocha indign\u00f3 a vecinos, feriantes y familias que disfrutan en predio\">Leer m\u00e1s<\/a><\/p>\n","protected":false},"author":1,"featured_media":84405,"comment_status":"closed","ping_status":"open","sticky":false,"template":"","format":"standard","meta":{"_monsterinsights_skip_tracking":false,"_monsterinsights_sitenote_active":false,"_monsterinsights_sitenote_note":"","_monsterinsights_sitenote_category":0,"jetpack_post_was_ever_published":false,"_jetpack_newsletter_access":"","_jetpack_dont_email_post_to_subs":false,"_jetpack_newsletter_tier_id":0,"_jetpack_memberships_contains_paywalled_content":false,"_jetpack_memberships_contains_paid_content":false,"footnotes":"","jetpack_publicize_message":"","jetpack_publicize_feature_enabled":true,"jetpack_social_post_already_shared":true,"jetpack_social_options":{"image_generator_settings":{"template":"highway","default_image_id":0,"font":"","enabled":false},"version":2},"_wpas_customize_per_network":false},"categories":[85],"tags":[9462,96,8201],"class_list":["post-84404","post","type-post","status-publish","format-standard","has-post-thumbnail","hentry","category-policial","tag-feria-la-trocha","tag-policial-2","tag-vandalismo","generate-columns","tablet-grid-50","mobile-grid-100","grid-parent","grid-50"],"jetpack_publicize_connections":[],"jetpack_featured_media_url":"https:\/\/www.hoymercedes.com.ar\/principal\/wp-content\/uploads\/2018\/11\/destruccion-trocha.jpeg","wps_subtitle":"Espacio p\u00fablico","jetpack_sharing_enabled":true,"_links":{"self":[{"href":"https:\/\/www.hoymercedes.com.ar\/principal\/wp-json\/wp\/v2\/posts\/84404","targetHints":{"allow":["GET"]}}],"collection":[{"href":"https:\/\/www.hoymercedes.com.ar\/principal\/wp-json\/wp\/v2\/posts"}],"about":[{"href":"https:\/\/www.hoymercedes.com.ar\/principal\/wp-json\/wp\/v2\/types\/post"}],"author":[{"embeddable":true,"href":"https:\/\/www.hoymercedes.com.ar\/principal\/wp-json\/wp\/v2\/users\/1"}],"replies":[{"embeddable":true,"href":"https:\/\/www.hoymercedes.com.ar\/principal\/wp-json\/wp\/v2\/comments?post=84404"}],"version-history":[{"count":0,"href":"https:\/\/www.hoymercedes.com.ar\/principal\/wp-json\/wp\/v2\/posts\/84404\/revisions"}],"wp:featuredmedia":[{"embeddable":true,"href":"https:\/\/www.hoymercedes.com.ar\/principal\/wp-json\/wp\/v2\/media\/84405"}],"wp:attachment":[{"href":"https:\/\/www.hoymercedes.com.ar\/principal\/wp-json\/wp\/v2\/media?parent=84404"}],"wp:term":[{"taxonomy":"category","embeddable":true,"href":"https:\/\/www.hoymercedes.com.ar\/principal\/wp-json\/wp\/v2\/categories?post=84404"},{"taxonomy":"post_tag","embeddable":true,"href":"https:\/\/www.hoymercedes.com.ar\/principal\/wp-json\/wp\/v2\/tags?post=84404"}],"curies":[{"name":"wp","href":"https:\/\/api.w.org\/{rel}","templated":true}]}}