{"id":84413,"date":"2018-11-24T15:14:41","date_gmt":"2018-11-24T18:14:41","guid":{"rendered":"http:\/\/www.hoymercedes.com.ar\/principal\/?p=84413"},"modified":"2018-11-24T15:33:02","modified_gmt":"2018-11-24T18:33:02","slug":"christian-cerverizzo-campeon-en-sexta-tmt","status":"publish","type":"post","link":"https:\/\/www.hoymercedes.com.ar\/principal\/2018\/11\/24\/christian-cerverizzo-campeon-en-sexta-tmt\/","title":{"rendered":"Christian Cerverizzo campe\u00f3n en Sexta TMT"},"content":{"rendered":"<p>Jugadores de la Escuela Municipal de tenis de mesa siguen sumando t\u00edtulos. Esta vez participaron en Club Padilla de Vicente\u00a0 L\u00f3pez: Christian Cerverizzo. Alejandro Russo y R\u00faben Ins\u00faa.<\/p>\n<p><img loading=\"lazy\" decoding=\"async\" data-attachment-id=\"84414\" data-permalink=\"https:\/\/www.hoymercedes.com.ar\/principal\/2018\/11\/24\/christian-cerverizzo-campeon-en-sexta-tmt\/whatsapp-image-2018-11-23-at-15-00-04\/#main\" data-orig-file=\"https:\/\/www.hoymercedes.com.ar\/principal\/wp-content\/uploads\/2018\/11\/WhatsApp-Image-2018-11-23-at-15.00.04.jpeg\" data-orig-size=\"1280,960\" data-comments-opened=\"0\" data-image-meta=\"{&quot;aperture&quot;:&quot;0&quot;,&quot;credit&quot;:&quot;&quot;,&quot;camera&quot;:&quot;&quot;,&quot;caption&quot;:&quot;&quot;,&quot;created_timestamp&quot;:&quot;0&quot;,&quot;copyright&quot;:&quot;&quot;,&quot;focal_length&quot;:&quot;0&quot;,&quot;iso&quot;:&quot;0&quot;,&quot;shutter_speed&quot;:&quot;0&quot;,&quot;title&quot;:&quot;&quot;,&quot;orientation&quot;:&quot;0&quot;}\" data-image-title=\"WhatsApp Image 2018-11-23 at 15.00.04\" data-image-description=\"\" data-image-caption=\"\" data-large-file=\"https:\/\/www.hoymercedes.com.ar\/principal\/wp-content\/uploads\/2018\/11\/WhatsApp-Image-2018-11-23-at-15.00.04-1024x768.jpeg\" class=\"aligncenter size-full wp-image-84414\" src=\"https:\/\/www.hoymercedes.com.ar\/principal\/wp-content\/uploads\/2018\/11\/WhatsApp-Image-2018-11-23-at-15.00.04.jpeg\" alt=\"\" width=\"1280\" height=\"960\" srcset=\"https:\/\/www.hoymercedes.com.ar\/principal\/wp-content\/uploads\/2018\/11\/WhatsApp-Image-2018-11-23-at-15.00.04.jpeg 1280w, https:\/\/www.hoymercedes.com.ar\/principal\/wp-content\/uploads\/2018\/11\/WhatsApp-Image-2018-11-23-at-15.00.04-150x113.jpeg 150w, https:\/\/www.hoymercedes.com.ar\/principal\/wp-content\/uploads\/2018\/11\/WhatsApp-Image-2018-11-23-at-15.00.04-630x473.jpeg 630w, https:\/\/www.hoymercedes.com.ar\/principal\/wp-content\/uploads\/2018\/11\/WhatsApp-Image-2018-11-23-at-15.00.04-1024x768.jpeg 1024w\" sizes=\"auto, (max-width: 1280px) 100vw, 1280px\" \/><\/p>\n<p>En la Sexta categor\u00eda se presentaron Ins\u00faa y Cerverizzo, quien se destac\u00f3 en su primer torneo con el campeonato luego de 30 a\u00f1os volver a competir de manera oficial.<\/p>\n<p>Quedando como campe\u00f3n invicto, gan\u00e1ndole en una re\u00f1ida final al local Leonardo Kaladjian por 3-2 (9\/11-11\/7-7\/11-11\/6-11\/3).<\/p>\n<p>En la Quinta categor\u00eda jugaron Cerverizzo y Alejandro Russo, este \u00faltimo hizo un buen torneo llegando a cuartos de final a un paso de clasificar, para seguir sumando para el ranking\u00a0 TMT.<\/p>\n<p><img loading=\"lazy\" decoding=\"async\" data-attachment-id=\"84415\" data-permalink=\"https:\/\/www.hoymercedes.com.ar\/principal\/2018\/11\/24\/christian-cerverizzo-campeon-en-sexta-tmt\/whatsapp-image-2018-11-23-at-15-00-05\/#main\" data-orig-file=\"https:\/\/www.hoymercedes.com.ar\/principal\/wp-content\/uploads\/2018\/11\/WhatsApp-Image-2018-11-23-at-15.00.05.jpeg\" data-orig-size=\"960,1280\" data-comments-opened=\"0\" data-image-meta=\"{&quot;aperture&quot;:&quot;0&quot;,&quot;credit&quot;:&quot;&quot;,&quot;camera&quot;:&quot;&quot;,&quot;caption&quot;:&quot;&quot;,&quot;created_timestamp&quot;:&quot;0&quot;,&quot;copyright&quot;:&quot;&quot;,&quot;focal_length&quot;:&quot;0&quot;,&quot;iso&quot;:&quot;0&quot;,&quot;shutter_speed&quot;:&quot;0&quot;,&quot;title&quot;:&quot;&quot;,&quot;orientation&quot;:&quot;0&quot;}\" data-image-title=\"WhatsApp Image 2018-11-23 at 15.00.05\" data-image-description=\"\" data-image-caption=\"\" data-large-file=\"https:\/\/www.hoymercedes.com.ar\/principal\/wp-content\/uploads\/2018\/11\/WhatsApp-Image-2018-11-23-at-15.00.05-768x1024.jpeg\" class=\"aligncenter size-full wp-image-84415\" src=\"https:\/\/www.hoymercedes.com.ar\/principal\/wp-content\/uploads\/2018\/11\/WhatsApp-Image-2018-11-23-at-15.00.05.jpeg\" alt=\"\" width=\"960\" height=\"1280\" srcset=\"https:\/\/www.hoymercedes.com.ar\/principal\/wp-content\/uploads\/2018\/11\/WhatsApp-Image-2018-11-23-at-15.00.05.jpeg 960w, https:\/\/www.hoymercedes.com.ar\/principal\/wp-content\/uploads\/2018\/11\/WhatsApp-Image-2018-11-23-at-15.00.05-113x150.jpeg 113w, https:\/\/www.hoymercedes.com.ar\/principal\/wp-content\/uploads\/2018\/11\/WhatsApp-Image-2018-11-23-at-15.00.05-465x620.jpeg 465w, https:\/\/www.hoymercedes.com.ar\/principal\/wp-content\/uploads\/2018\/11\/WhatsApp-Image-2018-11-23-at-15.00.05-768x1024.jpeg 768w\" sizes=\"auto, (max-width: 960px) 100vw, 960px\" \/><\/p>\n","protected":false},"excerpt":{"rendered":"<p>Jugadores de la Escuela Municipal de tenis de mesa siguen sumando t\u00edtulos. Esta vez participaron en Club Padilla de Vicente\u00a0 &#8230; <a title=\"Christian Cerverizzo campe\u00f3n en Sexta TMT\" class=\"read-more\" href=\"https:\/\/www.hoymercedes.com.ar\/principal\/2018\/11\/24\/christian-cerverizzo-campeon-en-sexta-tmt\/\" aria-label=\"Leer m\u00e1s sobre Christian Cerverizzo campe\u00f3n en Sexta TMT\">Leer m\u00e1s<\/a><\/p>\n","protected":false},"author":1,"featured_media":84414,"comment_status":"closed","ping_status":"open","sticky":false,"template":"","format":"standard","meta":{"_monsterinsights_skip_tracking":false,"_monsterinsights_sitenote_active":false,"_monsterinsights_sitenote_note":"","_monsterinsights_sitenote_category":0,"jetpack_post_was_ever_published":false,"_jetpack_newsletter_access":"","_jetpack_dont_email_post_to_subs":false,"_jetpack_newsletter_tier_id":0,"_jetpack_memberships_contains_paywalled_content":false,"_jetpack_memberships_contains_paid_content":false,"footnotes":"","jetpack_publicize_message":"","jetpack_publicize_feature_enabled":true,"jetpack_social_post_already_shared":true,"jetpack_social_options":{"image_generator_settings":{"template":"highway","default_image_id":0,"font":"","enabled":false},"version":2},"_wpas_customize_per_network":false},"categories":[21],"tags":[14099,204,14098,8586],"class_list":["post-84413","post","type-post","status-publish","format-standard","has-post-thumbnail","hentry","category-deportes","tag-christian-cerverizzo","tag-deportes-2","tag-sexta-tmt","tag-tenis-de-mesa","generate-columns","tablet-grid-50","mobile-grid-100","grid-parent","grid-50"],"jetpack_publicize_connections":[],"jetpack_featured_media_url":"https:\/\/www.hoymercedes.com.ar\/principal\/wp-content\/uploads\/2018\/11\/WhatsApp-Image-2018-11-23-at-15.00.04.jpeg","wps_subtitle":"Tenis de Mesa","jetpack_sharing_enabled":true,"jetpack-related-posts":[{"id":95979,"url":"https:\/\/www.hoymercedes.com.ar\/principal\/2019\/07\/02\/christian-cerverizzo-campeon-en-el-pro-tour-de-tmt\/","url_meta":{"origin":84413,"position":0},"title":"Christian Cerverizzo Campe\u00f3n en el Pro Tour de TMT","author":"hoymercedes","date":"2 julio, 2019","format":false,"excerpt":"El s\u00e1bado 29 se desarroll\u00f3 en las instalaciones del CENARD, en el Estadio Romero Brest, el 9no Campeonato Pro Tour de TMT, el m\u00e1s importante del a\u00f1o. Con un gran marco de jugadores con m\u00e1s de 250 inscriptos el equipo mercedino representando a la Escuela Municipal se present\u00f3 en todas\u2026","rel":"","context":"En \u00abDeportes\u00bb","block_context":{"text":"Deportes","link":"https:\/\/www.hoymercedes.com.ar\/principal\/category\/deportes\/"},"img":{"alt_text":"","src":"https:\/\/i0.wp.com\/www.hoymercedes.com.ar\/principal\/wp-content\/uploads\/2019\/06\/Cristian-Cerverizzo-2.jpg?resize=350%2C200&ssl=1","width":350,"height":200,"srcset":"https:\/\/i0.wp.com\/www.hoymercedes.com.ar\/principal\/wp-content\/uploads\/2019\/06\/Cristian-Cerverizzo-2.jpg?resize=350%2C200&ssl=1 1x, https:\/\/i0.wp.com\/www.hoymercedes.com.ar\/principal\/wp-content\/uploads\/2019\/06\/Cristian-Cerverizzo-2.jpg?resize=525%2C300&ssl=1 1.5x, https:\/\/i0.wp.com\/www.hoymercedes.com.ar\/principal\/wp-content\/uploads\/2019\/06\/Cristian-Cerverizzo-2.jpg?resize=700%2C400&ssl=1 2x"},"classes":[]},{"id":94822,"url":"https:\/\/www.hoymercedes.com.ar\/principal\/2019\/06\/10\/christian-cerverizzo-campeon-en-el-tmt-ciudad-de-moron\/","url_meta":{"origin":84413,"position":1},"title":"Christian Cerverizzo campe\u00f3n en el TMT Ciudad de Mor\u00f3n","author":"hoymercedes","date":"10 junio, 2019","format":false,"excerpt":"Durante \u00a0el s\u00e1bado 8 jugadores pertenecientes a la Escuela Municipal de tenis de mesa\u00a0 tomaron parte del 73\u00b0 Torneo Ciudad de Mor\u00f3n. En Sexta divisi\u00f3n, Carlos Roig t consigui\u00f3 tener un buen torneo arribando a cuartos de final. En Quinta, Alejandro Russo lleg\u00f3 a cuartos de final y Christian Cerverizzo\u2026","rel":"","context":"En \u00abDeportes\u00bb","block_context":{"text":"Deportes","link":"https:\/\/www.hoymercedes.com.ar\/principal\/category\/deportes\/"},"img":{"alt_text":"","src":"https:\/\/i0.wp.com\/www.hoymercedes.com.ar\/principal\/wp-content\/uploads\/2019\/06\/mesa.jpg?resize=350%2C200&ssl=1","width":350,"height":200,"srcset":"https:\/\/i0.wp.com\/www.hoymercedes.com.ar\/principal\/wp-content\/uploads\/2019\/06\/mesa.jpg?resize=350%2C200&ssl=1 1x, https:\/\/i0.wp.com\/www.hoymercedes.com.ar\/principal\/wp-content\/uploads\/2019\/06\/mesa.jpg?resize=525%2C300&ssl=1 1.5x"},"classes":[]},{"id":134998,"url":"https:\/\/www.hoymercedes.com.ar\/principal\/2021\/08\/10\/la-delegacion-mercedina-se-lucio-en-el-tmt-en-ferro\/","url_meta":{"origin":84413,"position":2},"title":"La delegaci\u00f3n mercedina se luci\u00f3 en el TMT en Ferro","author":"hoymercedes","date":"10 agosto, 2021","format":false,"excerpt":"El pasado s\u00e1bado la escuela municipal de tenis de mesa participo del 138 torneo en el Club Ferrocarril Oeste.\u00a0\u00a0 El equipo estuvo comandado por Alejandro\u00a0Russo, se impuso en todas las categor\u00edas con muy buenas actuaciones de la delegaci\u00f3n mercedina.\u00a0 En 4ta categor\u00eda Dar\u00edo\u00a0Dellafontana\u00a0fue\u00a0Sub\u00a0Campe\u00f3n en una re\u00f1ida final 3 set a\u2026","rel":"","context":"En \u00abDeportes\u00bb","block_context":{"text":"Deportes","link":"https:\/\/www.hoymercedes.com.ar\/principal\/category\/deportes\/"},"img":{"alt_text":"","src":"https:\/\/i0.wp.com\/www.hoymercedes.com.ar\/principal\/wp-content\/uploads\/2021\/08\/WhatsApp-Image-2021-08-09-at-11.32.47-2.jpeg?resize=350%2C200&ssl=1","width":350,"height":200,"srcset":"https:\/\/i0.wp.com\/www.hoymercedes.com.ar\/principal\/wp-content\/uploads\/2021\/08\/WhatsApp-Image-2021-08-09-at-11.32.47-2.jpeg?resize=350%2C200&ssl=1 1x, https:\/\/i0.wp.com\/www.hoymercedes.com.ar\/principal\/wp-content\/uploads\/2021\/08\/WhatsApp-Image-2021-08-09-at-11.32.47-2.jpeg?resize=525%2C300&ssl=1 1.5x, https:\/\/i0.wp.com\/www.hoymercedes.com.ar\/principal\/wp-content\/uploads\/2021\/08\/WhatsApp-Image-2021-08-09-at-11.32.47-2.jpeg?resize=700%2C400&ssl=1 2x"},"classes":[]},{"id":126846,"url":"https:\/\/www.hoymercedes.com.ar\/principal\/2021\/03\/25\/tenis-de-mesa-mercedinos-en-tmt-de-zarate\/","url_meta":{"origin":84413,"position":3},"title":"Tenis de Mesa: Mercedinos en TMT de Zarate","author":"hoymercedes","date":"25 marzo, 2021","format":false,"excerpt":"El s\u00e1bado pasado se llev\u00f3 a cabo la Copa Ciudad de Z\u00e1rate donde participaron representantes locales. En tanto, el fin de semana anterior, Alejandro\u00a0Russo\u00a0logr\u00f3 el\u00a0sub\u00a0campeonato de 5ta en el 341\u00b0 torneo Atlanta, en Villa Crespo. El d\u00eda s\u00e1bado, un grupo de jugadores representantes de Mercedes Tenis de Mesa participaron del\u2026","rel":"","context":"En \u00abDeportes\u00bb","block_context":{"text":"Deportes","link":"https:\/\/www.hoymercedes.com.ar\/principal\/category\/deportes\/"},"img":{"alt_text":"","src":"https:\/\/i0.wp.com\/www.hoymercedes.com.ar\/principal\/wp-content\/uploads\/2021\/03\/dtenis-1.jpeg?resize=350%2C200&ssl=1","width":350,"height":200,"srcset":"https:\/\/i0.wp.com\/www.hoymercedes.com.ar\/principal\/wp-content\/uploads\/2021\/03\/dtenis-1.jpeg?resize=350%2C200&ssl=1 1x, https:\/\/i0.wp.com\/www.hoymercedes.com.ar\/principal\/wp-content\/uploads\/2021\/03\/dtenis-1.jpeg?resize=525%2C300&ssl=1 1.5x, https:\/\/i0.wp.com\/www.hoymercedes.com.ar\/principal\/wp-content\/uploads\/2021\/03\/dtenis-1.jpeg?resize=700%2C400&ssl=1 2x"},"classes":[]},{"id":134617,"url":"https:\/\/www.hoymercedes.com.ar\/principal\/2021\/08\/03\/tenis-de-mesa-podios-mercedinos-en-el-circuito-tmt\/","url_meta":{"origin":84413,"position":4},"title":"Tenis de Mesa: Podios mercedinos en el circuito TMT","author":"hoymercedes","date":"3 agosto, 2021","format":false,"excerpt":"Dar\u00edo\u00a0Dellafontana\u00a0fue campe\u00f3n invicto en 4ta divisi\u00f3n, ministras que Christian\u00a0Cerverizzo\u00a0fue tercero, al igual que Luciano Bozzuto. Ahora se preparan para una nueva jornada la semana pr\u00f3xima.\u00a0 El pasado s\u00e1bado 23 de julio, jugadores federados de la Escuela Municipal de Tenis de Mesa participaron de dos torneos. El primero fue en el\u2026","rel":"","context":"En \u00abDeportes\u00bb","block_context":{"text":"Deportes","link":"https:\/\/www.hoymercedes.com.ar\/principal\/category\/deportes\/"},"img":{"alt_text":"","src":"https:\/\/i0.wp.com\/www.hoymercedes.com.ar\/principal\/wp-content\/uploads\/2021\/08\/dtenismesa-2.jpeg?resize=350%2C200&ssl=1","width":350,"height":200,"srcset":"https:\/\/i0.wp.com\/www.hoymercedes.com.ar\/principal\/wp-content\/uploads\/2021\/08\/dtenismesa-2.jpeg?resize=350%2C200&ssl=1 1x, https:\/\/i0.wp.com\/www.hoymercedes.com.ar\/principal\/wp-content\/uploads\/2021\/08\/dtenismesa-2.jpeg?resize=525%2C300&ssl=1 1.5x, https:\/\/i0.wp.com\/www.hoymercedes.com.ar\/principal\/wp-content\/uploads\/2021\/08\/dtenismesa-2.jpeg?resize=700%2C400&ssl=1 2x"},"classes":[]},{"id":157850,"url":"https:\/\/www.hoymercedes.com.ar\/principal\/2023\/01\/31\/tenis-de-mesa-primer-campeonato-de-verano-de-tenis-de-mesa\/","url_meta":{"origin":84413,"position":5},"title":"Tenis de mesa: Primer campeonato de verano de tenis de mesa\u00a0","author":"hoymercedes","date":"31 enero, 2023","format":false,"excerpt":"Se llev\u00f3 a cabo el inicio de actividades para la Escuela Municipal a cargo de Alejandro Russo y Jorge Yuyo Montaldo. Hubo un torneo en las instalaciones del Club Mercedes que cont\u00f3 con un amplia participaci\u00f3n.\u00a0","rel":"","context":"En \u00abDeportes\u00bb","block_context":{"text":"Deportes","link":"https:\/\/www.hoymercedes.com.ar\/principal\/category\/deportes\/"},"img":{"alt_text":"","src":"https:\/\/i0.wp.com\/www.hoymercedes.com.ar\/principal\/wp-content\/uploads\/2023\/01\/dtenis-mesa-3001.jpeg?resize=350%2C200&ssl=1","width":350,"height":200,"srcset":"https:\/\/i0.wp.com\/www.hoymercedes.com.ar\/principal\/wp-content\/uploads\/2023\/01\/dtenis-mesa-3001.jpeg?resize=350%2C200&ssl=1 1x, https:\/\/i0.wp.com\/www.hoymercedes.com.ar\/principal\/wp-content\/uploads\/2023\/01\/dtenis-mesa-3001.jpeg?resize=525%2C300&ssl=1 1.5x, https:\/\/i0.wp.com\/www.hoymercedes.com.ar\/principal\/wp-content\/uploads\/2023\/01\/dtenis-mesa-3001.jpeg?resize=700%2C400&ssl=1 2x"},"classes":[]}],"_links":{"self":[{"href":"https:\/\/www.hoymercedes.com.ar\/principal\/wp-json\/wp\/v2\/posts\/84413","targetHints":{"allow":["GET"]}}],"collection":[{"href":"https:\/\/www.hoymercedes.com.ar\/principal\/wp-json\/wp\/v2\/posts"}],"about":[{"href":"https:\/\/www.hoymercedes.com.ar\/principal\/wp-json\/wp\/v2\/types\/post"}],"author":[{"embeddable":true,"href":"https:\/\/www.hoymercedes.com.ar\/principal\/wp-json\/wp\/v2\/users\/1"}],"replies":[{"embeddable":true,"href":"https:\/\/www.hoymercedes.com.ar\/principal\/wp-json\/wp\/v2\/comments?post=84413"}],"version-history":[{"count":0,"href":"https:\/\/www.hoymercedes.com.ar\/principal\/wp-json\/wp\/v2\/posts\/84413\/revisions"}],"wp:featuredmedia":[{"embeddable":true,"href":"https:\/\/www.hoymercedes.com.ar\/principal\/wp-json\/wp\/v2\/media\/84414"}],"wp:attachment":[{"href":"https:\/\/www.hoymercedes.com.ar\/principal\/wp-json\/wp\/v2\/media?parent=84413"}],"wp:term":[{"taxonomy":"category","embeddable":true,"href":"https:\/\/www.hoymercedes.com.ar\/principal\/wp-json\/wp\/v2\/categories?post=84413"},{"taxonomy":"post_tag","embeddable":true,"href":"https:\/\/www.hoymercedes.com.ar\/principal\/wp-json\/wp\/v2\/tags?post=84413"}],"curies":[{"name":"wp","href":"https:\/\/api.w.org\/{rel}","templated":true}]}}