{"id":84418,"date":"2018-11-24T17:15:33","date_gmt":"2018-11-24T20:15:33","guid":{"rendered":"http:\/\/www.hoymercedes.com.ar\/principal\/?p=84418"},"modified":"2018-11-24T15:19:41","modified_gmt":"2018-11-24T18:19:41","slug":"se-realizo-la-3-cena-solidaria-por-la-educacion","status":"publish","type":"post","link":"https:\/\/www.hoymercedes.com.ar\/principal\/2018\/11\/24\/se-realizo-la-3-cena-solidaria-por-la-educacion\/","title":{"rendered":"Se realiz\u00f3 la 3\u00b0 cena solidaria por la educaci\u00f3n"},"content":{"rendered":"<figure id=\"attachment_84419\" aria-describedby=\"caption-attachment-84419\" style=\"width: 1356px\" class=\"wp-caption aligncenter\"><img loading=\"lazy\" decoding=\"async\" data-attachment-id=\"84419\" data-permalink=\"https:\/\/www.hoymercedes.com.ar\/principal\/2018\/11\/24\/se-realizo-la-3-cena-solidaria-por-la-educacion\/cena-educacion-4\/#main\" data-orig-file=\"https:\/\/www.hoymercedes.com.ar\/principal\/wp-content\/uploads\/2018\/11\/Cena-Educacion-4.jpg\" data-orig-size=\"1366,564\" data-comments-opened=\"0\" data-image-meta=\"{&quot;aperture&quot;:&quot;0&quot;,&quot;credit&quot;:&quot;&quot;,&quot;camera&quot;:&quot;&quot;,&quot;caption&quot;:&quot;&quot;,&quot;created_timestamp&quot;:&quot;0&quot;,&quot;copyright&quot;:&quot;&quot;,&quot;focal_length&quot;:&quot;0&quot;,&quot;iso&quot;:&quot;0&quot;,&quot;shutter_speed&quot;:&quot;0&quot;,&quot;title&quot;:&quot;&quot;,&quot;orientation&quot;:&quot;0&quot;}\" data-image-title=\"Cena-Educacion-4\" data-image-description=\"\" data-image-caption=\"&lt;p&gt;Cena por la educaci\u00f3n&lt;\/p&gt;\n\" data-large-file=\"https:\/\/www.hoymercedes.com.ar\/principal\/wp-content\/uploads\/2018\/11\/Cena-Educacion-4-1024x423.jpg\" class=\"size-full wp-image-84419\" src=\"https:\/\/www.hoymercedes.com.ar\/principal\/wp-content\/uploads\/2018\/11\/Cena-Educacion-4.jpg\" alt=\"\" width=\"1366\" height=\"564\" srcset=\"https:\/\/www.hoymercedes.com.ar\/principal\/wp-content\/uploads\/2018\/11\/Cena-Educacion-4.jpg 1366w, https:\/\/www.hoymercedes.com.ar\/principal\/wp-content\/uploads\/2018\/11\/Cena-Educacion-4-150x62.jpg 150w, https:\/\/www.hoymercedes.com.ar\/principal\/wp-content\/uploads\/2018\/11\/Cena-Educacion-4-630x260.jpg 630w, https:\/\/www.hoymercedes.com.ar\/principal\/wp-content\/uploads\/2018\/11\/Cena-Educacion-4-1024x423.jpg 1024w\" sizes=\"auto, (max-width: 1366px) 100vw, 1366px\" \/><figcaption id=\"caption-attachment-84419\" class=\"wp-caption-text\">Cena por la educaci\u00f3n<\/figcaption><\/figure>\n<p style=\"font-weight: 400;\">Con una gran convocatoria se llev\u00f3 a cabo la tercera cena solidaria por la educaci\u00f3n organizada entre instituciones educativas y la Municipalidad de Mercedes. Fue en el Mart\u00edn Rodr\u00edguez y se obtuvo una venta total de las tarjetas disponibles. Para el intendente Ustarroz es un \u201corgullo ver como por causas tan importantes y nobles los mercedinos decimos presentes, brindando un apoyo incondicional, como se vio esta noche, entre tantas otras tan valiosas\u201d<\/p>\n<p style=\"font-weight: 400;\">La convocatoria fue para tres instituciones educativas de la ciudad, todas ellas de la comunidad de Altamira. El Jard\u00edn N\u00b0 911, la Escuela Primaria N\u00b017 y la Secundaria N\u00b011.<\/p>\n<p style=\"font-weight: 400;\">En la organizaci\u00f3n participaron desde dichas escuelas y jard\u00edn junto a la municipalidad de Mercedes bajo el eje ya conocido de trabajar palmo a palmo con sus verdaderos protagonistas.<\/p>\n<figure id=\"attachment_84421\" aria-describedby=\"caption-attachment-84421\" style=\"width: 1022px\" class=\"wp-caption aligncenter\"><img loading=\"lazy\" decoding=\"async\" data-attachment-id=\"84421\" data-permalink=\"https:\/\/www.hoymercedes.com.ar\/principal\/2018\/11\/24\/se-realizo-la-3-cena-solidaria-por-la-educacion\/cena-educacion-5\/#main\" data-orig-file=\"https:\/\/www.hoymercedes.com.ar\/principal\/wp-content\/uploads\/2018\/11\/Cena-Educacion-5.jpg\" data-orig-size=\"1032,490\" data-comments-opened=\"0\" data-image-meta=\"{&quot;aperture&quot;:&quot;0&quot;,&quot;credit&quot;:&quot;&quot;,&quot;camera&quot;:&quot;&quot;,&quot;caption&quot;:&quot;&quot;,&quot;created_timestamp&quot;:&quot;0&quot;,&quot;copyright&quot;:&quot;&quot;,&quot;focal_length&quot;:&quot;0&quot;,&quot;iso&quot;:&quot;0&quot;,&quot;shutter_speed&quot;:&quot;0&quot;,&quot;title&quot;:&quot;&quot;,&quot;orientation&quot;:&quot;0&quot;}\" data-image-title=\"Cena-Educacion-5\" data-image-description=\"\" data-image-caption=\"&lt;p&gt;Encuentro en el Mart\u00edn Rodriguez &lt;\/p&gt;\n\" data-large-file=\"https:\/\/www.hoymercedes.com.ar\/principal\/wp-content\/uploads\/2018\/11\/Cena-Educacion-5-1024x486.jpg\" class=\"size-full wp-image-84421\" src=\"https:\/\/www.hoymercedes.com.ar\/principal\/wp-content\/uploads\/2018\/11\/Cena-Educacion-5.jpg\" alt=\"\" width=\"1032\" height=\"490\" srcset=\"https:\/\/www.hoymercedes.com.ar\/principal\/wp-content\/uploads\/2018\/11\/Cena-Educacion-5.jpg 1032w, https:\/\/www.hoymercedes.com.ar\/principal\/wp-content\/uploads\/2018\/11\/Cena-Educacion-5-150x71.jpg 150w, https:\/\/www.hoymercedes.com.ar\/principal\/wp-content\/uploads\/2018\/11\/Cena-Educacion-5-630x299.jpg 630w, https:\/\/www.hoymercedes.com.ar\/principal\/wp-content\/uploads\/2018\/11\/Cena-Educacion-5-1024x486.jpg 1024w\" sizes=\"auto, (max-width: 1032px) 100vw, 1032px\" \/><figcaption id=\"caption-attachment-84421\" class=\"wp-caption-text\">Encuentro en el Mart\u00edn Rodriguez<\/figcaption><\/figure>\n<p style=\"font-weight: 400;\">Vale recordar que este tipo de propuestas han surgido tiempo atr\u00e1s y desde la gesti\u00f3n local se han potenciado siendo miles de asistentes a decenas de cenas y propuestas solidarias, desde bomberos a guardia pedi\u00e1trica, del deporte a la cultura, siempre con el objetivo de unir a los vecinos por causas justas y donde el a\u00f1o pasado se efectuaban en La Trocha, pero, actualmente, tras el cambio total del techo y las reformas estructurales concretadas desde la Direcci\u00f3n de Deportes se mudaron a las c\u00f3modas instalaciones del Mart\u00edn Rodr\u00edguez.<\/p>\n<p style=\"font-weight: 400;\">Cada una de las acciones en torno a la velada fueron totalmente realizadas por voluntarios, desde los parrilleros a los mozos, los que vendieron y promocionaron, sabiendo lo valioso de la causa.<\/p>\n<p style=\"font-weight: 400;\">\u201cFue una invitaci\u00f3n a todos los mercedinos. Nuestra tercera cena solidaria por la educaci\u00f3n fue un \u00e9xito y s\u00f3lo podemos decir gracias y felicitar a todos los que lo hicieron posible, con una comunidad educativa, de cada instituci\u00f3n, exponiendo un compromiso enorme, que nos enorgullece a todos, emociona\u201d, destac\u00f3 Jos\u00e9 Luis Pisano, consejero escolar.<\/p>\n<figure id=\"attachment_84422\" aria-describedby=\"caption-attachment-84422\" style=\"width: 1022px\" class=\"wp-caption aligncenter\"><img loading=\"lazy\" decoding=\"async\" data-attachment-id=\"84422\" data-permalink=\"https:\/\/www.hoymercedes.com.ar\/principal\/2018\/11\/24\/se-realizo-la-3-cena-solidaria-por-la-educacion\/cena-educacion-6\/#main\" data-orig-file=\"https:\/\/www.hoymercedes.com.ar\/principal\/wp-content\/uploads\/2018\/11\/Cena-Educacion-6.jpg\" data-orig-size=\"1032,581\" data-comments-opened=\"0\" data-image-meta=\"{&quot;aperture&quot;:&quot;0&quot;,&quot;credit&quot;:&quot;&quot;,&quot;camera&quot;:&quot;&quot;,&quot;caption&quot;:&quot;&quot;,&quot;created_timestamp&quot;:&quot;0&quot;,&quot;copyright&quot;:&quot;&quot;,&quot;focal_length&quot;:&quot;0&quot;,&quot;iso&quot;:&quot;0&quot;,&quot;shutter_speed&quot;:&quot;0&quot;,&quot;title&quot;:&quot;&quot;,&quot;orientation&quot;:&quot;0&quot;}\" data-image-title=\"Cena-Educacion-6\" data-image-description=\"\" data-image-caption=\"&lt;p&gt;Gran asistencia y voluntariado&lt;\/p&gt;\n\" data-large-file=\"https:\/\/www.hoymercedes.com.ar\/principal\/wp-content\/uploads\/2018\/11\/Cena-Educacion-6-1024x576.jpg\" class=\"size-full wp-image-84422\" src=\"https:\/\/www.hoymercedes.com.ar\/principal\/wp-content\/uploads\/2018\/11\/Cena-Educacion-6.jpg\" alt=\"\" width=\"1032\" height=\"581\" srcset=\"https:\/\/www.hoymercedes.com.ar\/principal\/wp-content\/uploads\/2018\/11\/Cena-Educacion-6.jpg 1032w, https:\/\/www.hoymercedes.com.ar\/principal\/wp-content\/uploads\/2018\/11\/Cena-Educacion-6-150x84.jpg 150w, https:\/\/www.hoymercedes.com.ar\/principal\/wp-content\/uploads\/2018\/11\/Cena-Educacion-6-630x355.jpg 630w, https:\/\/www.hoymercedes.com.ar\/principal\/wp-content\/uploads\/2018\/11\/Cena-Educacion-6-1024x576.jpg 1024w\" sizes=\"auto, (max-width: 1032px) 100vw, 1032px\" \/><figcaption id=\"caption-attachment-84422\" class=\"wp-caption-text\">Gran asistencia y voluntariado<\/figcaption><\/figure>\n<p style=\"font-weight: 400;\">Por \u00faltimo, el jefe comunal, Juan Ustarroz, record\u00f3 que \u201cnosotros apoyamos y recorremos todas las instituciones educativas, todas las semanas visitamos y recibimos miembros de espacios educativos, hacemos obras y entregamos bienes, pero sin duda estas cenas tienen un plus, un factor que las destaca y es la solidaridad, el lograr un objetivo construido entre todos. Por eso, m\u00e1s que nunca, gracias por dejarnos ser parte y felicitaciones\u201d.<\/p>\n<p>&nbsp;<\/p>\n<p><span style=\"color: #808080;\">Data: organizaci\u00f3n de la cena<\/span><\/p>\n","protected":false},"excerpt":{"rendered":"<p>Con una gran convocatoria se llev\u00f3 a cabo la tercera cena solidaria por la educaci\u00f3n organizada entre instituciones educativas y &#8230; <a title=\"Se realiz\u00f3 la 3\u00b0 cena solidaria por la educaci\u00f3n\" class=\"read-more\" href=\"https:\/\/www.hoymercedes.com.ar\/principal\/2018\/11\/24\/se-realizo-la-3-cena-solidaria-por-la-educacion\/\" aria-label=\"Leer m\u00e1s sobre Se realiz\u00f3 la 3\u00b0 cena solidaria por la educaci\u00f3n\">Leer m\u00e1s<\/a><\/p>\n","protected":false},"author":1,"featured_media":84419,"comment_status":"closed","ping_status":"open","sticky":false,"template":"","format":"standard","meta":{"_monsterinsights_skip_tracking":false,"_monsterinsights_sitenote_active":false,"_monsterinsights_sitenote_note":"","_monsterinsights_sitenote_category":0,"jetpack_post_was_ever_published":false,"_jetpack_newsletter_access":"","_jetpack_dont_email_post_to_subs":false,"_jetpack_newsletter_tier_id":0,"_jetpack_memberships_contains_paywalled_content":false,"_jetpack_memberships_contains_paid_content":false,"footnotes":"","jetpack_publicize_message":"","jetpack_publicize_feature_enabled":true,"jetpack_social_post_already_shared":true,"jetpack_social_options":{"image_generator_settings":{"template":"highway","default_image_id":0,"font":"","enabled":false},"version":2},"_wpas_customize_per_network":false},"categories":[23],"tags":[14096,1869,585],"class_list":["post-84418","post","type-post","status-publish","format-standard","has-post-thumbnail","hentry","category-educacion","tag-cena-solidaria-mercedes","tag-jose-luis-pisano","tag-juan-ustarroz","generate-columns","tablet-grid-50","mobile-grid-100","grid-parent","grid-50"],"jetpack_publicize_connections":[],"jetpack_featured_media_url":"https:\/\/www.hoymercedes.com.ar\/principal\/wp-content\/uploads\/2018\/11\/Cena-Educacion-4.jpg","wps_subtitle":"Gran asistencia","jetpack_sharing_enabled":true,"_links":{"self":[{"href":"https:\/\/www.hoymercedes.com.ar\/principal\/wp-json\/wp\/v2\/posts\/84418","targetHints":{"allow":["GET"]}}],"collection":[{"href":"https:\/\/www.hoymercedes.com.ar\/principal\/wp-json\/wp\/v2\/posts"}],"about":[{"href":"https:\/\/www.hoymercedes.com.ar\/principal\/wp-json\/wp\/v2\/types\/post"}],"author":[{"embeddable":true,"href":"https:\/\/www.hoymercedes.com.ar\/principal\/wp-json\/wp\/v2\/users\/1"}],"replies":[{"embeddable":true,"href":"https:\/\/www.hoymercedes.com.ar\/principal\/wp-json\/wp\/v2\/comments?post=84418"}],"version-history":[{"count":0,"href":"https:\/\/www.hoymercedes.com.ar\/principal\/wp-json\/wp\/v2\/posts\/84418\/revisions"}],"wp:featuredmedia":[{"embeddable":true,"href":"https:\/\/www.hoymercedes.com.ar\/principal\/wp-json\/wp\/v2\/media\/84419"}],"wp:attachment":[{"href":"https:\/\/www.hoymercedes.com.ar\/principal\/wp-json\/wp\/v2\/media?parent=84418"}],"wp:term":[{"taxonomy":"category","embeddable":true,"href":"https:\/\/www.hoymercedes.com.ar\/principal\/wp-json\/wp\/v2\/categories?post=84418"},{"taxonomy":"post_tag","embeddable":true,"href":"https:\/\/www.hoymercedes.com.ar\/principal\/wp-json\/wp\/v2\/tags?post=84418"}],"curies":[{"name":"wp","href":"https:\/\/api.w.org\/{rel}","templated":true}]}}