{"id":84420,"date":"2018-11-24T18:16:53","date_gmt":"2018-11-24T21:16:53","guid":{"rendered":"http:\/\/www.hoymercedes.com.ar\/principal\/?p=84420"},"modified":"2018-11-24T15:36:01","modified_gmt":"2018-11-24T18:36:01","slug":"charla-y-muestra-de-orfebres-en-abogados","status":"publish","type":"post","link":"https:\/\/www.hoymercedes.com.ar\/principal\/2018\/11\/24\/charla-y-muestra-de-orfebres-en-abogados\/","title":{"rendered":"Charla y muestra de orfebres en Abogados"},"content":{"rendered":"<p>En la tarde del viernes y continuando en la ma\u00f1ana del s\u00e1bado, la sede del Colegio de Abogados de Mercedes fue el epicentro de una muestra de orfebrer\u00eda en la que participaron siete orfebres de la zona y cont\u00f3 con la charla del maestro orfebre Emilio Patarca.<\/p>\n<p class=\"jetpack-slideshow-noscript robots-nocontent\">El pase de diapositivas requiere JavaScript.<\/p><div id=\"gallery-84420-1-slideshow\" class=\"jetpack-slideshow-window jetpack-slideshow jetpack-slideshow-black\" data-trans=\"fade\" data-autostart=\"1\" data-gallery=\"[{&quot;src&quot;:&quot;https:\\\/\\\/www.hoymercedes.com.ar\\\/principal\\\/wp-content\\\/uploads\\\/2018\\\/11\\\/24-DSC_1040-630x420.jpg&quot;,&quot;id&quot;:&quot;84436&quot;,&quot;title&quot;:&quot;24 DSC_1040&quot;,&quot;alt&quot;:&quot;&quot;,&quot;caption&quot;:&quot;&quot;,&quot;itemprop&quot;:&quot;image&quot;},{&quot;src&quot;:&quot;https:\\\/\\\/www.hoymercedes.com.ar\\\/principal\\\/wp-content\\\/uploads\\\/2018\\\/11\\\/24-DSC_1042-630x420.jpg&quot;,&quot;id&quot;:&quot;84438&quot;,&quot;title&quot;:&quot;24 DSC_1042&quot;,&quot;alt&quot;:&quot;&quot;,&quot;caption&quot;:&quot;&quot;,&quot;itemprop&quot;:&quot;image&quot;},{&quot;src&quot;:&quot;https:\\\/\\\/www.hoymercedes.com.ar\\\/principal\\\/wp-content\\\/uploads\\\/2018\\\/11\\\/24-DSC_1031-630x420.jpg&quot;,&quot;id&quot;:&quot;84430&quot;,&quot;title&quot;:&quot;24 DSC_1031&quot;,&quot;alt&quot;:&quot;&quot;,&quot;caption&quot;:&quot;&quot;,&quot;itemprop&quot;:&quot;image&quot;},{&quot;src&quot;:&quot;https:\\\/\\\/www.hoymercedes.com.ar\\\/principal\\\/wp-content\\\/uploads\\\/2018\\\/11\\\/24-DSC_1048-630x420.jpg&quot;,&quot;id&quot;:&quot;84442&quot;,&quot;title&quot;:&quot;24 DSC_1048&quot;,&quot;alt&quot;:&quot;&quot;,&quot;caption&quot;:&quot;&quot;,&quot;itemprop&quot;:&quot;image&quot;},{&quot;src&quot;:&quot;https:\\\/\\\/www.hoymercedes.com.ar\\\/principal\\\/wp-content\\\/uploads\\\/2018\\\/11\\\/24-DSC_1034-630x420.jpg&quot;,&quot;id&quot;:&quot;84433&quot;,&quot;title&quot;:&quot;24 DSC_1034&quot;,&quot;alt&quot;:&quot;&quot;,&quot;caption&quot;:&quot;&quot;,&quot;itemprop&quot;:&quot;image&quot;},{&quot;src&quot;:&quot;https:\\\/\\\/www.hoymercedes.com.ar\\\/principal\\\/wp-content\\\/uploads\\\/2018\\\/11\\\/24-DSC_1053-630x420.jpg&quot;,&quot;id&quot;:&quot;84449&quot;,&quot;title&quot;:&quot;24 DSC_1053&quot;,&quot;alt&quot;:&quot;&quot;,&quot;caption&quot;:&quot;&quot;,&quot;itemprop&quot;:&quot;image&quot;},{&quot;src&quot;:&quot;https:\\\/\\\/www.hoymercedes.com.ar\\\/principal\\\/wp-content\\\/uploads\\\/2018\\\/11\\\/24-DSC_1043-630x420.jpg&quot;,&quot;id&quot;:&quot;84439&quot;,&quot;title&quot;:&quot;24 DSC_1043&quot;,&quot;alt&quot;:&quot;&quot;,&quot;caption&quot;:&quot;&quot;,&quot;itemprop&quot;:&quot;image&quot;},{&quot;src&quot;:&quot;https:\\\/\\\/www.hoymercedes.com.ar\\\/principal\\\/wp-content\\\/uploads\\\/2018\\\/11\\\/24-DSC_1029-630x420.jpg&quot;,&quot;id&quot;:&quot;84429&quot;,&quot;title&quot;:&quot;24 DSC_1029&quot;,&quot;alt&quot;:&quot;&quot;,&quot;caption&quot;:&quot;&quot;,&quot;itemprop&quot;:&quot;image&quot;},{&quot;src&quot;:&quot;https:\\\/\\\/www.hoymercedes.com.ar\\\/principal\\\/wp-content\\\/uploads\\\/2018\\\/11\\\/24-DSC_1049-630x420.jpg&quot;,&quot;id&quot;:&quot;84444&quot;,&quot;title&quot;:&quot;24 DSC_1049&quot;,&quot;alt&quot;:&quot;&quot;,&quot;caption&quot;:&quot;&quot;,&quot;itemprop&quot;:&quot;image&quot;},{&quot;src&quot;:&quot;https:\\\/\\\/www.hoymercedes.com.ar\\\/principal\\\/wp-content\\\/uploads\\\/2018\\\/11\\\/24-DSC_1045-630x420.jpg&quot;,&quot;id&quot;:&quot;84440&quot;,&quot;title&quot;:&quot;24 DSC_1045&quot;,&quot;alt&quot;:&quot;&quot;,&quot;caption&quot;:&quot;&quot;,&quot;itemprop&quot;:&quot;image&quot;},{&quot;src&quot;:&quot;https:\\\/\\\/www.hoymercedes.com.ar\\\/principal\\\/wp-content\\\/uploads\\\/2018\\\/11\\\/24-DSC_1051-630x420.jpg&quot;,&quot;id&quot;:&quot;84448&quot;,&quot;title&quot;:&quot;24 DSC_1051&quot;,&quot;alt&quot;:&quot;&quot;,&quot;caption&quot;:&quot;&quot;,&quot;itemprop&quot;:&quot;image&quot;},{&quot;src&quot;:&quot;https:\\\/\\\/www.hoymercedes.com.ar\\\/principal\\\/wp-content\\\/uploads\\\/2018\\\/11\\\/24-DSC_1032-630x420.jpg&quot;,&quot;id&quot;:&quot;84432&quot;,&quot;title&quot;:&quot;24 DSC_1032&quot;,&quot;alt&quot;:&quot;&quot;,&quot;caption&quot;:&quot;&quot;,&quot;itemprop&quot;:&quot;image&quot;},{&quot;src&quot;:&quot;https:\\\/\\\/www.hoymercedes.com.ar\\\/principal\\\/wp-content\\\/uploads\\\/2018\\\/11\\\/24-DSC_1046-413x620.jpg&quot;,&quot;id&quot;:&quot;84441&quot;,&quot;title&quot;:&quot;24 DSC_1046&quot;,&quot;alt&quot;:&quot;&quot;,&quot;caption&quot;:&quot;&quot;,&quot;itemprop&quot;:&quot;image&quot;},{&quot;src&quot;:&quot;https:\\\/\\\/www.hoymercedes.com.ar\\\/principal\\\/wp-content\\\/uploads\\\/2018\\\/11\\\/24-DSC_1036-630x420.jpg&quot;,&quot;id&quot;:&quot;84434&quot;,&quot;title&quot;:&quot;24 DSC_1036&quot;,&quot;alt&quot;:&quot;&quot;,&quot;caption&quot;:&quot;&quot;,&quot;itemprop&quot;:&quot;image&quot;},{&quot;src&quot;:&quot;https:\\\/\\\/www.hoymercedes.com.ar\\\/principal\\\/wp-content\\\/uploads\\\/2018\\\/11\\\/24-DSC_1050-630x420.jpg&quot;,&quot;id&quot;:&quot;84446&quot;,&quot;title&quot;:&quot;24 DSC_1050&quot;,&quot;alt&quot;:&quot;&quot;,&quot;caption&quot;:&quot;&quot;,&quot;itemprop&quot;:&quot;image&quot;},{&quot;src&quot;:&quot;https:\\\/\\\/www.hoymercedes.com.ar\\\/principal\\\/wp-content\\\/uploads\\\/2018\\\/11\\\/24-DSC_1063-630x420.jpg&quot;,&quot;id&quot;:&quot;84450&quot;,&quot;title&quot;:&quot;24 DSC_1063&quot;,&quot;alt&quot;:&quot;&quot;,&quot;caption&quot;:&quot;&quot;,&quot;itemprop&quot;:&quot;image&quot;}]\" itemscope itemtype=\"https:\/\/schema.org\/ImageGallery\"><\/div>\n<p>Con entrada libra y gratuita, el p\u00fablico se hizo presente en las \u00faltimas horas de la tarde para escuchar al maestro orfebre Emilio Patarca, presentado por Florencio Llanos, explicar c\u00f3mo fue la construcci\u00f3n de la Gran Custodia. En su exposici\u00f3n dio detalles del trabajo que hace \u00e9l en las piezas art\u00edsticas de orfebrer\u00eda religiosa y mostr\u00f3 im\u00e1genes del trabajo que desarrolla en las diferentes piezas.<\/p>\n<p>Mientras tanto, en el segundo piso del edificio de 24 y 29, siete orfebres de la regi\u00f3n expon\u00edan sus trabajos. Manuel Badano, Javier Colmeiro, Pablo Dionel Falabella, Lisandro Pauli, Patricia Posada Mac Niles, Dami\u00e1n Tessore y Johnny Tyrrell presentaron sus trabajos en la mesa principal de la sala de reuniones del Colegio de Abogados, tanto el viernes como el s\u00e1bado donde algunos de ellos mostraron c\u00f3mo es el proceso de cincelado en las piezas orfebres.<\/p>\n","protected":false},"excerpt":{"rendered":"<p>En la tarde del viernes y continuando en la ma\u00f1ana del s\u00e1bado, la sede del Colegio de Abogados de Mercedes &#8230; <a title=\"Charla y muestra de orfebres en Abogados\" class=\"read-more\" href=\"https:\/\/www.hoymercedes.com.ar\/principal\/2018\/11\/24\/charla-y-muestra-de-orfebres-en-abogados\/\" aria-label=\"Leer m\u00e1s sobre Charla y muestra de orfebres en Abogados\">Leer m\u00e1s<\/a><\/p>\n","protected":false},"author":1,"featured_media":84430,"comment_status":"closed","ping_status":"open","sticky":false,"template":"","format":"standard","meta":{"_monsterinsights_skip_tracking":false,"_monsterinsights_sitenote_active":false,"_monsterinsights_sitenote_note":"","_monsterinsights_sitenote_category":0,"jetpack_post_was_ever_published":false,"_jetpack_newsletter_access":"","_jetpack_dont_email_post_to_subs":false,"_jetpack_newsletter_tier_id":0,"_jetpack_memberships_contains_paywalled_content":false,"_jetpack_memberships_contains_paid_content":false,"footnotes":"","jetpack_publicize_message":"","jetpack_publicize_feature_enabled":true,"jetpack_social_post_already_shared":true,"jetpack_social_options":{"image_generator_settings":{"template":"highway","default_image_id":0,"font":"","enabled":false},"version":2},"_wpas_customize_per_network":false},"categories":[104],"tags":[928,7805,10,14097],"class_list":["post-84420","post","type-post","status-publish","format-standard","has-post-thumbnail","hentry","category-cultura","tag-colegio-de-abogados","tag-cultura","tag-mercedes","tag-muestra-de-orfebreria","generate-columns","tablet-grid-50","mobile-grid-100","grid-parent","grid-50"],"jetpack_publicize_connections":[],"jetpack_featured_media_url":"https:\/\/www.hoymercedes.com.ar\/principal\/wp-content\/uploads\/2018\/11\/24-DSC_1031.jpg","wps_subtitle":"Doble jornada","jetpack_sharing_enabled":true,"_links":{"self":[{"href":"https:\/\/www.hoymercedes.com.ar\/principal\/wp-json\/wp\/v2\/posts\/84420","targetHints":{"allow":["GET"]}}],"collection":[{"href":"https:\/\/www.hoymercedes.com.ar\/principal\/wp-json\/wp\/v2\/posts"}],"about":[{"href":"https:\/\/www.hoymercedes.com.ar\/principal\/wp-json\/wp\/v2\/types\/post"}],"author":[{"embeddable":true,"href":"https:\/\/www.hoymercedes.com.ar\/principal\/wp-json\/wp\/v2\/users\/1"}],"replies":[{"embeddable":true,"href":"https:\/\/www.hoymercedes.com.ar\/principal\/wp-json\/wp\/v2\/comments?post=84420"}],"version-history":[{"count":0,"href":"https:\/\/www.hoymercedes.com.ar\/principal\/wp-json\/wp\/v2\/posts\/84420\/revisions"}],"wp:featuredmedia":[{"embeddable":true,"href":"https:\/\/www.hoymercedes.com.ar\/principal\/wp-json\/wp\/v2\/media\/84430"}],"wp:attachment":[{"href":"https:\/\/www.hoymercedes.com.ar\/principal\/wp-json\/wp\/v2\/media?parent=84420"}],"wp:term":[{"taxonomy":"category","embeddable":true,"href":"https:\/\/www.hoymercedes.com.ar\/principal\/wp-json\/wp\/v2\/categories?post=84420"},{"taxonomy":"post_tag","embeddable":true,"href":"https:\/\/www.hoymercedes.com.ar\/principal\/wp-json\/wp\/v2\/tags?post=84420"}],"curies":[{"name":"wp","href":"https:\/\/api.w.org\/{rel}","templated":true}]}}