{"id":8443,"date":"2011-10-21T01:31:44","date_gmt":"2011-10-21T01:31:44","guid":{"rendered":"http:\/\/www.hoymercedes.com.ar\/principal\/?p=8443"},"modified":"2011-10-21T01:31:44","modified_gmt":"2011-10-21T01:31:44","slug":"el-frente-mercedino-sostiene-el-arribo-de-pirelli","status":"publish","type":"post","link":"https:\/\/www.hoymercedes.com.ar\/principal\/2011\/10\/21\/el-frente-mercedino-sostiene-el-arribo-de-pirelli\/","title":{"rendered":"El Frente Mercedino sostiene el arribo de Pirelli"},"content":{"rendered":"<p>Desde la web oficial www.minprod.gob.ar del Ministerio de Industria de la Naci\u00f3n comunicaron la llegada de Pirelli a la ciudad, como lo hab\u00eda confirmado hace unos d\u00edas, Juan Ustarroz. \u201cEsto es parte del trabajo que venimos planificando con los ministerios de Econom\u00eda, Industria y Ciencia y Tecnolog\u00eda. Es una importante noticia para la ciudad, porque equivale a un numero de 700 a 1200 puestos de trabajo y una inversi\u00f3n de u$s500 millones\u201d, remarc\u00f3, y el titular de Pirelli Neumaticos Argentina Franco Livini que hizo el anuncio de la realizaci\u00f3n de estudios para radicar la planta en la ciudad de Mercedes(TELAM 18-10-11).<\/p>\n<p>La instalaci\u00f3n de la Planta para la fabricaci\u00f3n de neum\u00e1ticos para Cami\u00f3n Radial, se da en el marco de las gestiones iniciadas por el propio Ustarroz en busca de nuevas industrias para la ciudad y m\u00e1s espec\u00edficamente por el candidato a Diputado Nacional, Eduardo \u201cWado\u201d De Pedro y el candidato a Diputado Provincial Alberto \u201cCucho\u201d Espa\u00f1a, luego de que la propia Presidenta anunciara la importante noticia.<\/p>\n<p>Esta noticia lleg\u00f3 a los medios nacionales. La Agencia Nacional de Noticias T\u00e9lam expres\u00f3 que el titular de Pirelli en Argentina, Franco Levini, junto a Marco Tronchetti, presidente mundial de la firma, los ministros de Planificaci\u00f3n, Julio De Vido y de Industria, D\u00e9bora Giorgi, anunciaron a la presidenta Cristina Fern\u00e1ndez de Kircher que la compa\u00f1\u00eda va a reforzar su presencia en Argentina.<\/p>\n<p>La inversi\u00f3n que har\u00e1 la empresa en Mercedes ser\u00e1 de 300 millones de d\u00f3lares en la etapa inicial de la construcci\u00f3n dela Nueva Planta de Neum\u00e1ticos radiales para cami\u00f3n y que tendr\u00e1, al finalizar su construcci\u00f3n, en 2014, 1200 empleados.<\/p>\n<p>Sobre esto, Ustarroz manifest\u00f3 que esto es \u201cuna decisi\u00f3n estrat\u00e9gica y significa un impulso fuerte para el desarrollo mercedino y de la regi\u00f3n\u201d.<\/p>\n<p>\u00c1mbito financiero tambi\u00e9n aporta que la inversi\u00f3n final de la empresa en la ciudad ser\u00e1 de 500 millones, que es lo que costar\u00e1 la construcci\u00f3n total de la planta, mientras que en Clar\u00edn anuncia lo mismo.<\/p>\n<p>El portal de noticias de Terra toma en forma expresa la nota redactada por T\u00e9lam, mientras que Territorio Digital aporta que \u201cla inversi\u00f3n inicial prev\u00e9 una productividad de 700 mil unidades por a\u00f1o\u201d.<\/p>\n<p>De esta forma, se empieza a vislumbrar el trabajo realizado por Juan Ustarroz durante su campa\u00f1a, quien la dedic\u00f3 a la de gestionar para el futuro de la ciudad y que va de la mano de una de sus premisas, que es la de garantizar trabajo genuino en la sociedad. Pirelli se suma a una serie de firmas que ya han dado el visto bueno a instalarse en la ciudad luego de las gestiones hechas por el candidato del Frente Mercedino.<\/p>\n<p>Ayer se habia hecho circular el rumor de que la empresa podr\u00eda irse a la ciudad de Zarate pero la confirmaci\u00f3n del propio presidente de la firma ratifica la futura llegada a la ciudad de Mercedes.<\/p>\n","protected":false},"excerpt":{"rendered":"<p>Desde la web oficial www.minprod.gob.ar del Ministerio de Industria de la Naci\u00f3n comunicaron la llegada de Pirelli a la ciudad, &#8230; <a title=\"El Frente Mercedino sostiene el arribo de Pirelli\" class=\"read-more\" href=\"https:\/\/www.hoymercedes.com.ar\/principal\/2011\/10\/21\/el-frente-mercedino-sostiene-el-arribo-de-pirelli\/\" aria-label=\"Leer m\u00e1s sobre El Frente Mercedino sostiene el arribo de Pirelli\">Leer m\u00e1s<\/a><\/p>\n","protected":false},"author":1,"featured_media":0,"comment_status":"open","ping_status":"open","sticky":false,"template":"","format":"standard","meta":{"_monsterinsights_skip_tracking":false,"_monsterinsights_sitenote_active":false,"_monsterinsights_sitenote_note":"","_monsterinsights_sitenote_category":0,"jetpack_post_was_ever_published":false,"_jetpack_newsletter_access":"","_jetpack_dont_email_post_to_subs":false,"_jetpack_newsletter_tier_id":0,"_jetpack_memberships_contains_paywalled_content":false,"_jetpack_memberships_contains_paid_content":false,"footnotes":"","jetpack_publicize_message":"","jetpack_publicize_feature_enabled":true,"jetpack_social_post_already_shared":false,"jetpack_social_options":{"image_generator_settings":{"template":"highway","default_image_id":0,"font":"","enabled":false},"version":2},"_wpas_customize_per_network":false},"categories":[1],"tags":[1495,424],"class_list":["post-8443","post","type-post","status-publish","format-standard","hentry","category-opinion","tag-pirelli","tag-ustarroz","generate-columns","tablet-grid-50","mobile-grid-100","grid-parent","grid-50"],"jetpack_publicize_connections":[],"jetpack_featured_media_url":"","wps_subtitle":"","jetpack_sharing_enabled":true,"_links":{"self":[{"href":"https:\/\/www.hoymercedes.com.ar\/principal\/wp-json\/wp\/v2\/posts\/8443","targetHints":{"allow":["GET"]}}],"collection":[{"href":"https:\/\/www.hoymercedes.com.ar\/principal\/wp-json\/wp\/v2\/posts"}],"about":[{"href":"https:\/\/www.hoymercedes.com.ar\/principal\/wp-json\/wp\/v2\/types\/post"}],"author":[{"embeddable":true,"href":"https:\/\/www.hoymercedes.com.ar\/principal\/wp-json\/wp\/v2\/users\/1"}],"replies":[{"embeddable":true,"href":"https:\/\/www.hoymercedes.com.ar\/principal\/wp-json\/wp\/v2\/comments?post=8443"}],"version-history":[{"count":0,"href":"https:\/\/www.hoymercedes.com.ar\/principal\/wp-json\/wp\/v2\/posts\/8443\/revisions"}],"wp:attachment":[{"href":"https:\/\/www.hoymercedes.com.ar\/principal\/wp-json\/wp\/v2\/media?parent=8443"}],"wp:term":[{"taxonomy":"category","embeddable":true,"href":"https:\/\/www.hoymercedes.com.ar\/principal\/wp-json\/wp\/v2\/categories?post=8443"},{"taxonomy":"post_tag","embeddable":true,"href":"https:\/\/www.hoymercedes.com.ar\/principal\/wp-json\/wp\/v2\/tags?post=8443"}],"curies":[{"name":"wp","href":"https:\/\/api.w.org\/{rel}","templated":true}]}}