{"id":84487,"date":"2018-11-25T23:32:16","date_gmt":"2018-11-26T02:32:16","guid":{"rendered":"http:\/\/www.hoymercedes.com.ar\/principal\/?p=84487"},"modified":"2018-11-25T23:32:16","modified_gmt":"2018-11-26T02:32:16","slug":"la-3-fiesta-de-la-tradicion-tuvo-todos-los-condimentos-volviendo-a-ser-un-exito","status":"publish","type":"post","link":"https:\/\/www.hoymercedes.com.ar\/principal\/2018\/11\/25\/la-3-fiesta-de-la-tradicion-tuvo-todos-los-condimentos-volviendo-a-ser-un-exito\/","title":{"rendered":"La 3\u00b0 Fiesta de la Tradici\u00f3n tuvo todos los condimentos volviendo a ser un \u00e9xito"},"content":{"rendered":"<figure id=\"attachment_84488\" aria-describedby=\"caption-attachment-84488\" style=\"width: 720px\" class=\"wp-caption aligncenter\"><img loading=\"lazy\" decoding=\"async\" data-attachment-id=\"84488\" data-permalink=\"https:\/\/www.hoymercedes.com.ar\/principal\/2018\/11\/25\/la-3-fiesta-de-la-tradicion-tuvo-todos-los-condimentos-volviendo-a-ser-un-exito\/tradicion4\/#main\" data-orig-file=\"https:\/\/www.hoymercedes.com.ar\/principal\/wp-content\/uploads\/2018\/11\/tradicion4.jpeg\" data-orig-size=\"730,278\" data-comments-opened=\"0\" data-image-meta=\"{&quot;aperture&quot;:&quot;0&quot;,&quot;credit&quot;:&quot;&quot;,&quot;camera&quot;:&quot;&quot;,&quot;caption&quot;:&quot;&quot;,&quot;created_timestamp&quot;:&quot;0&quot;,&quot;copyright&quot;:&quot;&quot;,&quot;focal_length&quot;:&quot;0&quot;,&quot;iso&quot;:&quot;0&quot;,&quot;shutter_speed&quot;:&quot;0&quot;,&quot;title&quot;:&quot;&quot;,&quot;orientation&quot;:&quot;0&quot;}\" data-image-title=\"tradicion4\" data-image-description=\"\" data-image-caption=\"&lt;p&gt;Fiesta de la Tradici\u00f3n&lt;\/p&gt;\n\" data-large-file=\"https:\/\/www.hoymercedes.com.ar\/principal\/wp-content\/uploads\/2018\/11\/tradicion4.jpeg\" class=\"size-full wp-image-84488\" src=\"https:\/\/www.hoymercedes.com.ar\/principal\/wp-content\/uploads\/2018\/11\/tradicion4.jpeg\" alt=\"\" width=\"730\" height=\"278\" srcset=\"https:\/\/www.hoymercedes.com.ar\/principal\/wp-content\/uploads\/2018\/11\/tradicion4.jpeg 730w, https:\/\/www.hoymercedes.com.ar\/principal\/wp-content\/uploads\/2018\/11\/tradicion4-150x57.jpeg 150w, https:\/\/www.hoymercedes.com.ar\/principal\/wp-content\/uploads\/2018\/11\/tradicion4-630x240.jpeg 630w\" sizes=\"auto, (max-width: 730px) 100vw, 730px\" \/><figcaption id=\"caption-attachment-84488\" class=\"wp-caption-text\">Fiesta de la Tradici\u00f3n<\/figcaption><\/figure>\n<p>La 3\u00b0 Fiesta de la Tradici\u00f3n volvi\u00f3 a mostrar un enorme marco familiar y que lleg\u00f3 para quedarse. Creciendo a\u00f1o a a\u00f1o esta vez cont\u00f3 con dos escenarios: La Trocha y el renovado Parque Municipal Independencia. Hubo shows en vivo, destrezas, desfile, entretenimientos, gastronom\u00eda y toda nuestra cultura y tradici\u00f3n. De viernes a domingo fue libre, p\u00fablico y gratuito. El domingo, el predio, se vio colmado de mercedinos y visitantes de toda la regi\u00f3n.<\/p>\n<p><strong>Cultura gauchesca <\/strong><\/p>\n<p>El Presidente de Amigos Pe\u00f1eros, sostuvo que \u201cqueremos agradecer al municipio, a todos mis compa\u00f1eros de comisi\u00f3n, a sus familias, que durante todo el a\u00f1o trabajamos para humildemente hacer algo y defender esto que tanto nos gusta, siempre con mucho respeto al paisano, al hombre de campo, a los artistas, planificando en cada reuni\u00f3n\u201d coment\u00f3 Guillermo Vola sin olvidar que es un trabajo a pulm\u00f3n, poniendo de relieva lo importante de la cultura y tradici\u00f3n gauchezca en Mercedes.<\/p>\n<figure id=\"attachment_84489\" aria-describedby=\"caption-attachment-84489\" style=\"width: 720px\" class=\"wp-caption aligncenter\"><img loading=\"lazy\" decoding=\"async\" data-attachment-id=\"84489\" data-permalink=\"https:\/\/www.hoymercedes.com.ar\/principal\/2018\/11\/25\/la-3-fiesta-de-la-tradicion-tuvo-todos-los-condimentos-volviendo-a-ser-un-exito\/tradicionsja_7364\/#main\" data-orig-file=\"https:\/\/www.hoymercedes.com.ar\/principal\/wp-content\/uploads\/2018\/11\/tradicionSJA_7364.jpg\" data-orig-size=\"730,487\" data-comments-opened=\"0\" data-image-meta=\"{&quot;aperture&quot;:&quot;0&quot;,&quot;credit&quot;:&quot;SEBASTIANAMBROSSIO&quot;,&quot;camera&quot;:&quot;&quot;,&quot;caption&quot;:&quot;&quot;,&quot;created_timestamp&quot;:&quot;0&quot;,&quot;copyright&quot;:&quot;SebastianAmbrossio&quot;,&quot;focal_length&quot;:&quot;0&quot;,&quot;iso&quot;:&quot;0&quot;,&quot;shutter_speed&quot;:&quot;0&quot;,&quot;title&quot;:&quot;&quot;,&quot;orientation&quot;:&quot;0&quot;}\" data-image-title=\"tradicionSJA_7364\" data-image-description=\"\" data-image-caption=\"&lt;p&gt;Desfile Gaucho&lt;\/p&gt;\n\" data-large-file=\"https:\/\/www.hoymercedes.com.ar\/principal\/wp-content\/uploads\/2018\/11\/tradicionSJA_7364.jpg\" class=\"size-full wp-image-84489\" src=\"https:\/\/www.hoymercedes.com.ar\/principal\/wp-content\/uploads\/2018\/11\/tradicionSJA_7364.jpg\" alt=\"\" width=\"730\" height=\"487\" srcset=\"https:\/\/www.hoymercedes.com.ar\/principal\/wp-content\/uploads\/2018\/11\/tradicionSJA_7364.jpg 730w, https:\/\/www.hoymercedes.com.ar\/principal\/wp-content\/uploads\/2018\/11\/tradicionSJA_7364-150x100.jpg 150w, https:\/\/www.hoymercedes.com.ar\/principal\/wp-content\/uploads\/2018\/11\/tradicionSJA_7364-630x420.jpg 630w\" sizes=\"auto, (max-width: 730px) 100vw, 730px\" \/><figcaption id=\"caption-attachment-84489\" class=\"wp-caption-text\">Desfile Gaucho<\/figcaption><\/figure>\n<p><strong>Tres jornadas<\/strong><\/p>\n<p>El viernes la velada se inici\u00f3 en el and\u00e9n de La Trocha, donde a pesar del fr\u00edo la cultura y \u00a0tradici\u00f3n tuvo su arranque con homenajes y mucho baile. Fue por parte de la Comisi\u00f3n \u201cAmigos Pe\u00f1eros\u201d homenajeado Ra\u00fal Martinelli por el constante apoyo y difusi\u00f3n a la cultura campestre y folkl\u00f3rica. Guillermo Vola, presidente de la comisi\u00f3n fue quien entreg\u00f3 el reconocimiento.<\/p>\n<figure id=\"attachment_84490\" aria-describedby=\"caption-attachment-84490\" style=\"width: 720px\" class=\"wp-caption aligncenter\"><img loading=\"lazy\" decoding=\"async\" data-attachment-id=\"84490\" data-permalink=\"https:\/\/www.hoymercedes.com.ar\/principal\/2018\/11\/25\/la-3-fiesta-de-la-tradicion-tuvo-todos-los-condimentos-volviendo-a-ser-un-exito\/tradicionsja_7441\/#main\" data-orig-file=\"https:\/\/www.hoymercedes.com.ar\/principal\/wp-content\/uploads\/2018\/11\/tradicionSJA_7441.jpg\" data-orig-size=\"730,487\" data-comments-opened=\"0\" data-image-meta=\"{&quot;aperture&quot;:&quot;0&quot;,&quot;credit&quot;:&quot;SEBASTIANAMBROSSIO&quot;,&quot;camera&quot;:&quot;&quot;,&quot;caption&quot;:&quot;&quot;,&quot;created_timestamp&quot;:&quot;0&quot;,&quot;copyright&quot;:&quot;SebastianAmbrossio&quot;,&quot;focal_length&quot;:&quot;0&quot;,&quot;iso&quot;:&quot;0&quot;,&quot;shutter_speed&quot;:&quot;0&quot;,&quot;title&quot;:&quot;&quot;,&quot;orientation&quot;:&quot;0&quot;}\" data-image-title=\"tradicionSJA_7441\" data-image-description=\"\" data-image-caption=\"&lt;p&gt;Desfile Gaucho&lt;\/p&gt;\n\" data-large-file=\"https:\/\/www.hoymercedes.com.ar\/principal\/wp-content\/uploads\/2018\/11\/tradicionSJA_7441.jpg\" class=\"size-full wp-image-84490\" src=\"https:\/\/www.hoymercedes.com.ar\/principal\/wp-content\/uploads\/2018\/11\/tradicionSJA_7441.jpg\" alt=\"\" width=\"730\" height=\"487\" srcset=\"https:\/\/www.hoymercedes.com.ar\/principal\/wp-content\/uploads\/2018\/11\/tradicionSJA_7441.jpg 730w, https:\/\/www.hoymercedes.com.ar\/principal\/wp-content\/uploads\/2018\/11\/tradicionSJA_7441-150x100.jpg 150w, https:\/\/www.hoymercedes.com.ar\/principal\/wp-content\/uploads\/2018\/11\/tradicionSJA_7441-630x420.jpg 630w\" sizes=\"auto, (max-width: 730px) 100vw, 730px\" \/><figcaption id=\"caption-attachment-84490\" class=\"wp-caption-text\">Desfile Gaucho<\/figcaption><\/figure>\n<p>Por su parte, el Secretario de Gobierno, Juan Pablo L\u00f3pez Baggio, coment\u00f3 que \u201cno s\u00f3lo es un evento m\u00e1s, detr\u00e1s hay mucha pasi\u00f3n, muchos puestos, mucho trabajo de los Amigos Pe\u00f1eros\u201d narr\u00f3 y destac\u00f3 que \u201cel intendente siempre nos impulsa para generar estas y otras tantas actividades, en una ciudad que posee una agenda in\u00e9dita, \u00fanica casi en la provincia, de propuestas familiares\u201d y mencion\u00f3 que \u201ctodo se hace palmo a palmo con los vecinos que traen sus iniciativas, que nos permiten acompa\u00f1ar y seguir trabajando. dijo el funcionario.<\/p>\n<p>Hubo esa noche una apertura con las banderas de ceremonia, luego la Escuela Estrellas del Sur, Ver\u00f3nica Michot \u201cla cantora del pueblo\u201d, Ballet Peumayen, Tr\u00edo Amigos, Ballet Integraci\u00f3n Eva Duarte, Payadores de Jes\u00fas Mar\u00eda, Ballet A\u00f1oranzas de mi Pueblo y Nico Cercola.<\/p>\n<figure id=\"attachment_84491\" aria-describedby=\"caption-attachment-84491\" style=\"width: 720px\" class=\"wp-caption aligncenter\"><img loading=\"lazy\" decoding=\"async\" data-attachment-id=\"84491\" data-permalink=\"https:\/\/www.hoymercedes.com.ar\/principal\/2018\/11\/25\/la-3-fiesta-de-la-tradicion-tuvo-todos-los-condimentos-volviendo-a-ser-un-exito\/tradiciontradicionimg_9998\/#main\" data-orig-file=\"https:\/\/www.hoymercedes.com.ar\/principal\/wp-content\/uploads\/2018\/11\/tradicionTradicionIMG_9998.jpg\" data-orig-size=\"730,410\" data-comments-opened=\"0\" data-image-meta=\"{&quot;aperture&quot;:&quot;7.1&quot;,&quot;credit&quot;:&quot;&quot;,&quot;camera&quot;:&quot;Canon EOS 60D&quot;,&quot;caption&quot;:&quot;&quot;,&quot;created_timestamp&quot;:&quot;1543166344&quot;,&quot;copyright&quot;:&quot;&quot;,&quot;focal_length&quot;:&quot;75&quot;,&quot;iso&quot;:&quot;200&quot;,&quot;shutter_speed&quot;:&quot;0.00625&quot;,&quot;title&quot;:&quot;&quot;,&quot;orientation&quot;:&quot;0&quot;}\" data-image-title=\"tradicionTradicionIMG_9998\" data-image-description=\"\" data-image-caption=\"&lt;p&gt;Gran baile familiar con las bandas &lt;\/p&gt;\n\" data-large-file=\"https:\/\/www.hoymercedes.com.ar\/principal\/wp-content\/uploads\/2018\/11\/tradicionTradicionIMG_9998.jpg\" class=\"size-full wp-image-84491\" src=\"https:\/\/www.hoymercedes.com.ar\/principal\/wp-content\/uploads\/2018\/11\/tradicionTradicionIMG_9998.jpg\" alt=\"\" width=\"730\" height=\"410\" srcset=\"https:\/\/www.hoymercedes.com.ar\/principal\/wp-content\/uploads\/2018\/11\/tradicionTradicionIMG_9998.jpg 730w, https:\/\/www.hoymercedes.com.ar\/principal\/wp-content\/uploads\/2018\/11\/tradicionTradicionIMG_9998-150x84.jpg 150w, https:\/\/www.hoymercedes.com.ar\/principal\/wp-content\/uploads\/2018\/11\/tradicionTradicionIMG_9998-630x354.jpg 630w\" sizes=\"auto, (max-width: 730px) 100vw, 730px\" \/><figcaption id=\"caption-attachment-84491\" class=\"wp-caption-text\">Gran baile familiar con las bandas<\/figcaption><\/figure>\n<p>El s\u00e1bado arranc\u00f3 alrededor de las 17hs ya en el predio del Parque Municipal, que desde hace meses viene siendo objeto de inversiones para su puesta en valor, tal como pudo verse tanto en esta fiesta como en la de la Cerveza. All\u00ed nos encontramos con las actuaciones del Ballet Herederos de mi Tierra, Mulla Huayna, Enlazando Sue\u00f1os, Fernando Pazos, Herencia Atamisque\u00f1a, Los Del Pedregal, Ballet Integraci\u00f3n y Virgencita de Luj\u00e1n, Revoluci\u00f3n Folklore, Ballet Ayek\u00e1n, Yoni Mi\u00f1o y su Majestad Chamamecera, Ballet Almafuerte y Javi Caminos.<\/p>\n<p>Durante el domingo, la jornada que marc\u00f3 el mayor nivel de asistencia, arranc\u00f3 en avenida 40 con el cl\u00e1sico desfile gaucho con un r\u00e9cord de participantes. All\u00ed los vecinos vieron un espl\u00e9ndido espect\u00e1culo con caballos, tropillas, carruajes, banderas y todos los detalles que cada uno de los hombres de campo orgullosos expusieron. Luego, la fiesta retom\u00f3 al predio del Parque. All\u00ed hubo nuevamente destrezas y espect\u00e1culos gauchos, adem\u00e1s de los shows de Oscar Rosello, Ra\u00edces Mercedinas, Semilla Agreste, El Bagual, L\u00f3pez Heredia, Ballet Santa Cecilia, Acto Protocolar, Ballet Municipal, Sachapampa, Arami y el cierra con Osvaldo Coraz\u00f3n Gait\u00e1n.<\/p>\n<figure id=\"attachment_84492\" aria-describedby=\"caption-attachment-84492\" style=\"width: 720px\" class=\"wp-caption aligncenter\"><img loading=\"lazy\" decoding=\"async\" data-attachment-id=\"84492\" data-permalink=\"https:\/\/www.hoymercedes.com.ar\/principal\/2018\/11\/25\/la-3-fiesta-de-la-tradicion-tuvo-todos-los-condimentos-volviendo-a-ser-un-exito\/tradicionsja_7680\/#main\" data-orig-file=\"https:\/\/www.hoymercedes.com.ar\/principal\/wp-content\/uploads\/2018\/11\/tradicionSJA_7680.jpg\" data-orig-size=\"730,487\" data-comments-opened=\"0\" data-image-meta=\"{&quot;aperture&quot;:&quot;0&quot;,&quot;credit&quot;:&quot;SEBASTIANAMBROSSIO&quot;,&quot;camera&quot;:&quot;&quot;,&quot;caption&quot;:&quot;&quot;,&quot;created_timestamp&quot;:&quot;0&quot;,&quot;copyright&quot;:&quot;SebastianAmbrossio&quot;,&quot;focal_length&quot;:&quot;0&quot;,&quot;iso&quot;:&quot;0&quot;,&quot;shutter_speed&quot;:&quot;0&quot;,&quot;title&quot;:&quot;&quot;,&quot;orientation&quot;:&quot;0&quot;}\" data-image-title=\"tradicionSJA_7680\" data-image-description=\"\" data-image-caption=\"&lt;p&gt;Guillemo Vola, Presidente \u00abAmigos Pe\u00f1eros\u00bb&lt;\/p&gt;\n\" data-large-file=\"https:\/\/www.hoymercedes.com.ar\/principal\/wp-content\/uploads\/2018\/11\/tradicionSJA_7680.jpg\" class=\"size-full wp-image-84492\" src=\"https:\/\/www.hoymercedes.com.ar\/principal\/wp-content\/uploads\/2018\/11\/tradicionSJA_7680.jpg\" alt=\"\" width=\"730\" height=\"487\" srcset=\"https:\/\/www.hoymercedes.com.ar\/principal\/wp-content\/uploads\/2018\/11\/tradicionSJA_7680.jpg 730w, https:\/\/www.hoymercedes.com.ar\/principal\/wp-content\/uploads\/2018\/11\/tradicionSJA_7680-150x100.jpg 150w, https:\/\/www.hoymercedes.com.ar\/principal\/wp-content\/uploads\/2018\/11\/tradicionSJA_7680-630x420.jpg 630w\" sizes=\"auto, (max-width: 730px) 100vw, 730px\" \/><figcaption id=\"caption-attachment-84492\" class=\"wp-caption-text\">Guillemo Vola, Presidente \u00abAmigos Pe\u00f1eros\u00bb<\/figcaption><\/figure>\n<p>Juan Ignacio Ustarroz dijo que \u201cesta es una gran fiesta, se con mucho trabajo, con los Amigos Pe\u00f1eros, y en este predio que ser\u00e1 un C\u00edrculo Criollo, para los m\u00fasicos, para los folkloristas, las agrupaciones, los ballets, para los que nos visitan, para valorizar nuestras ra\u00edces\u201d coment\u00f3 el jefe comunal y destac\u00f3 que \u201ces muy importante trabajar por la felicidad del pueblo y los Amigos Pe\u00f1eros lo han logrado una vez m\u00e1s\u201d en la tarde del domingo con un masivo encuentro en el Parque Municipal Independencia donde tambi\u00e9n se entreg\u00f3 un reconocimiento a Mauro Retegui, que fue el alambrador que gener\u00f3 el hermoso sector de pruebas y destrezas, que brind\u00f3 seguridad a los asistentes y un espacio de contenci\u00f3n para la mejor visualizaci\u00f3n de todos.<\/p>\n<figure id=\"attachment_84501\" aria-describedby=\"caption-attachment-84501\" style=\"width: 1270px\" class=\"wp-caption aligncenter\"><img loading=\"lazy\" decoding=\"async\" data-attachment-id=\"84501\" data-permalink=\"https:\/\/www.hoymercedes.com.ar\/principal\/2018\/11\/25\/la-3-fiesta-de-la-tradicion-tuvo-todos-los-condimentos-volviendo-a-ser-un-exito\/tropillas-prueba\/#main\" data-orig-file=\"https:\/\/www.hoymercedes.com.ar\/principal\/wp-content\/uploads\/2018\/11\/tropillas.prueba.jpeg\" data-orig-size=\"1280,720\" data-comments-opened=\"0\" data-image-meta=\"{&quot;aperture&quot;:&quot;0&quot;,&quot;credit&quot;:&quot;&quot;,&quot;camera&quot;:&quot;&quot;,&quot;caption&quot;:&quot;&quot;,&quot;created_timestamp&quot;:&quot;0&quot;,&quot;copyright&quot;:&quot;&quot;,&quot;focal_length&quot;:&quot;0&quot;,&quot;iso&quot;:&quot;0&quot;,&quot;shutter_speed&quot;:&quot;0&quot;,&quot;title&quot;:&quot;&quot;,&quot;orientation&quot;:&quot;0&quot;}\" data-image-title=\"tropillas.prueba\" data-image-description=\"\" data-image-caption=\"&lt;p&gt;Prueba de tropillas y destrezas gauchas &lt;\/p&gt;\n\" data-large-file=\"https:\/\/www.hoymercedes.com.ar\/principal\/wp-content\/uploads\/2018\/11\/tropillas.prueba-1024x576.jpeg\" class=\"size-full wp-image-84501\" src=\"https:\/\/www.hoymercedes.com.ar\/principal\/wp-content\/uploads\/2018\/11\/tropillas.prueba.jpeg\" alt=\"\" width=\"1280\" height=\"720\" srcset=\"https:\/\/www.hoymercedes.com.ar\/principal\/wp-content\/uploads\/2018\/11\/tropillas.prueba.jpeg 1280w, https:\/\/www.hoymercedes.com.ar\/principal\/wp-content\/uploads\/2018\/11\/tropillas.prueba-150x84.jpeg 150w, https:\/\/www.hoymercedes.com.ar\/principal\/wp-content\/uploads\/2018\/11\/tropillas.prueba-630x354.jpeg 630w, https:\/\/www.hoymercedes.com.ar\/principal\/wp-content\/uploads\/2018\/11\/tropillas.prueba-1024x576.jpeg 1024w\" sizes=\"auto, (max-width: 1280px) 100vw, 1280px\" \/><figcaption id=\"caption-attachment-84501\" class=\"wp-caption-text\">Prueba de tropillas y destrezas gauchas<\/figcaption><\/figure>\n<p>Ya por la ma\u00f1ana en el desfile el Jefe Comunal hab\u00eda tambi\u00e9n expresado que \u201cestamos muy agradecidos, a los pe\u00f1eros, a los trabajadores municipales, que se pusieron la fiesta al hombro y a todos los que participan de cada una de las propuestas. Tradici\u00f3n, arraigo, historia, cultura. Ha sido un gran desfile y tenemos una fiesta hermosa\u201d dijo entre otros conceptos sin olvidar que \u201cun d\u00eda nos propusieron y dijimos, de ac\u00e1 en m\u00e1s, siempre tendremos Fiesta de la Tradici\u00f3n as\u00ed que un fuerte gracias\u201d<\/p>\n<figure id=\"attachment_84493\" aria-describedby=\"caption-attachment-84493\" style=\"width: 720px\" class=\"wp-caption aligncenter\"><img loading=\"lazy\" decoding=\"async\" data-attachment-id=\"84493\" data-permalink=\"https:\/\/www.hoymercedes.com.ar\/principal\/2018\/11\/25\/la-3-fiesta-de-la-tradicion-tuvo-todos-los-condimentos-volviendo-a-ser-un-exito\/tradicionsja_7668\/#main\" data-orig-file=\"https:\/\/www.hoymercedes.com.ar\/principal\/wp-content\/uploads\/2018\/11\/tradicionSJA_7668.jpg\" data-orig-size=\"730,487\" data-comments-opened=\"0\" data-image-meta=\"{&quot;aperture&quot;:&quot;0&quot;,&quot;credit&quot;:&quot;SEBASTIANAMBROSSIO&quot;,&quot;camera&quot;:&quot;&quot;,&quot;caption&quot;:&quot;&quot;,&quot;created_timestamp&quot;:&quot;0&quot;,&quot;copyright&quot;:&quot;SebastianAmbrossio&quot;,&quot;focal_length&quot;:&quot;0&quot;,&quot;iso&quot;:&quot;0&quot;,&quot;shutter_speed&quot;:&quot;0&quot;,&quot;title&quot;:&quot;&quot;,&quot;orientation&quot;:&quot;0&quot;}\" data-image-title=\"tradicionSJA_7668\" data-image-description=\"\" data-image-caption=\"&lt;p&gt;Pruebas y desfile&lt;\/p&gt;\n\" data-large-file=\"https:\/\/www.hoymercedes.com.ar\/principal\/wp-content\/uploads\/2018\/11\/tradicionSJA_7668.jpg\" class=\"size-full wp-image-84493\" src=\"https:\/\/www.hoymercedes.com.ar\/principal\/wp-content\/uploads\/2018\/11\/tradicionSJA_7668.jpg\" alt=\"\" width=\"730\" height=\"487\" srcset=\"https:\/\/www.hoymercedes.com.ar\/principal\/wp-content\/uploads\/2018\/11\/tradicionSJA_7668.jpg 730w, https:\/\/www.hoymercedes.com.ar\/principal\/wp-content\/uploads\/2018\/11\/tradicionSJA_7668-150x100.jpg 150w, https:\/\/www.hoymercedes.com.ar\/principal\/wp-content\/uploads\/2018\/11\/tradicionSJA_7668-630x420.jpg 630w\" sizes=\"auto, (max-width: 730px) 100vw, 730px\" \/><figcaption id=\"caption-attachment-84493\" class=\"wp-caption-text\">Pruebas y desfile<\/figcaption><\/figure>\n<p><strong>Predio<\/strong><\/p>\n<p>El predio, de enormes dimensiones, permiti\u00f3 todos los condimentos. Vecinos disfrutando de la arboleda, mucha seguridad para las destrezas gauchas, cobertura desde la direcci\u00f3n de Protecci\u00f3n Civil, juegos infantiles, cantina y por supuesto, la mateada infaltable en la tarde de domingo.<\/p>\n<p>De esta manera, la tercera edici\u00f3n, result\u00f3, con excelente clima, otra verdadera fiesta popular, de gran \u00e9xito para la ciudad, con asistentes locales y turistas, movilizando la econom\u00eda dom\u00e9stica y puniendo en primera escena la tradici\u00f3n y cultura mercedina en una agenda que es sin duda de las m\u00e1s ricas y nutridas de toda la provincia.<\/p>\n<p><img loading=\"lazy\" decoding=\"async\" data-attachment-id=\"84494\" data-permalink=\"https:\/\/www.hoymercedes.com.ar\/principal\/2018\/11\/25\/la-3-fiesta-de-la-tradicion-tuvo-todos-los-condimentos-volviendo-a-ser-un-exito\/tradicion2\/#main\" data-orig-file=\"https:\/\/www.hoymercedes.com.ar\/principal\/wp-content\/uploads\/2018\/11\/tradicion2.jpeg\" data-orig-size=\"730,365\" data-comments-opened=\"0\" data-image-meta=\"{&quot;aperture&quot;:&quot;0&quot;,&quot;credit&quot;:&quot;&quot;,&quot;camera&quot;:&quot;&quot;,&quot;caption&quot;:&quot;&quot;,&quot;created_timestamp&quot;:&quot;0&quot;,&quot;copyright&quot;:&quot;&quot;,&quot;focal_length&quot;:&quot;0&quot;,&quot;iso&quot;:&quot;0&quot;,&quot;shutter_speed&quot;:&quot;0&quot;,&quot;title&quot;:&quot;&quot;,&quot;orientation&quot;:&quot;0&quot;}\" data-image-title=\"tradicion2\" data-image-description=\"\" data-image-caption=\"\" data-large-file=\"https:\/\/www.hoymercedes.com.ar\/principal\/wp-content\/uploads\/2018\/11\/tradicion2.jpeg\" class=\"aligncenter size-full wp-image-84494\" src=\"https:\/\/www.hoymercedes.com.ar\/principal\/wp-content\/uploads\/2018\/11\/tradicion2.jpeg\" alt=\"\" width=\"730\" height=\"365\" srcset=\"https:\/\/www.hoymercedes.com.ar\/principal\/wp-content\/uploads\/2018\/11\/tradicion2.jpeg 730w, https:\/\/www.hoymercedes.com.ar\/principal\/wp-content\/uploads\/2018\/11\/tradicion2-150x75.jpeg 150w, https:\/\/www.hoymercedes.com.ar\/principal\/wp-content\/uploads\/2018\/11\/tradicion2-630x315.jpeg 630w\" sizes=\"auto, (max-width: 730px) 100vw, 730px\" \/><\/p>\n<p><img loading=\"lazy\" decoding=\"async\" data-attachment-id=\"84495\" data-permalink=\"https:\/\/www.hoymercedes.com.ar\/principal\/2018\/11\/25\/la-3-fiesta-de-la-tradicion-tuvo-todos-los-condimentos-volviendo-a-ser-un-exito\/tradicion6\/#main\" data-orig-file=\"https:\/\/www.hoymercedes.com.ar\/principal\/wp-content\/uploads\/2018\/11\/tradicion6.jpeg\" data-orig-size=\"730,548\" data-comments-opened=\"0\" data-image-meta=\"{&quot;aperture&quot;:&quot;0&quot;,&quot;credit&quot;:&quot;&quot;,&quot;camera&quot;:&quot;&quot;,&quot;caption&quot;:&quot;&quot;,&quot;created_timestamp&quot;:&quot;0&quot;,&quot;copyright&quot;:&quot;&quot;,&quot;focal_length&quot;:&quot;0&quot;,&quot;iso&quot;:&quot;0&quot;,&quot;shutter_speed&quot;:&quot;0&quot;,&quot;title&quot;:&quot;&quot;,&quot;orientation&quot;:&quot;0&quot;}\" data-image-title=\"tradicion6\" data-image-description=\"\" data-image-caption=\"\" data-large-file=\"https:\/\/www.hoymercedes.com.ar\/principal\/wp-content\/uploads\/2018\/11\/tradicion6.jpeg\" class=\"aligncenter size-full wp-image-84495\" src=\"https:\/\/www.hoymercedes.com.ar\/principal\/wp-content\/uploads\/2018\/11\/tradicion6.jpeg\" alt=\"\" width=\"730\" height=\"548\" srcset=\"https:\/\/www.hoymercedes.com.ar\/principal\/wp-content\/uploads\/2018\/11\/tradicion6.jpeg 730w, https:\/\/www.hoymercedes.com.ar\/principal\/wp-content\/uploads\/2018\/11\/tradicion6-150x113.jpeg 150w, https:\/\/www.hoymercedes.com.ar\/principal\/wp-content\/uploads\/2018\/11\/tradicion6-630x473.jpeg 630w\" sizes=\"auto, (max-width: 730px) 100vw, 730px\" \/><\/p>\n<p><img loading=\"lazy\" decoding=\"async\" data-attachment-id=\"84496\" data-permalink=\"https:\/\/www.hoymercedes.com.ar\/principal\/2018\/11\/25\/la-3-fiesta-de-la-tradicion-tuvo-todos-los-condimentos-volviendo-a-ser-un-exito\/tradicionsja_7376\/#main\" data-orig-file=\"https:\/\/www.hoymercedes.com.ar\/principal\/wp-content\/uploads\/2018\/11\/tradicionSJA_7376.jpg\" data-orig-size=\"730,487\" data-comments-opened=\"0\" data-image-meta=\"{&quot;aperture&quot;:&quot;0&quot;,&quot;credit&quot;:&quot;SEBASTIANAMBROSSIO&quot;,&quot;camera&quot;:&quot;&quot;,&quot;caption&quot;:&quot;&quot;,&quot;created_timestamp&quot;:&quot;0&quot;,&quot;copyright&quot;:&quot;SebastianAmbrossio&quot;,&quot;focal_length&quot;:&quot;0&quot;,&quot;iso&quot;:&quot;0&quot;,&quot;shutter_speed&quot;:&quot;0&quot;,&quot;title&quot;:&quot;&quot;,&quot;orientation&quot;:&quot;0&quot;}\" data-image-title=\"tradicionSJA_7376\" data-image-description=\"\" data-image-caption=\"\" data-large-file=\"https:\/\/www.hoymercedes.com.ar\/principal\/wp-content\/uploads\/2018\/11\/tradicionSJA_7376.jpg\" class=\"aligncenter size-full wp-image-84496\" src=\"https:\/\/www.hoymercedes.com.ar\/principal\/wp-content\/uploads\/2018\/11\/tradicionSJA_7376.jpg\" alt=\"\" width=\"730\" height=\"487\" srcset=\"https:\/\/www.hoymercedes.com.ar\/principal\/wp-content\/uploads\/2018\/11\/tradicionSJA_7376.jpg 730w, https:\/\/www.hoymercedes.com.ar\/principal\/wp-content\/uploads\/2018\/11\/tradicionSJA_7376-150x100.jpg 150w, https:\/\/www.hoymercedes.com.ar\/principal\/wp-content\/uploads\/2018\/11\/tradicionSJA_7376-630x420.jpg 630w\" sizes=\"auto, (max-width: 730px) 100vw, 730px\" \/><\/p>\n<p><img loading=\"lazy\" decoding=\"async\" data-attachment-id=\"84497\" data-permalink=\"https:\/\/www.hoymercedes.com.ar\/principal\/2018\/11\/25\/la-3-fiesta-de-la-tradicion-tuvo-todos-los-condimentos-volviendo-a-ser-un-exito\/tradicionsja_7566\/#main\" data-orig-file=\"https:\/\/www.hoymercedes.com.ar\/principal\/wp-content\/uploads\/2018\/11\/tradicionSJA_7566.jpg\" data-orig-size=\"730,487\" data-comments-opened=\"0\" data-image-meta=\"{&quot;aperture&quot;:&quot;0&quot;,&quot;credit&quot;:&quot;SEBASTIANAMBROSSIO&quot;,&quot;camera&quot;:&quot;&quot;,&quot;caption&quot;:&quot;&quot;,&quot;created_timestamp&quot;:&quot;0&quot;,&quot;copyright&quot;:&quot;SebastianAmbrossio&quot;,&quot;focal_length&quot;:&quot;0&quot;,&quot;iso&quot;:&quot;0&quot;,&quot;shutter_speed&quot;:&quot;0&quot;,&quot;title&quot;:&quot;&quot;,&quot;orientation&quot;:&quot;0&quot;}\" data-image-title=\"tradicionSJA_7566\" data-image-description=\"\" data-image-caption=\"\" data-large-file=\"https:\/\/www.hoymercedes.com.ar\/principal\/wp-content\/uploads\/2018\/11\/tradicionSJA_7566.jpg\" class=\"aligncenter size-full wp-image-84497\" src=\"https:\/\/www.hoymercedes.com.ar\/principal\/wp-content\/uploads\/2018\/11\/tradicionSJA_7566.jpg\" alt=\"\" width=\"730\" height=\"487\" srcset=\"https:\/\/www.hoymercedes.com.ar\/principal\/wp-content\/uploads\/2018\/11\/tradicionSJA_7566.jpg 730w, https:\/\/www.hoymercedes.com.ar\/principal\/wp-content\/uploads\/2018\/11\/tradicionSJA_7566-150x100.jpg 150w, https:\/\/www.hoymercedes.com.ar\/principal\/wp-content\/uploads\/2018\/11\/tradicionSJA_7566-630x420.jpg 630w\" sizes=\"auto, (max-width: 730px) 100vw, 730px\" \/><\/p>\n<p><img loading=\"lazy\" decoding=\"async\" data-attachment-id=\"84498\" data-permalink=\"https:\/\/www.hoymercedes.com.ar\/principal\/2018\/11\/25\/la-3-fiesta-de-la-tradicion-tuvo-todos-los-condimentos-volviendo-a-ser-un-exito\/tradicionsja_7628\/#main\" data-orig-file=\"https:\/\/www.hoymercedes.com.ar\/principal\/wp-content\/uploads\/2018\/11\/tradicionSJA_7628.jpg\" data-orig-size=\"730,487\" data-comments-opened=\"0\" data-image-meta=\"{&quot;aperture&quot;:&quot;0&quot;,&quot;credit&quot;:&quot;SEBASTIANAMBROSSIO&quot;,&quot;camera&quot;:&quot;&quot;,&quot;caption&quot;:&quot;&quot;,&quot;created_timestamp&quot;:&quot;0&quot;,&quot;copyright&quot;:&quot;SebastianAmbrossio&quot;,&quot;focal_length&quot;:&quot;0&quot;,&quot;iso&quot;:&quot;0&quot;,&quot;shutter_speed&quot;:&quot;0&quot;,&quot;title&quot;:&quot;&quot;,&quot;orientation&quot;:&quot;0&quot;}\" data-image-title=\"tradicionSJA_7628\" data-image-description=\"\" data-image-caption=\"\" data-large-file=\"https:\/\/www.hoymercedes.com.ar\/principal\/wp-content\/uploads\/2018\/11\/tradicionSJA_7628.jpg\" class=\"aligncenter size-full wp-image-84498\" src=\"https:\/\/www.hoymercedes.com.ar\/principal\/wp-content\/uploads\/2018\/11\/tradicionSJA_7628.jpg\" alt=\"\" width=\"730\" height=\"487\" srcset=\"https:\/\/www.hoymercedes.com.ar\/principal\/wp-content\/uploads\/2018\/11\/tradicionSJA_7628.jpg 730w, https:\/\/www.hoymercedes.com.ar\/principal\/wp-content\/uploads\/2018\/11\/tradicionSJA_7628-150x100.jpg 150w, https:\/\/www.hoymercedes.com.ar\/principal\/wp-content\/uploads\/2018\/11\/tradicionSJA_7628-630x420.jpg 630w\" sizes=\"auto, (max-width: 730px) 100vw, 730px\" \/><\/p>\n<p><img loading=\"lazy\" decoding=\"async\" data-attachment-id=\"84499\" data-permalink=\"https:\/\/www.hoymercedes.com.ar\/principal\/2018\/11\/25\/la-3-fiesta-de-la-tradicion-tuvo-todos-los-condimentos-volviendo-a-ser-un-exito\/tradiciontradicionimg_9894\/#main\" data-orig-file=\"https:\/\/www.hoymercedes.com.ar\/principal\/wp-content\/uploads\/2018\/11\/tradicionTradicionIMG_9894.jpg\" data-orig-size=\"730,410\" data-comments-opened=\"0\" data-image-meta=\"{&quot;aperture&quot;:&quot;7.1&quot;,&quot;credit&quot;:&quot;&quot;,&quot;camera&quot;:&quot;Canon EOS 60D&quot;,&quot;caption&quot;:&quot;&quot;,&quot;created_timestamp&quot;:&quot;1543163911&quot;,&quot;copyright&quot;:&quot;&quot;,&quot;focal_length&quot;:&quot;75&quot;,&quot;iso&quot;:&quot;100&quot;,&quot;shutter_speed&quot;:&quot;0.00625&quot;,&quot;title&quot;:&quot;&quot;,&quot;orientation&quot;:&quot;0&quot;}\" data-image-title=\"tradicionTradicionIMG_9894\" data-image-description=\"\" data-image-caption=\"\" data-large-file=\"https:\/\/www.hoymercedes.com.ar\/principal\/wp-content\/uploads\/2018\/11\/tradicionTradicionIMG_9894.jpg\" class=\"aligncenter size-full wp-image-84499\" src=\"https:\/\/www.hoymercedes.com.ar\/principal\/wp-content\/uploads\/2018\/11\/tradicionTradicionIMG_9894.jpg\" alt=\"\" width=\"730\" height=\"410\" srcset=\"https:\/\/www.hoymercedes.com.ar\/principal\/wp-content\/uploads\/2018\/11\/tradicionTradicionIMG_9894.jpg 730w, https:\/\/www.hoymercedes.com.ar\/principal\/wp-content\/uploads\/2018\/11\/tradicionTradicionIMG_9894-150x84.jpg 150w, https:\/\/www.hoymercedes.com.ar\/principal\/wp-content\/uploads\/2018\/11\/tradicionTradicionIMG_9894-630x354.jpg 630w\" sizes=\"auto, (max-width: 730px) 100vw, 730px\" \/><\/p>\n<p><img loading=\"lazy\" decoding=\"async\" data-attachment-id=\"84500\" data-permalink=\"https:\/\/www.hoymercedes.com.ar\/principal\/2018\/11\/25\/la-3-fiesta-de-la-tradicion-tuvo-todos-los-condimentos-volviendo-a-ser-un-exito\/tradiciontradicionimg_9973\/#main\" data-orig-file=\"https:\/\/www.hoymercedes.com.ar\/principal\/wp-content\/uploads\/2018\/11\/tradicionTradicionIMG_9973.jpg\" data-orig-size=\"730,410\" data-comments-opened=\"0\" data-image-meta=\"{&quot;aperture&quot;:&quot;7.1&quot;,&quot;credit&quot;:&quot;&quot;,&quot;camera&quot;:&quot;Canon EOS 60D&quot;,&quot;caption&quot;:&quot;&quot;,&quot;created_timestamp&quot;:&quot;1543165856&quot;,&quot;copyright&quot;:&quot;&quot;,&quot;focal_length&quot;:&quot;75&quot;,&quot;iso&quot;:&quot;200&quot;,&quot;shutter_speed&quot;:&quot;0.00625&quot;,&quot;title&quot;:&quot;&quot;,&quot;orientation&quot;:&quot;0&quot;}\" data-image-title=\"tradicionTradicionIMG_9973\" data-image-description=\"\" data-image-caption=\"\" data-large-file=\"https:\/\/www.hoymercedes.com.ar\/principal\/wp-content\/uploads\/2018\/11\/tradicionTradicionIMG_9973.jpg\" class=\"aligncenter size-full wp-image-84500\" src=\"https:\/\/www.hoymercedes.com.ar\/principal\/wp-content\/uploads\/2018\/11\/tradicionTradicionIMG_9973.jpg\" alt=\"\" width=\"730\" height=\"410\" srcset=\"https:\/\/www.hoymercedes.com.ar\/principal\/wp-content\/uploads\/2018\/11\/tradicionTradicionIMG_9973.jpg 730w, https:\/\/www.hoymercedes.com.ar\/principal\/wp-content\/uploads\/2018\/11\/tradicionTradicionIMG_9973-150x84.jpg 150w, https:\/\/www.hoymercedes.com.ar\/principal\/wp-content\/uploads\/2018\/11\/tradicionTradicionIMG_9973-630x354.jpg 630w\" sizes=\"auto, (max-width: 730px) 100vw, 730px\" \/><\/p>\n<p>&nbsp;<\/p>\n<p>&nbsp;<\/p>\n","protected":false},"excerpt":{"rendered":"<p>La 3\u00b0 Fiesta de la Tradici\u00f3n volvi\u00f3 a mostrar un enorme marco familiar y que lleg\u00f3 para quedarse. Creciendo a\u00f1o &#8230; <a title=\"La 3\u00b0 Fiesta de la Tradici\u00f3n tuvo todos los condimentos volviendo a ser un \u00e9xito\" class=\"read-more\" href=\"https:\/\/www.hoymercedes.com.ar\/principal\/2018\/11\/25\/la-3-fiesta-de-la-tradicion-tuvo-todos-los-condimentos-volviendo-a-ser-un-exito\/\" aria-label=\"Leer m\u00e1s sobre La 3\u00b0 Fiesta de la Tradici\u00f3n tuvo todos los condimentos volviendo a ser un \u00e9xito\">Leer m\u00e1s<\/a><\/p>\n","protected":false},"author":1,"featured_media":84488,"comment_status":"closed","ping_status":"open","sticky":false,"template":"","format":"standard","meta":{"_monsterinsights_skip_tracking":false,"_monsterinsights_sitenote_active":false,"_monsterinsights_sitenote_note":"","_monsterinsights_sitenote_category":0,"jetpack_post_was_ever_published":false,"_jetpack_newsletter_access":"","_jetpack_dont_email_post_to_subs":false,"_jetpack_newsletter_tier_id":0,"_jetpack_memberships_contains_paywalled_content":false,"_jetpack_memberships_contains_paid_content":false,"footnotes":"","jetpack_publicize_message":"","jetpack_publicize_feature_enabled":true,"jetpack_social_post_already_shared":true,"jetpack_social_options":{"image_generator_settings":{"template":"highway","default_image_id":0,"font":"","enabled":false},"version":2},"_wpas_customize_per_network":false},"categories":[30],"tags":[12231,6412,424],"class_list":["post-84487","post","type-post","status-publish","format-standard","has-post-thumbnail","hentry","category-municipio","tag-amigos-peneros","tag-fiesta-de-la-tradicion","tag-ustarroz","generate-columns","tablet-grid-50","mobile-grid-100","grid-parent","grid-50"],"jetpack_publicize_connections":[],"jetpack_featured_media_url":"https:\/\/www.hoymercedes.com.ar\/principal\/wp-content\/uploads\/2018\/11\/tradicion4.jpeg","wps_subtitle":"Fiestas populares ","jetpack_sharing_enabled":true,"_links":{"self":[{"href":"https:\/\/www.hoymercedes.com.ar\/principal\/wp-json\/wp\/v2\/posts\/84487","targetHints":{"allow":["GET"]}}],"collection":[{"href":"https:\/\/www.hoymercedes.com.ar\/principal\/wp-json\/wp\/v2\/posts"}],"about":[{"href":"https:\/\/www.hoymercedes.com.ar\/principal\/wp-json\/wp\/v2\/types\/post"}],"author":[{"embeddable":true,"href":"https:\/\/www.hoymercedes.com.ar\/principal\/wp-json\/wp\/v2\/users\/1"}],"replies":[{"embeddable":true,"href":"https:\/\/www.hoymercedes.com.ar\/principal\/wp-json\/wp\/v2\/comments?post=84487"}],"version-history":[{"count":0,"href":"https:\/\/www.hoymercedes.com.ar\/principal\/wp-json\/wp\/v2\/posts\/84487\/revisions"}],"wp:featuredmedia":[{"embeddable":true,"href":"https:\/\/www.hoymercedes.com.ar\/principal\/wp-json\/wp\/v2\/media\/84488"}],"wp:attachment":[{"href":"https:\/\/www.hoymercedes.com.ar\/principal\/wp-json\/wp\/v2\/media?parent=84487"}],"wp:term":[{"taxonomy":"category","embeddable":true,"href":"https:\/\/www.hoymercedes.com.ar\/principal\/wp-json\/wp\/v2\/categories?post=84487"},{"taxonomy":"post_tag","embeddable":true,"href":"https:\/\/www.hoymercedes.com.ar\/principal\/wp-json\/wp\/v2\/tags?post=84487"}],"curies":[{"name":"wp","href":"https:\/\/api.w.org\/{rel}","templated":true}]}}