{"id":84505,"date":"2018-11-26T12:19:21","date_gmt":"2018-11-26T15:19:21","guid":{"rendered":"http:\/\/www.hoymercedes.com.ar\/principal\/?p=84505"},"modified":"2018-11-28T10:10:54","modified_gmt":"2018-11-28T13:10:54","slug":"las-dos-semifinales-del-clausura-se-jugaran-este-miercoles-por-la-noche","status":"publish","type":"post","link":"https:\/\/www.hoymercedes.com.ar\/principal\/2018\/11\/26\/las-dos-semifinales-del-clausura-se-jugaran-este-miercoles-por-la-noche\/","title":{"rendered":"Las dos semifinales del Clausura se jugar\u00e1n este mi\u00e9rcoles por la noche"},"content":{"rendered":"<p>El bochorno ocasionado en la final de la Copa Libertadores entre River y Boca no s\u00f3lo afect\u00f3 a partidos de la SuperLiga sino tambi\u00e9n a las categor\u00edas del ascenso, incluso a las Ligas locales. Pensando en que el s\u00e1bado se jugaba el cl\u00e1sico en el Monumental, la Liga Mercedina organiz\u00f3 los dos partidos de semifinales para el domingo y, luego, con la postergaci\u00f3n del domingo, se pas\u00f3 todo para el mi\u00e9rcoles.<\/p>\n<p><img loading=\"lazy\" decoding=\"async\" data-attachment-id=\"84508\" data-permalink=\"https:\/\/www.hoymercedes.com.ar\/principal\/2018\/11\/26\/las-dos-semifinales-del-clausura-se-jugaran-este-miercoles-por-la-noche\/whatsapp-image-2018-11-22-at-15-42-57\/#main\" data-orig-file=\"https:\/\/www.hoymercedes.com.ar\/principal\/wp-content\/uploads\/2018\/11\/WhatsApp-Image-2018-11-22-at-15.42.57.jpeg\" data-orig-size=\"1280,960\" data-comments-opened=\"0\" data-image-meta=\"{&quot;aperture&quot;:&quot;0&quot;,&quot;credit&quot;:&quot;&quot;,&quot;camera&quot;:&quot;&quot;,&quot;caption&quot;:&quot;&quot;,&quot;created_timestamp&quot;:&quot;0&quot;,&quot;copyright&quot;:&quot;&quot;,&quot;focal_length&quot;:&quot;0&quot;,&quot;iso&quot;:&quot;0&quot;,&quot;shutter_speed&quot;:&quot;0&quot;,&quot;title&quot;:&quot;&quot;,&quot;orientation&quot;:&quot;0&quot;}\" data-image-title=\"WhatsApp Image 2018-11-22 at 15.42.57\" data-image-description=\"\" data-image-caption=\"\" data-large-file=\"https:\/\/www.hoymercedes.com.ar\/principal\/wp-content\/uploads\/2018\/11\/WhatsApp-Image-2018-11-22-at-15.42.57-1024x768.jpeg\" class=\"aligncenter size-full wp-image-84508\" src=\"https:\/\/www.hoymercedes.com.ar\/principal\/wp-content\/uploads\/2018\/11\/WhatsApp-Image-2018-11-22-at-15.42.57.jpeg\" alt=\"\" width=\"1280\" height=\"960\" srcset=\"https:\/\/www.hoymercedes.com.ar\/principal\/wp-content\/uploads\/2018\/11\/WhatsApp-Image-2018-11-22-at-15.42.57.jpeg 1280w, https:\/\/www.hoymercedes.com.ar\/principal\/wp-content\/uploads\/2018\/11\/WhatsApp-Image-2018-11-22-at-15.42.57-150x113.jpeg 150w, https:\/\/www.hoymercedes.com.ar\/principal\/wp-content\/uploads\/2018\/11\/WhatsApp-Image-2018-11-22-at-15.42.57-630x473.jpeg 630w, https:\/\/www.hoymercedes.com.ar\/principal\/wp-content\/uploads\/2018\/11\/WhatsApp-Image-2018-11-22-at-15.42.57-1024x768.jpeg 1024w\" sizes=\"auto, (max-width: 1280px) 100vw, 1280px\" \/><\/p>\n<p>Primero se esper\u00f3 a la ma\u00f1ana del domingo para decidir la postergaci\u00f3n o no, pero dada la tard\u00eda definici\u00f3n de la Conmebol, la CD de la LMF determin\u00f3 pasar todo para el domingo debido al requerimiento de los \u00e1rbitros y la situaci\u00f3n de los operativos de seguridad que hab\u00eda que llevar adelante tanto en Mercedes como en Suipacha.<\/p>\n<p>La salvedad es que ahora los dos partidos se jugar\u00e1n a la vez, por lo que Mercedes Vs. Ateneo y Juventud Vs. Comunicaciones se jugar\u00e1n a las 20.30 de este mi\u00e9rcoles.<\/p>\n<p>Por otra parte, de a poco se pone al d\u00eda el torneo de Reserva de la Liga, el viernes se jug\u00f3 el encuentro entre AMEFIP 2 Vs. Pe\u00f1a Xeneise 0 y el s\u00e1bado Costa Brava perdi\u00f3 como local 4 a 2 con Trocha. Con estos resultados, en la Zona A, Pe\u00f1a est\u00e1 obligado a ganar los tres partidos que tiene por delante y esperar a que o Juventud o Ateneo no ganen ninguno (tienen que jugar sus dos encuentros entre s\u00ed todav\u00eda) y Uni\u00f3n est\u00e1 en la misma situaci\u00f3n. En la Zona C, Costa Brava debe ganar los tres que le quedan, Holanda perder todo y V\u00e9lez y Defensores no sumar m\u00e1s de tres puntos, mientras que Trocha, con seis puntos por delante, con sacar uno, o que V\u00e9lez y Defensores no ganen uno, clasifica a la Liguilla.<\/p>\n<p>Adem\u00e1s, por la Zona B, Col\u00f3n venci\u00f3 1 a 0 al eliminado Palometas, dejando a esta zona como la que menos partidos adeuda. Con El Front\u00f3n ya clasificado, la pelea es entre Col\u00f3n, Pabell\u00f3n y Comunicaciones que justo es el \u00fanico que debe partidos y es ante el primero y el \u00faltimo del grupo. Si los gana, alcanza la l\u00ednea de SAPA y quedar\u00e1 a dos unidades de los de Luj\u00e1n. Los de San Andr\u00e9s de Giles se aseguraron el primer puesto.<\/p>\n<p>Esta semana se jugar\u00e1n otros encuentros de Reserva. La idea de la Liga Mercedina es que se jueguen los partidos necesarios pensando en la clasificaci\u00f3n, por lo que es seguro que varios partidos queden sin disputarse.<\/p>\n<p><em><strong>Martes 27 de noviembre, cancha Liga Mercedina<\/strong><\/em><br \/>\n19:15 hs. AMEFIP Vs. Uni\u00f3n<br \/>\n21:15 hs. Trocha Vs. V\u00e9lez<\/p>\n<p><em><strong>Mi\u00e9rcoles 28 de noviembre, cancha Quilmes<\/strong><\/em><br \/>\n20:30 hs. Quilmes Vs. Estudiantes<\/p>\n<table style=\"height: 102px;\" width=\"733\">\n<tbody>\n<tr>\n<td width=\"108\">Costa Brava<\/td>\n<td width=\"18\">2<\/td>\n<td width=\"241\">Ruben Zalba e Iv\u00e1n Zambrano<\/td>\n<\/tr>\n<tr>\n<td>Trocha<\/td>\n<td>4<\/td>\n<td>Ger\u00f3nimo Miratta (2), Javier Rosales y Maximiliano Castro Ballesteros<\/td>\n<\/tr>\n<\/tbody>\n<\/table>\n<table style=\"height: 57px;\" width=\"733\">\n<tbody>\n<tr>\n<td width=\"108\">Pe\u00f1a Xeneize<\/td>\n<td width=\"14\">0<\/td>\n<td width=\"458\"><\/td>\n<\/tr>\n<tr>\n<td>AMEFIP<\/td>\n<td>2<\/td>\n<td><\/td>\n<\/tr>\n<\/tbody>\n<\/table>\n<p>&nbsp;<\/p>\n<table width=\"580\">\n<tbody>\n<tr>\n<td width=\"108\">Fecha 6<\/td>\n<td width=\"14\"><\/td>\n<td width=\"458\"><\/td>\n<\/tr>\n<tr>\n<td>Palometas<\/td>\n<td>0<\/td>\n<td><\/td>\n<\/tr>\n<tr>\n<td>Col\u00f3n<\/td>\n<td>1<\/td>\n<td><\/td>\n<\/tr>\n<\/tbody>\n<\/table>\n<p><img loading=\"lazy\" decoding=\"async\" data-attachment-id=\"84522\" data-permalink=\"https:\/\/www.hoymercedes.com.ar\/principal\/2018\/11\/26\/las-dos-semifinales-del-clausura-se-jugaran-este-miercoles-por-la-noche\/pos-reserva-68\/#main\" data-orig-file=\"https:\/\/www.hoymercedes.com.ar\/principal\/wp-content\/uploads\/2018\/11\/Pos-Reserva-2.png\" data-orig-size=\"488,695\" data-comments-opened=\"0\" data-image-meta=\"{&quot;aperture&quot;:&quot;0&quot;,&quot;credit&quot;:&quot;&quot;,&quot;camera&quot;:&quot;&quot;,&quot;caption&quot;:&quot;&quot;,&quot;created_timestamp&quot;:&quot;0&quot;,&quot;copyright&quot;:&quot;&quot;,&quot;focal_length&quot;:&quot;0&quot;,&quot;iso&quot;:&quot;0&quot;,&quot;shutter_speed&quot;:&quot;0&quot;,&quot;title&quot;:&quot;&quot;,&quot;orientation&quot;:&quot;0&quot;}\" data-image-title=\"Pos Reserva\" data-image-description=\"\" data-image-caption=\"\" data-large-file=\"https:\/\/www.hoymercedes.com.ar\/principal\/wp-content\/uploads\/2018\/11\/Pos-Reserva-2.png\" class=\"aligncenter size-full wp-image-84522\" src=\"https:\/\/www.hoymercedes.com.ar\/principal\/wp-content\/uploads\/2018\/11\/Pos-Reserva-2.png\" alt=\"\" width=\"488\" height=\"695\" srcset=\"https:\/\/www.hoymercedes.com.ar\/principal\/wp-content\/uploads\/2018\/11\/Pos-Reserva-2.png 488w, https:\/\/www.hoymercedes.com.ar\/principal\/wp-content\/uploads\/2018\/11\/Pos-Reserva-2-105x150.png 105w, https:\/\/www.hoymercedes.com.ar\/principal\/wp-content\/uploads\/2018\/11\/Pos-Reserva-2-435x620.png 435w\" sizes=\"auto, (max-width: 488px) 100vw, 488px\" \/><\/p>\n","protected":false},"excerpt":{"rendered":"<p>El bochorno ocasionado en la final de la Copa Libertadores entre River y Boca no s\u00f3lo afect\u00f3 a partidos de &#8230; <a title=\"Las dos semifinales del Clausura se jugar\u00e1n este mi\u00e9rcoles por la noche\" class=\"read-more\" href=\"https:\/\/www.hoymercedes.com.ar\/principal\/2018\/11\/26\/las-dos-semifinales-del-clausura-se-jugaran-este-miercoles-por-la-noche\/\" aria-label=\"Leer m\u00e1s sobre Las dos semifinales del Clausura se jugar\u00e1n este mi\u00e9rcoles por la noche\">Leer m\u00e1s<\/a><\/p>\n","protected":false},"author":1,"featured_media":84508,"comment_status":"closed","ping_status":"open","sticky":false,"template":"","format":"standard","meta":{"_monsterinsights_skip_tracking":false,"_monsterinsights_sitenote_active":false,"_monsterinsights_sitenote_note":"","_monsterinsights_sitenote_category":0,"jetpack_post_was_ever_published":false,"_jetpack_newsletter_access":"","_jetpack_dont_email_post_to_subs":false,"_jetpack_newsletter_tier_id":0,"_jetpack_memberships_contains_paywalled_content":false,"_jetpack_memberships_contains_paid_content":false,"footnotes":"","jetpack_publicize_message":"","jetpack_publicize_feature_enabled":true,"jetpack_social_post_already_shared":true,"jetpack_social_options":{"image_generator_settings":{"template":"highway","default_image_id":0,"font":"","enabled":false},"version":2},"_wpas_customize_per_network":false},"categories":[21],"tags":[9582,204,1003,1901,13303],"class_list":["post-84505","post","type-post","status-publish","format-standard","has-post-thumbnail","hentry","category-deportes","tag-clausura","tag-deportes-2","tag-futbol","tag-liga-mercedina","tag-semifinales","generate-columns","tablet-grid-50","mobile-grid-100","grid-parent","grid-50"],"jetpack_publicize_connections":[],"jetpack_featured_media_url":"https:\/\/www.hoymercedes.com.ar\/principal\/wp-content\/uploads\/2018\/11\/WhatsApp-Image-2018-11-22-at-15.42.57.jpeg","wps_subtitle":"Liga Mercedina","jetpack_sharing_enabled":true,"jetpack-related-posts":[{"id":159585,"url":"https:\/\/www.hoymercedes.com.ar\/principal\/2023\/03\/15\/inicia-el-certamen-de-primera-y-reserva-para-la-liga-mercedina\/","url_meta":{"origin":84505,"position":0},"title":"Inicia el certamen de Primera y Reserva para la Liga Mercedina","author":"hoymercedes","date":"15 marzo, 2023","format":false,"excerpt":"El pr\u00f3ximo fin de semana comienzan los cert\u00e1menes de Primera, Segunda, Reserva dando inicio al a\u00f1o 2023. Desde la Liga Mercedina dieron a conocer los horarios previstos para el fin de semana. Foto de Archivo Luego de varias semanas de espera, finalmente durante el s\u00e1bado y el domingo pr\u00f3ximo se\u2026","rel":"","context":"En \u00abDeportes\u00bb","block_context":{"text":"Deportes","link":"https:\/\/www.hoymercedes.com.ar\/principal\/category\/deportes\/"},"img":{"alt_text":"","src":"https:\/\/i0.wp.com\/www.hoymercedes.com.ar\/principal\/wp-content\/uploads\/2023\/03\/image-25.png?resize=350%2C200&ssl=1","width":350,"height":200,"srcset":"https:\/\/i0.wp.com\/www.hoymercedes.com.ar\/principal\/wp-content\/uploads\/2023\/03\/image-25.png?resize=350%2C200&ssl=1 1x, https:\/\/i0.wp.com\/www.hoymercedes.com.ar\/principal\/wp-content\/uploads\/2023\/03\/image-25.png?resize=525%2C300&ssl=1 1.5x"},"classes":[]},{"id":102178,"url":"https:\/\/www.hoymercedes.com.ar\/principal\/2019\/11\/11\/martes-y-miercoles-de-semifinales-en-la-liga-mercedina-en-primera-division\/","url_meta":{"origin":84505,"position":1},"title":"Martes y mi\u00e9rcoles de semifinales en la Liga Mercedina en Primera Divisi\u00f3n","author":"hoymercedes","date":"11 noviembre, 2019","format":false,"excerpt":"Entre martes y mi\u00e9rcoles se jugar\u00e1n los partidos de vuelta de las semifinales de la Liga Mercedina de F\u00fatbol y de ah\u00ed en m\u00e1s se conocer\u00e1n los dos equipos que, en doble jornada, dirimir\u00e1n qui\u00e9n ser\u00e1 el campe\u00f3n y por ende, el otro clasificado al Regional Amateur que se jugar\u00e1\u2026","rel":"","context":"En \u00abDeportes\u00bb","block_context":{"text":"Deportes","link":"https:\/\/www.hoymercedes.com.ar\/principal\/category\/deportes\/"},"img":{"alt_text":"","src":"https:\/\/i0.wp.com\/www.hoymercedes.com.ar\/principal\/wp-content\/uploads\/2019\/11\/LIGUILLA-PRIMERA.png?resize=350%2C200&ssl=1","width":350,"height":200,"srcset":"https:\/\/i0.wp.com\/www.hoymercedes.com.ar\/principal\/wp-content\/uploads\/2019\/11\/LIGUILLA-PRIMERA.png?resize=350%2C200&ssl=1 1x, https:\/\/i0.wp.com\/www.hoymercedes.com.ar\/principal\/wp-content\/uploads\/2019\/11\/LIGUILLA-PRIMERA.png?resize=525%2C300&ssl=1 1.5x, https:\/\/i0.wp.com\/www.hoymercedes.com.ar\/principal\/wp-content\/uploads\/2019\/11\/LIGUILLA-PRIMERA.png?resize=700%2C400&ssl=1 2x"},"classes":[]},{"id":153143,"url":"https:\/\/www.hoymercedes.com.ar\/principal\/2022\/09\/19\/futbol-femenino-club-mercedes-da-el-batacazo-en-jauregui\/","url_meta":{"origin":84505,"position":2},"title":"Futbol femenino: Club Mercedes da el batacazo en J\u00e1uregui\u00a0","author":"hoymercedes","date":"19 septiembre, 2022","format":false,"excerpt":"El \u201cBlanquinegro\u201d super\u00f3 a El Tim\u00f3n tras la definici\u00f3n desde el punto del penal y se meti\u00f3 en las semifinales. El otro que se asegur\u00f3 un lugar fue Pabell\u00f3n luego de superar a Trocha por 2 a 1.\u00a0","rel":"","context":"En \u00abDeportes\u00bb","block_context":{"text":"Deportes","link":"https:\/\/www.hoymercedes.com.ar\/principal\/category\/deportes\/"},"img":{"alt_text":"","src":"https:\/\/i0.wp.com\/www.hoymercedes.com.ar\/principal\/wp-content\/uploads\/2022\/09\/WhatsApp-Image-2022-09-19-at-09.03.43.jpeg?resize=350%2C200&ssl=1","width":350,"height":200,"srcset":"https:\/\/i0.wp.com\/www.hoymercedes.com.ar\/principal\/wp-content\/uploads\/2022\/09\/WhatsApp-Image-2022-09-19-at-09.03.43.jpeg?resize=350%2C200&ssl=1 1x, https:\/\/i0.wp.com\/www.hoymercedes.com.ar\/principal\/wp-content\/uploads\/2022\/09\/WhatsApp-Image-2022-09-19-at-09.03.43.jpeg?resize=525%2C300&ssl=1 1.5x"},"classes":[]},{"id":153714,"url":"https:\/\/www.hoymercedes.com.ar\/principal\/2022\/10\/03\/liga-mercedina-el-futbol-femenino-tiene-finalistas\/","url_meta":{"origin":84505,"position":3},"title":"Liga Mercedina: El Futbol Femenino tiene finalistas\u00a0","author":"hoymercedes","date":"3 octubre, 2022","format":false,"excerpt":"El Front\u00f3n Rojo y Pabell\u00f3n Argentino disputar\u00e1n el encuentro decisivo para saber cu\u00e1l de ellos ser\u00e1 el campe\u00f3n del clausura.","rel":"","context":"En \u00abDeportes\u00bb","block_context":{"text":"Deportes","link":"https:\/\/www.hoymercedes.com.ar\/principal\/category\/deportes\/"},"img":{"alt_text":"","src":"https:\/\/i0.wp.com\/www.hoymercedes.com.ar\/principal\/wp-content\/uploads\/2022\/10\/futbol-femen-0310.jpeg?resize=350%2C200&ssl=1","width":350,"height":200,"srcset":"https:\/\/i0.wp.com\/www.hoymercedes.com.ar\/principal\/wp-content\/uploads\/2022\/10\/futbol-femen-0310.jpeg?resize=350%2C200&ssl=1 1x, https:\/\/i0.wp.com\/www.hoymercedes.com.ar\/principal\/wp-content\/uploads\/2022\/10\/futbol-femen-0310.jpeg?resize=525%2C300&ssl=1 1.5x, https:\/\/i0.wp.com\/www.hoymercedes.com.ar\/principal\/wp-content\/uploads\/2022\/10\/futbol-femen-0310.jpeg?resize=700%2C400&ssl=1 2x"},"classes":[]},{"id":101486,"url":"https:\/\/www.hoymercedes.com.ar\/principal\/2019\/10\/17\/la-lluvia-sigue-suspendiendo-partidos-en-la-liga-mercedina\/","url_meta":{"origin":84505,"position":4},"title":"La lluvia sigue suspendiendo partidos en la Liga Mercedina","author":"hoymercedes","date":"17 octubre, 2019","format":false,"excerpt":"Cuando parec\u00eda que el inicio de la Liguilla de Primera y Reserva de la Liga Mercedina de F\u00fatbol iba a empezar, la lluvia y el desborde del r\u00edo Luj\u00e1n obligaron a que los partidos pendientes y la \u00faltima fecha sufrieran varias postergaciones. Tal es el caso de Costa Brava Vs.\u2026","rel":"","context":"En \u00abDeportes\u00bb","block_context":{"text":"Deportes","link":"https:\/\/www.hoymercedes.com.ar\/principal\/category\/deportes\/"},"img":{"alt_text":"","src":"https:\/\/i0.wp.com\/www.hoymercedes.com.ar\/principal\/wp-content\/uploads\/2019\/10\/LIGUILLA-RESERVA.png?resize=350%2C200&ssl=1","width":350,"height":200,"srcset":"https:\/\/i0.wp.com\/www.hoymercedes.com.ar\/principal\/wp-content\/uploads\/2019\/10\/LIGUILLA-RESERVA.png?resize=350%2C200&ssl=1 1x, https:\/\/i0.wp.com\/www.hoymercedes.com.ar\/principal\/wp-content\/uploads\/2019\/10\/LIGUILLA-RESERVA.png?resize=525%2C300&ssl=1 1.5x, https:\/\/i0.wp.com\/www.hoymercedes.com.ar\/principal\/wp-content\/uploads\/2019\/10\/LIGUILLA-RESERVA.png?resize=700%2C400&ssl=1 2x"},"classes":[]},{"id":153420,"url":"https:\/\/www.hoymercedes.com.ar\/principal\/2022\/09\/26\/futbol-femenino-el-fronton-se-impone-de-local-en-s-a-de-giles\/","url_meta":{"origin":84505,"position":5},"title":"Futbol Femenino: El Front\u00f3n se impone de local en S. A. de Giles\u00a0","author":"hoymercedes","date":"26 septiembre, 2022","format":false,"excerpt":"Por los cuartos de final del Torneo Clausura, los dos equipos de El Front\u00f3n consiguieron el pase a la pr\u00f3xima etapa","rel":"","context":"En \u00abDeportes\u00bb","block_context":{"text":"Deportes","link":"https:\/\/www.hoymercedes.com.ar\/principal\/category\/deportes\/"},"img":{"alt_text":"","src":"https:\/\/i0.wp.com\/www.hoymercedes.com.ar\/principal\/wp-content\/uploads\/2022\/09\/fut-femenno-2609.jpeg?resize=350%2C200&ssl=1","width":350,"height":200,"srcset":"https:\/\/i0.wp.com\/www.hoymercedes.com.ar\/principal\/wp-content\/uploads\/2022\/09\/fut-femenno-2609.jpeg?resize=350%2C200&ssl=1 1x, https:\/\/i0.wp.com\/www.hoymercedes.com.ar\/principal\/wp-content\/uploads\/2022\/09\/fut-femenno-2609.jpeg?resize=525%2C300&ssl=1 1.5x, https:\/\/i0.wp.com\/www.hoymercedes.com.ar\/principal\/wp-content\/uploads\/2022\/09\/fut-femenno-2609.jpeg?resize=700%2C400&ssl=1 2x"},"classes":[]}],"_links":{"self":[{"href":"https:\/\/www.hoymercedes.com.ar\/principal\/wp-json\/wp\/v2\/posts\/84505","targetHints":{"allow":["GET"]}}],"collection":[{"href":"https:\/\/www.hoymercedes.com.ar\/principal\/wp-json\/wp\/v2\/posts"}],"about":[{"href":"https:\/\/www.hoymercedes.com.ar\/principal\/wp-json\/wp\/v2\/types\/post"}],"author":[{"embeddable":true,"href":"https:\/\/www.hoymercedes.com.ar\/principal\/wp-json\/wp\/v2\/users\/1"}],"replies":[{"embeddable":true,"href":"https:\/\/www.hoymercedes.com.ar\/principal\/wp-json\/wp\/v2\/comments?post=84505"}],"version-history":[{"count":0,"href":"https:\/\/www.hoymercedes.com.ar\/principal\/wp-json\/wp\/v2\/posts\/84505\/revisions"}],"wp:featuredmedia":[{"embeddable":true,"href":"https:\/\/www.hoymercedes.com.ar\/principal\/wp-json\/wp\/v2\/media\/84508"}],"wp:attachment":[{"href":"https:\/\/www.hoymercedes.com.ar\/principal\/wp-json\/wp\/v2\/media?parent=84505"}],"wp:term":[{"taxonomy":"category","embeddable":true,"href":"https:\/\/www.hoymercedes.com.ar\/principal\/wp-json\/wp\/v2\/categories?post=84505"},{"taxonomy":"post_tag","embeddable":true,"href":"https:\/\/www.hoymercedes.com.ar\/principal\/wp-json\/wp\/v2\/tags?post=84505"}],"curies":[{"name":"wp","href":"https:\/\/api.w.org\/{rel}","templated":true}]}}