{"id":84516,"date":"2018-11-26T18:35:42","date_gmt":"2018-11-26T21:35:42","guid":{"rendered":"http:\/\/www.hoymercedes.com.ar\/principal\/?p=84516"},"modified":"2018-11-28T10:06:52","modified_gmt":"2018-11-28T13:06:52","slug":"la-copa-mercedes-deportes-ya-tiene-a-sus-finalistas","status":"publish","type":"post","link":"https:\/\/www.hoymercedes.com.ar\/principal\/2018\/11\/26\/la-copa-mercedes-deportes-ya-tiene-a-sus-finalistas\/","title":{"rendered":"La Copa Mercedes Deportes ya tiene a sus finalistas"},"content":{"rendered":"<p>El s\u00e1bado por la tarde los del certamen de menores volvieron a tener su jornada futbol\u00edstica. El certamen que organiza de excelente manera Walter Banega, est\u00e1 en plena etapa de definici\u00f3n. Con una enorme cantidad de p\u00fablico que se registr\u00f3 en el complejo, acompa\u00f1ados de un d\u00eda a puro sol y f\u00fatbol, Los Pibes se midieron contra El Rejunte, y Carnicer\u00eda la 11 hizo lo propio ante Estudio Jur\u00eddico Pagano-Poggio.<\/p>\n<p><img loading=\"lazy\" decoding=\"async\" data-attachment-id=\"84517\" data-permalink=\"https:\/\/www.hoymercedes.com.ar\/principal\/2018\/11\/26\/la-copa-mercedes-deportes-ya-tiene-a-sus-finalistas\/el-rejunte\/#main\" data-orig-file=\"https:\/\/www.hoymercedes.com.ar\/principal\/wp-content\/uploads\/2018\/11\/el-rejunte.jpg\" data-orig-size=\"1032,581\" data-comments-opened=\"0\" data-image-meta=\"{&quot;aperture&quot;:&quot;0&quot;,&quot;credit&quot;:&quot;&quot;,&quot;camera&quot;:&quot;&quot;,&quot;caption&quot;:&quot;&quot;,&quot;created_timestamp&quot;:&quot;0&quot;,&quot;copyright&quot;:&quot;&quot;,&quot;focal_length&quot;:&quot;0&quot;,&quot;iso&quot;:&quot;0&quot;,&quot;shutter_speed&quot;:&quot;0&quot;,&quot;title&quot;:&quot;&quot;,&quot;orientation&quot;:&quot;0&quot;}\" data-image-title=\"el rejunte\" data-image-description=\"\" data-image-caption=\"\" data-large-file=\"https:\/\/www.hoymercedes.com.ar\/principal\/wp-content\/uploads\/2018\/11\/el-rejunte-1024x576.jpg\" class=\"aligncenter size-full wp-image-84517\" src=\"https:\/\/www.hoymercedes.com.ar\/principal\/wp-content\/uploads\/2018\/11\/el-rejunte.jpg\" alt=\"\" width=\"1032\" height=\"581\" srcset=\"https:\/\/www.hoymercedes.com.ar\/principal\/wp-content\/uploads\/2018\/11\/el-rejunte.jpg 1032w, https:\/\/www.hoymercedes.com.ar\/principal\/wp-content\/uploads\/2018\/11\/el-rejunte-150x84.jpg 150w, https:\/\/www.hoymercedes.com.ar\/principal\/wp-content\/uploads\/2018\/11\/el-rejunte-630x355.jpg 630w, https:\/\/www.hoymercedes.com.ar\/principal\/wp-content\/uploads\/2018\/11\/el-rejunte-1024x576.jpg 1024w\" sizes=\"auto, (max-width: 1032px) 100vw, 1032px\" \/><\/p>\n<p>En primera instancia, los carniceros ten\u00edan por delante a un duro escollo como lo son los del estudio, un equipo que comenz\u00f3 en este torneo como debutante, y logr\u00f3 demostrar mucho car\u00e1cter al momento de cada encuentro. En lo que fue un partidazo a cada instante, Carnicer\u00eda la 11 sac\u00f3 su jerarqu\u00eda y experiencia para imponerse al final del duelo por dos a uno.<\/p>\n<p>En el otro match que tambi\u00e9n se pudo observar, que se catalogaba como un cl\u00e1sico de barrio, Los Pibes quer\u00edan frenar el paso firme que viene imponiendo El Rejunte. Picante, trabado, pero digno de presenciar, El Rejunte despach\u00f3 a su rival con contundencia. La referencia en las estad\u00edsticas goleadoras fue Juli\u00e1n Vita, quien con un doblete comenz\u00f3 el sue\u00f1o de la final para \u00e9l y sus compa\u00f1eros. Finalizado el encuentro, el score determin\u00f3 un tres a cero para El Rejunte.<\/p>\n<p>El pr\u00f3ximo s\u00e1bado se conocer\u00e1 a otro campe\u00f3n del torneo Copa Mercedes Deportes de menores; tambi\u00e9n volver\u00e1n al verde c\u00e9sped los veteranos, quienes est\u00e1n cerrando la primera fase de zonas, y conocer a los clasificados a la siguiente etapa.<\/p>\n<p><strong>Resultados completos torneo libre<\/strong>:<\/p>\n<p><strong>El Rejunte: 3<\/strong>\u00a0Juli\u00e1n Vita 2 y Facundo Ram\u00edrez.<br \/>\n<strong>Los Pibes:<\/strong>\u00a00.<\/p>\n<p><strong>Estudio Jur\u00eddico Pagano-Poggio: 1<\/strong>\u00a0Roberto Coria.<br \/>\n<strong>Carnicer\u00eda la 11:<\/strong>\u00a02 Lucas Ch\u00e1vez, David G\u00f3mez.<\/p>\n<p><strong>Final:<\/strong>\u00a0Carnicer\u00eda la 11 vs. El Rejunte.<\/p>\n","protected":false},"excerpt":{"rendered":"<p>El s\u00e1bado por la tarde los del certamen de menores volvieron a tener su jornada futbol\u00edstica. El certamen que organiza &#8230; <a title=\"La Copa Mercedes Deportes ya tiene a sus finalistas\" class=\"read-more\" href=\"https:\/\/www.hoymercedes.com.ar\/principal\/2018\/11\/26\/la-copa-mercedes-deportes-ya-tiene-a-sus-finalistas\/\" aria-label=\"Leer m\u00e1s sobre La Copa Mercedes Deportes ya tiene a sus finalistas\">Leer m\u00e1s<\/a><\/p>\n","protected":false},"author":1,"featured_media":84517,"comment_status":"closed","ping_status":"open","sticky":false,"template":"","format":"standard","meta":{"_monsterinsights_skip_tracking":false,"_monsterinsights_sitenote_active":false,"_monsterinsights_sitenote_note":"","_monsterinsights_sitenote_category":0,"jetpack_post_was_ever_published":false,"_jetpack_newsletter_access":"","_jetpack_dont_email_post_to_subs":false,"_jetpack_newsletter_tier_id":0,"_jetpack_memberships_contains_paywalled_content":false,"_jetpack_memberships_contains_paid_content":false,"footnotes":"","jetpack_publicize_message":"","jetpack_publicize_feature_enabled":true,"jetpack_social_post_already_shared":true,"jetpack_social_options":{"image_generator_settings":{"template":"highway","default_image_id":0,"font":"","enabled":false},"version":2},"_wpas_customize_per_network":false},"categories":[21],"tags":[14121,204,12957,1789],"class_list":["post-84516","post","type-post","status-publish","format-standard","has-post-thumbnail","hentry","category-deportes","tag-copa-mercedes","tag-deportes-2","tag-futbol-amateur","tag-sindicato-de-la-carne","generate-columns","tablet-grid-50","mobile-grid-100","grid-parent","grid-50"],"jetpack_publicize_connections":[],"jetpack_featured_media_url":"https:\/\/www.hoymercedes.com.ar\/principal\/wp-content\/uploads\/2018\/11\/el-rejunte.jpg","wps_subtitle":"Torneo Sindicato de la Carne","jetpack_sharing_enabled":true,"jetpack-related-posts":[{"id":98586,"url":"https:\/\/www.hoymercedes.com.ar\/principal\/2019\/08\/20\/el-certamen-de-los-veteranos-se-pone-cada-vez-mas-interesante\/","url_meta":{"origin":84516,"position":0},"title":"El certamen de los veteranos se pone cada vez m\u00e1s interesante","author":"hoymercedes","date":"20 agosto, 2019","format":false,"excerpt":"En una nueva tarde en el complejo del Sindicato de la Carne Mercedes, hubo f\u00fatbol del bueno una vez m\u00e1s, con todos los equipos participantes de ambos torneos, el de los menores y el de los mayores. Los menores ya se encuentran en etapa de definiciones, y est\u00e1n disputando la\u2026","rel":"","context":"En \u00abDeportes\u00bb","block_context":{"text":"Deportes","link":"https:\/\/www.hoymercedes.com.ar\/principal\/category\/deportes\/"},"img":{"alt_text":"","src":"https:\/\/i0.wp.com\/www.hoymercedes.com.ar\/principal\/wp-content\/uploads\/2019\/08\/goodyear.jpg.jpg?resize=350%2C200&ssl=1","width":350,"height":200,"srcset":"https:\/\/i0.wp.com\/www.hoymercedes.com.ar\/principal\/wp-content\/uploads\/2019\/08\/goodyear.jpg.jpg?resize=350%2C200&ssl=1 1x, https:\/\/i0.wp.com\/www.hoymercedes.com.ar\/principal\/wp-content\/uploads\/2019\/08\/goodyear.jpg.jpg?resize=525%2C300&ssl=1 1.5x, https:\/\/i0.wp.com\/www.hoymercedes.com.ar\/principal\/wp-content\/uploads\/2019\/08\/goodyear.jpg.jpg?resize=700%2C400&ssl=1 2x"},"classes":[]},{"id":83193,"url":"https:\/\/www.hoymercedes.com.ar\/principal\/2018\/10\/30\/el-certamen-de-la-ajb-tiene-un-nuevo-lider\/","url_meta":{"origin":84516,"position":1},"title":"El certamen de la AJB tiene un nuevo l\u00edder","author":"hoymercedes","date":"30 octubre, 2018","format":false,"excerpt":"El Porvenir-Restaurante El Prado aprovech\u00f3 el traspi\u00e9 de otros planteles para subirse a lo m\u00e1s alto de la tabla de posiciones. Feche vibrante, y encuentros cruciales. Otra jornada futbol\u00edstica m\u00e1s se vivi\u00f3 en el complejo de la Asociaci\u00f3n de Judiciales Bonaerenses. En esta oportunidad tuvo lugar la sexta fecha, con\u2026","rel":"","context":"En \u00abDeportes\u00bb","block_context":{"text":"Deportes","link":"https:\/\/www.hoymercedes.com.ar\/principal\/category\/deportes\/"},"img":{"alt_text":"","src":"https:\/\/i0.wp.com\/www.hoymercedes.com.ar\/principal\/wp-content\/uploads\/2018\/10\/vidrios-mercedes.jpeg?resize=350%2C200&ssl=1","width":350,"height":200,"srcset":"https:\/\/i0.wp.com\/www.hoymercedes.com.ar\/principal\/wp-content\/uploads\/2018\/10\/vidrios-mercedes.jpeg?resize=350%2C200&ssl=1 1x, https:\/\/i0.wp.com\/www.hoymercedes.com.ar\/principal\/wp-content\/uploads\/2018\/10\/vidrios-mercedes.jpeg?resize=525%2C300&ssl=1 1.5x, https:\/\/i0.wp.com\/www.hoymercedes.com.ar\/principal\/wp-content\/uploads\/2018\/10\/vidrios-mercedes.jpeg?resize=700%2C400&ssl=1 2x, https:\/\/i0.wp.com\/www.hoymercedes.com.ar\/principal\/wp-content\/uploads\/2018\/10\/vidrios-mercedes.jpeg?resize=1050%2C600&ssl=1 3x"},"classes":[]},{"id":99738,"url":"https:\/\/www.hoymercedes.com.ar\/principal\/2019\/09\/12\/la-liguilla-de-los-menores-tiene-a-dos-equipos-como-punteros\/","url_meta":{"origin":84516,"position":2},"title":"La liguilla de los menores tiene a dos equipos como punteros","author":"hoymercedes","date":"12 septiembre, 2019","format":false,"excerpt":"Los l\u00edderes en discordia son Carnicer\u00eda la 11-Nefergas srl y Despensa El Cone. Goodyear Neum\u00e1ticos sigue en lo m\u00e1s alto de la tabla de posiciones en los veteranos. Los planteles participantes en ambas copas siguen deleitando al p\u00fablico que se hace presente en el predio de la ciudad de Mercedes.\u2026","rel":"","context":"En \u00abDeportes\u00bb","block_context":{"text":"Deportes","link":"https:\/\/www.hoymercedes.com.ar\/principal\/category\/deportes\/"},"img":{"alt_text":"","src":"https:\/\/i0.wp.com\/www.hoymercedes.com.ar\/principal\/wp-content\/uploads\/2019\/09\/neum%C3%A1ticos.jpg.jpg?resize=350%2C200&ssl=1","width":350,"height":200,"srcset":"https:\/\/i0.wp.com\/www.hoymercedes.com.ar\/principal\/wp-content\/uploads\/2019\/09\/neum%C3%A1ticos.jpg.jpg?resize=350%2C200&ssl=1 1x, https:\/\/i0.wp.com\/www.hoymercedes.com.ar\/principal\/wp-content\/uploads\/2019\/09\/neum%C3%A1ticos.jpg.jpg?resize=525%2C300&ssl=1 1.5x, https:\/\/i0.wp.com\/www.hoymercedes.com.ar\/principal\/wp-content\/uploads\/2019\/09\/neum%C3%A1ticos.jpg.jpg?resize=700%2C400&ssl=1 2x"},"classes":[]},{"id":83187,"url":"https:\/\/www.hoymercedes.com.ar\/principal\/2018\/10\/30\/el-certamen-de-menores-ya-tiene-a-los-8-clasificados\/","url_meta":{"origin":84516,"position":3},"title":"El certamen de menores ya tiene a los 8 clasificados","author":"hoymercedes","date":"30 octubre, 2018","format":false,"excerpt":"Se terminaron de definir las fases de grupos. Desde el pr\u00f3ximo fin de semana comenzar\u00e1n los tan ansiados cuartos de final. Los mayores disputaron la segunda jornada. \u00a0 Copa Mercedes Deportes En otra tarde a puro sol y f\u00fatbol, la n\u00famero 5 rod\u00f3 una vez m\u00e1s en los campos de\u2026","rel":"","context":"En \u00abDeportes\u00bb","block_context":{"text":"Deportes","link":"https:\/\/www.hoymercedes.com.ar\/principal\/category\/deportes\/"},"img":{"alt_text":"","src":"https:\/\/i0.wp.com\/www.hoymercedes.com.ar\/principal\/wp-content\/uploads\/2018\/10\/Pasaje-del-Torneo-Goodyear-Neum%C3%A1ticos.jpeg?resize=350%2C200&ssl=1","width":350,"height":200,"srcset":"https:\/\/i0.wp.com\/www.hoymercedes.com.ar\/principal\/wp-content\/uploads\/2018\/10\/Pasaje-del-Torneo-Goodyear-Neum%C3%A1ticos.jpeg?resize=350%2C200&ssl=1 1x, https:\/\/i0.wp.com\/www.hoymercedes.com.ar\/principal\/wp-content\/uploads\/2018\/10\/Pasaje-del-Torneo-Goodyear-Neum%C3%A1ticos.jpeg?resize=525%2C300&ssl=1 1.5x, https:\/\/i0.wp.com\/www.hoymercedes.com.ar\/principal\/wp-content\/uploads\/2018\/10\/Pasaje-del-Torneo-Goodyear-Neum%C3%A1ticos.jpeg?resize=700%2C400&ssl=1 2x, https:\/\/i0.wp.com\/www.hoymercedes.com.ar\/principal\/wp-content\/uploads\/2018\/10\/Pasaje-del-Torneo-Goodyear-Neum%C3%A1ticos.jpeg?resize=1050%2C600&ssl=1 3x"},"classes":[]},{"id":100475,"url":"https:\/\/www.hoymercedes.com.ar\/principal\/2019\/09\/27\/a-paso-firme-goodyear-neumaticos\/","url_meta":{"origin":84516,"position":4},"title":"A paso firme Goodyear Neum\u00e1ticos","author":"hoymercedes","date":"27 septiembre, 2019","format":false,"excerpt":"Cada vez causan m\u00e1s furor los dos torneos organizados por Walter Banega, quien con su impecable desempe\u00f1o dentro del predio mercedino, lleva adelante la Copa Goodyear Neum\u00e1ticos de mayores y la Copa Mercedes Deportes de los m\u00e1s chicos del complejo. En la tarde del s\u00e1bado, se concretaron los correspondientes partidos\u2026","rel":"","context":"En \u00abDeportes\u00bb","block_context":{"text":"Deportes","link":"https:\/\/www.hoymercedes.com.ar\/principal\/category\/deportes\/"},"img":{"alt_text":"","src":"https:\/\/i0.wp.com\/www.hoymercedes.com.ar\/principal\/wp-content\/uploads\/2019\/09\/consultorio.jpg.jpg?resize=350%2C200&ssl=1","width":350,"height":200,"srcset":"https:\/\/i0.wp.com\/www.hoymercedes.com.ar\/principal\/wp-content\/uploads\/2019\/09\/consultorio.jpg.jpg?resize=350%2C200&ssl=1 1x, https:\/\/i0.wp.com\/www.hoymercedes.com.ar\/principal\/wp-content\/uploads\/2019\/09\/consultorio.jpg.jpg?resize=525%2C300&ssl=1 1.5x, https:\/\/i0.wp.com\/www.hoymercedes.com.ar\/principal\/wp-content\/uploads\/2019\/09\/consultorio.jpg.jpg?resize=700%2C400&ssl=1 2x"},"classes":[]},{"id":95991,"url":"https:\/\/www.hoymercedes.com.ar\/principal\/2019\/07\/03\/el-conjunto-de-pasaron-cosas-sigue-siendo-uno-de-los-protagonistas-del-certamen\/","url_meta":{"origin":84516,"position":5},"title":"El conjunto de Pasaron Cosas sigue siendo uno de los protagonistas del certamen","author":"hoymercedes","date":"3 julio, 2019","format":false,"excerpt":"En su correspondiente presentaci\u00f3n, logr\u00f3 una victoria importante contra la gente del Barrio San Mart\u00edn. Pas\u00f3 una jornada en la cual en reiteradas oportunidades, los encuentro fueron con abultadas goleadas. Terminada la participaci\u00f3n de los veteranos, la Copa Mercedes Deportes de los menores no descansa. En una tarde con un\u2026","rel":"","context":"En \u00abDeportes\u00bb","block_context":{"text":"Deportes","link":"https:\/\/www.hoymercedes.com.ar\/principal\/category\/deportes\/"},"img":{"alt_text":"","src":"https:\/\/i0.wp.com\/www.hoymercedes.com.ar\/principal\/wp-content\/uploads\/2019\/06\/la-11.jpg.jpg?resize=350%2C200&ssl=1","width":350,"height":200,"srcset":"https:\/\/i0.wp.com\/www.hoymercedes.com.ar\/principal\/wp-content\/uploads\/2019\/06\/la-11.jpg.jpg?resize=350%2C200&ssl=1 1x, https:\/\/i0.wp.com\/www.hoymercedes.com.ar\/principal\/wp-content\/uploads\/2019\/06\/la-11.jpg.jpg?resize=525%2C300&ssl=1 1.5x, https:\/\/i0.wp.com\/www.hoymercedes.com.ar\/principal\/wp-content\/uploads\/2019\/06\/la-11.jpg.jpg?resize=700%2C400&ssl=1 2x"},"classes":[]}],"_links":{"self":[{"href":"https:\/\/www.hoymercedes.com.ar\/principal\/wp-json\/wp\/v2\/posts\/84516","targetHints":{"allow":["GET"]}}],"collection":[{"href":"https:\/\/www.hoymercedes.com.ar\/principal\/wp-json\/wp\/v2\/posts"}],"about":[{"href":"https:\/\/www.hoymercedes.com.ar\/principal\/wp-json\/wp\/v2\/types\/post"}],"author":[{"embeddable":true,"href":"https:\/\/www.hoymercedes.com.ar\/principal\/wp-json\/wp\/v2\/users\/1"}],"replies":[{"embeddable":true,"href":"https:\/\/www.hoymercedes.com.ar\/principal\/wp-json\/wp\/v2\/comments?post=84516"}],"version-history":[{"count":0,"href":"https:\/\/www.hoymercedes.com.ar\/principal\/wp-json\/wp\/v2\/posts\/84516\/revisions"}],"wp:featuredmedia":[{"embeddable":true,"href":"https:\/\/www.hoymercedes.com.ar\/principal\/wp-json\/wp\/v2\/media\/84517"}],"wp:attachment":[{"href":"https:\/\/www.hoymercedes.com.ar\/principal\/wp-json\/wp\/v2\/media?parent=84516"}],"wp:term":[{"taxonomy":"category","embeddable":true,"href":"https:\/\/www.hoymercedes.com.ar\/principal\/wp-json\/wp\/v2\/categories?post=84516"},{"taxonomy":"post_tag","embeddable":true,"href":"https:\/\/www.hoymercedes.com.ar\/principal\/wp-json\/wp\/v2\/tags?post=84516"}],"curies":[{"name":"wp","href":"https:\/\/api.w.org\/{rel}","templated":true}]}}