{"id":84537,"date":"2018-11-27T18:51:44","date_gmt":"2018-11-27T21:51:44","guid":{"rendered":"http:\/\/www.hoymercedes.com.ar\/principal\/?p=84537"},"modified":"2018-11-28T09:36:05","modified_gmt":"2018-11-28T12:36:05","slug":"el-centro-ecuestre-maria-silvina-participo-de-la-fiesta-de-la-tradicion","status":"publish","type":"post","link":"https:\/\/www.hoymercedes.com.ar\/principal\/2018\/11\/27\/el-centro-ecuestre-maria-silvina-participo-de-la-fiesta-de-la-tradicion\/","title":{"rendered":"El Centro Ecuestre Mar\u00eda Silvina particip\u00f3 de la Fiesta de la Tradici\u00f3n"},"content":{"rendered":"<p>El pasado s\u00e1bado 24 y domingo 25 de noviembre se realiz\u00f3 en el Parque Municipal de Mercedes la 3\u00b0 Fiesta de la Tradici\u00f3n, donde se hizo presente el Centro Ecuestre Mar\u00eda Silvina.<\/p>\n<p><img loading=\"lazy\" decoding=\"async\" data-attachment-id=\"84538\" data-permalink=\"https:\/\/www.hoymercedes.com.ar\/principal\/2018\/11\/27\/el-centro-ecuestre-maria-silvina-participo-de-la-fiesta-de-la-tradicion\/whatsapp-image-2018-11-26-at-08-21-54-1\/#main\" data-orig-file=\"https:\/\/www.hoymercedes.com.ar\/principal\/wp-content\/uploads\/2018\/11\/WhatsApp-Image-2018-11-26-at-08.21.54-1.jpeg\" data-orig-size=\"1152,768\" data-comments-opened=\"0\" data-image-meta=\"{&quot;aperture&quot;:&quot;0&quot;,&quot;credit&quot;:&quot;&quot;,&quot;camera&quot;:&quot;&quot;,&quot;caption&quot;:&quot;&quot;,&quot;created_timestamp&quot;:&quot;0&quot;,&quot;copyright&quot;:&quot;&quot;,&quot;focal_length&quot;:&quot;0&quot;,&quot;iso&quot;:&quot;0&quot;,&quot;shutter_speed&quot;:&quot;0&quot;,&quot;title&quot;:&quot;&quot;,&quot;orientation&quot;:&quot;0&quot;}\" data-image-title=\"WhatsApp Image 2018-11-26 at 08.21.54 (1)\" data-image-description=\"\" data-image-caption=\"\" data-large-file=\"https:\/\/www.hoymercedes.com.ar\/principal\/wp-content\/uploads\/2018\/11\/WhatsApp-Image-2018-11-26-at-08.21.54-1-1024x683.jpeg\" class=\"aligncenter size-full wp-image-84538\" src=\"https:\/\/www.hoymercedes.com.ar\/principal\/wp-content\/uploads\/2018\/11\/WhatsApp-Image-2018-11-26-at-08.21.54-1.jpeg\" alt=\"\" width=\"1152\" height=\"768\" srcset=\"https:\/\/www.hoymercedes.com.ar\/principal\/wp-content\/uploads\/2018\/11\/WhatsApp-Image-2018-11-26-at-08.21.54-1.jpeg 1152w, https:\/\/www.hoymercedes.com.ar\/principal\/wp-content\/uploads\/2018\/11\/WhatsApp-Image-2018-11-26-at-08.21.54-1-150x100.jpeg 150w, https:\/\/www.hoymercedes.com.ar\/principal\/wp-content\/uploads\/2018\/11\/WhatsApp-Image-2018-11-26-at-08.21.54-1-630x420.jpeg 630w, https:\/\/www.hoymercedes.com.ar\/principal\/wp-content\/uploads\/2018\/11\/WhatsApp-Image-2018-11-26-at-08.21.54-1-1024x683.jpeg 1024w\" sizes=\"auto, (max-width: 1152px) 100vw, 1152px\" \/><\/p>\n<p>Durante ambos d\u00edas se realizaron demostraciones h\u00edpicas, donde los alumnos ejercitaron y demostraron lo aprendido durante todo el a\u00f1o.<\/p>\n<p>Tambi\u00e9n hubo clases de equitaci\u00f3n para todos los niveles abierta al publico en general, paseos a caballo, actividades para los mas peque\u00f1os, y equinoterapia.<\/p>\n<p><img loading=\"lazy\" decoding=\"async\" data-attachment-id=\"84539\" data-permalink=\"https:\/\/www.hoymercedes.com.ar\/principal\/2018\/11\/27\/el-centro-ecuestre-maria-silvina-participo-de-la-fiesta-de-la-tradicion\/whatsapp-image-2018-11-26-at-08-21-54\/#main\" data-orig-file=\"https:\/\/www.hoymercedes.com.ar\/principal\/wp-content\/uploads\/2018\/11\/WhatsApp-Image-2018-11-26-at-08.21.54.jpeg\" data-orig-size=\"1152,768\" data-comments-opened=\"0\" data-image-meta=\"{&quot;aperture&quot;:&quot;0&quot;,&quot;credit&quot;:&quot;&quot;,&quot;camera&quot;:&quot;&quot;,&quot;caption&quot;:&quot;&quot;,&quot;created_timestamp&quot;:&quot;0&quot;,&quot;copyright&quot;:&quot;&quot;,&quot;focal_length&quot;:&quot;0&quot;,&quot;iso&quot;:&quot;0&quot;,&quot;shutter_speed&quot;:&quot;0&quot;,&quot;title&quot;:&quot;&quot;,&quot;orientation&quot;:&quot;0&quot;}\" data-image-title=\"WhatsApp Image 2018-11-26 at 08.21.54\" data-image-description=\"\" data-image-caption=\"\" data-large-file=\"https:\/\/www.hoymercedes.com.ar\/principal\/wp-content\/uploads\/2018\/11\/WhatsApp-Image-2018-11-26-at-08.21.54-1024x683.jpeg\" class=\"aligncenter size-full wp-image-84539\" src=\"https:\/\/www.hoymercedes.com.ar\/principal\/wp-content\/uploads\/2018\/11\/WhatsApp-Image-2018-11-26-at-08.21.54.jpeg\" alt=\"\" width=\"1152\" height=\"768\" srcset=\"https:\/\/www.hoymercedes.com.ar\/principal\/wp-content\/uploads\/2018\/11\/WhatsApp-Image-2018-11-26-at-08.21.54.jpeg 1152w, https:\/\/www.hoymercedes.com.ar\/principal\/wp-content\/uploads\/2018\/11\/WhatsApp-Image-2018-11-26-at-08.21.54-150x100.jpeg 150w, https:\/\/www.hoymercedes.com.ar\/principal\/wp-content\/uploads\/2018\/11\/WhatsApp-Image-2018-11-26-at-08.21.54-630x420.jpeg 630w, https:\/\/www.hoymercedes.com.ar\/principal\/wp-content\/uploads\/2018\/11\/WhatsApp-Image-2018-11-26-at-08.21.54-1024x683.jpeg 1024w\" sizes=\"auto, (max-width: 1152px) 100vw, 1152px\" \/><\/p>\n<p>Fueron unos d\u00edas a pleno sol y en contacto con la naturaleza en donde la gente disfruto de los caballos y de un ambiente plenamente familiar.<\/p>\n<p>Agradecemos a toda la familia de Mar\u00eda Silvina, a la Municipalidad de Mercedes y a la agrupaci\u00f3n de los Amigos Pe\u00f1eros por la invitaci\u00f3n.<\/p>\n<p><img loading=\"lazy\" decoding=\"async\" data-attachment-id=\"84540\" data-permalink=\"https:\/\/www.hoymercedes.com.ar\/principal\/2018\/11\/27\/el-centro-ecuestre-maria-silvina-participo-de-la-fiesta-de-la-tradicion\/whatsapp-image-2018-11-26-at-08-21-55\/#main\" data-orig-file=\"https:\/\/www.hoymercedes.com.ar\/principal\/wp-content\/uploads\/2018\/11\/WhatsApp-Image-2018-11-26-at-08.21.55.jpeg\" data-orig-size=\"720,960\" data-comments-opened=\"0\" data-image-meta=\"{&quot;aperture&quot;:&quot;0&quot;,&quot;credit&quot;:&quot;&quot;,&quot;camera&quot;:&quot;&quot;,&quot;caption&quot;:&quot;&quot;,&quot;created_timestamp&quot;:&quot;0&quot;,&quot;copyright&quot;:&quot;&quot;,&quot;focal_length&quot;:&quot;0&quot;,&quot;iso&quot;:&quot;0&quot;,&quot;shutter_speed&quot;:&quot;0&quot;,&quot;title&quot;:&quot;&quot;,&quot;orientation&quot;:&quot;0&quot;}\" data-image-title=\"WhatsApp Image 2018-11-26 at 08.21.55\" data-image-description=\"\" data-image-caption=\"\" data-large-file=\"https:\/\/www.hoymercedes.com.ar\/principal\/wp-content\/uploads\/2018\/11\/WhatsApp-Image-2018-11-26-at-08.21.55.jpeg\" class=\"aligncenter size-full wp-image-84540\" src=\"https:\/\/www.hoymercedes.com.ar\/principal\/wp-content\/uploads\/2018\/11\/WhatsApp-Image-2018-11-26-at-08.21.55.jpeg\" alt=\"\" width=\"720\" height=\"960\" srcset=\"https:\/\/www.hoymercedes.com.ar\/principal\/wp-content\/uploads\/2018\/11\/WhatsApp-Image-2018-11-26-at-08.21.55.jpeg 720w, https:\/\/www.hoymercedes.com.ar\/principal\/wp-content\/uploads\/2018\/11\/WhatsApp-Image-2018-11-26-at-08.21.55-113x150.jpeg 113w, https:\/\/www.hoymercedes.com.ar\/principal\/wp-content\/uploads\/2018\/11\/WhatsApp-Image-2018-11-26-at-08.21.55-465x620.jpeg 465w\" sizes=\"auto, (max-width: 720px) 100vw, 720px\" \/><\/p>\n","protected":false},"excerpt":{"rendered":"<p>El pasado s\u00e1bado 24 y domingo 25 de noviembre se realiz\u00f3 en el Parque Municipal de Mercedes la 3\u00b0 Fiesta &#8230; <a title=\"El Centro Ecuestre Mar\u00eda Silvina particip\u00f3 de la Fiesta de la Tradici\u00f3n\" class=\"read-more\" href=\"https:\/\/www.hoymercedes.com.ar\/principal\/2018\/11\/27\/el-centro-ecuestre-maria-silvina-participo-de-la-fiesta-de-la-tradicion\/\" aria-label=\"Leer m\u00e1s sobre El Centro Ecuestre Mar\u00eda Silvina particip\u00f3 de la Fiesta de la Tradici\u00f3n\">Leer m\u00e1s<\/a><\/p>\n","protected":false},"author":1,"featured_media":84538,"comment_status":"closed","ping_status":"open","sticky":false,"template":"","format":"standard","meta":{"_monsterinsights_skip_tracking":false,"_monsterinsights_sitenote_active":false,"_monsterinsights_sitenote_note":"","_monsterinsights_sitenote_category":0,"jetpack_post_was_ever_published":false,"_jetpack_newsletter_access":"","_jetpack_dont_email_post_to_subs":false,"_jetpack_newsletter_tier_id":0,"_jetpack_memberships_contains_paywalled_content":false,"_jetpack_memberships_contains_paid_content":false,"footnotes":"","jetpack_publicize_message":"","jetpack_publicize_feature_enabled":true,"jetpack_social_post_already_shared":true,"jetpack_social_options":{"image_generator_settings":{"template":"highway","default_image_id":0,"font":"","enabled":false},"version":2},"_wpas_customize_per_network":false},"categories":[21],"tags":[204,1821,13489],"class_list":["post-84537","post","type-post","status-publish","format-standard","has-post-thumbnail","hentry","category-deportes","tag-deportes-2","tag-equitacion","tag-maria-silvina","generate-columns","tablet-grid-50","mobile-grid-100","grid-parent","grid-50"],"jetpack_publicize_connections":[],"jetpack_featured_media_url":"https:\/\/www.hoymercedes.com.ar\/principal\/wp-content\/uploads\/2018\/11\/WhatsApp-Image-2018-11-26-at-08.21.54-1.jpeg","wps_subtitle":"Equitaci\u00f3n","jetpack_sharing_enabled":true,"jetpack-related-posts":[{"id":151522,"url":"https:\/\/www.hoymercedes.com.ar\/principal\/2022\/08\/04\/equitacion-maria-silvina-presente-en-el-fogon\/","url_meta":{"origin":84537,"position":0},"title":"Equitaci\u00f3n: Mar\u00eda Silvina presente en el Fog\u00f3n\u00a0","author":"hoymercedes","date":"4 agosto, 2022","format":false,"excerpt":"Este domingo 31 de julio se realiz\u00f3 un encuentro h\u00edpico amistoso en la localidad de Chivilcoy, el cual cont\u00f3 con un representante del Centro ecuestre Mar\u00eda Silvina.\u00a0","rel":"","context":"En \u00abDeportes\u00bb","block_context":{"text":"Deportes","link":"https:\/\/www.hoymercedes.com.ar\/principal\/category\/deportes\/"},"img":{"alt_text":"","src":"https:\/\/i0.wp.com\/www.hoymercedes.com.ar\/principal\/wp-content\/uploads\/2022\/08\/equitacion-0108.jpeg?resize=350%2C200&ssl=1","width":350,"height":200,"srcset":"https:\/\/i0.wp.com\/www.hoymercedes.com.ar\/principal\/wp-content\/uploads\/2022\/08\/equitacion-0108.jpeg?resize=350%2C200&ssl=1 1x, https:\/\/i0.wp.com\/www.hoymercedes.com.ar\/principal\/wp-content\/uploads\/2022\/08\/equitacion-0108.jpeg?resize=525%2C300&ssl=1 1.5x, https:\/\/i0.wp.com\/www.hoymercedes.com.ar\/principal\/wp-content\/uploads\/2022\/08\/equitacion-0108.jpeg?resize=700%2C400&ssl=1 2x"},"classes":[]},{"id":153463,"url":"https:\/\/www.hoymercedes.com.ar\/principal\/2022\/09\/28\/equitacion-maria-silvina-se-luce-en-chivilcoy\/","url_meta":{"origin":84537,"position":1},"title":"Equitaci\u00f3n: Mar\u00eda Silvina se luce en Chivilcoy\u00a0","author":"hoymercedes","date":"28 septiembre, 2022","format":false,"excerpt":"El Centro Ecuestre local particip\u00f3 de la sexta fecha del AHDO. Los jinetes y amazonas de Mercedes cosecharon excelentes resultados.\u00a0","rel":"","context":"En \u00abDeportes\u00bb","block_context":{"text":"Deportes","link":"https:\/\/www.hoymercedes.com.ar\/principal\/category\/deportes\/"},"img":{"alt_text":"","src":"https:\/\/i0.wp.com\/www.hoymercedes.com.ar\/principal\/wp-content\/uploads\/2022\/09\/equi-2609.jpeg?resize=350%2C200&ssl=1","width":350,"height":200,"srcset":"https:\/\/i0.wp.com\/www.hoymercedes.com.ar\/principal\/wp-content\/uploads\/2022\/09\/equi-2609.jpeg?resize=350%2C200&ssl=1 1x, https:\/\/i0.wp.com\/www.hoymercedes.com.ar\/principal\/wp-content\/uploads\/2022\/09\/equi-2609.jpeg?resize=525%2C300&ssl=1 1.5x, https:\/\/i0.wp.com\/www.hoymercedes.com.ar\/principal\/wp-content\/uploads\/2022\/09\/equi-2609.jpeg?resize=700%2C400&ssl=1 2x"},"classes":[]},{"id":84153,"url":"https:\/\/www.hoymercedes.com.ar\/principal\/2018\/11\/20\/hipico-maria-silvina-estara-en-la-fiesta-de-la-tradicion\/","url_meta":{"origin":84537,"position":2},"title":"H\u00edpico Mar\u00eda Silvina estar\u00e1 en la Fiesta de la Tradici\u00f3n","author":"hoymercedes","date":"20 noviembre, 2018","format":false,"excerpt":"El Centro Ecuestre Mar\u00eda Silvina estar\u00e1 presente en la Fiesta de la Tradici\u00f3n que se realizar\u00e1 los d\u00edas 24 y 25 de noviembre en el Parque Municipal Independencia. Habr\u00e1 demostraci\u00f3n h\u00edpica, paseos a caballo, contacto con ellos, aseo y muchos mimos para los m\u00e1s peque\u00f1os de Mar\u00eda Silvina. Adem\u00e1s habr\u00e1\u2026","rel":"","context":"En \u00abDeportes\u00bb","block_context":{"text":"Deportes","link":"https:\/\/www.hoymercedes.com.ar\/principal\/category\/deportes\/"},"img":{"alt_text":"","src":"https:\/\/i0.wp.com\/www.hoymercedes.com.ar\/principal\/wp-content\/uploads\/2018\/11\/46489568_2214339208832354_821284062952947712_n.jpg?resize=350%2C200&ssl=1","width":350,"height":200,"srcset":"https:\/\/i0.wp.com\/www.hoymercedes.com.ar\/principal\/wp-content\/uploads\/2018\/11\/46489568_2214339208832354_821284062952947712_n.jpg?resize=350%2C200&ssl=1 1x, https:\/\/i0.wp.com\/www.hoymercedes.com.ar\/principal\/wp-content\/uploads\/2018\/11\/46489568_2214339208832354_821284062952947712_n.jpg?resize=525%2C300&ssl=1 1.5x, https:\/\/i0.wp.com\/www.hoymercedes.com.ar\/principal\/wp-content\/uploads\/2018\/11\/46489568_2214339208832354_821284062952947712_n.jpg?resize=700%2C400&ssl=1 2x, https:\/\/i0.wp.com\/www.hoymercedes.com.ar\/principal\/wp-content\/uploads\/2018\/11\/46489568_2214339208832354_821284062952947712_n.jpg?resize=1050%2C600&ssl=1 3x, https:\/\/i0.wp.com\/www.hoymercedes.com.ar\/principal\/wp-content\/uploads\/2018\/11\/46489568_2214339208832354_821284062952947712_n.jpg?resize=1400%2C800&ssl=1 4x"},"classes":[]},{"id":156468,"url":"https:\/\/www.hoymercedes.com.ar\/principal\/2022\/12\/13\/equitacion-maria-silvina-bicampeon-ahdo-2022\/","url_meta":{"origin":84537,"position":3},"title":"Equitaci\u00f3n: Mar\u00eda Silvina bicampe\u00f3n AHDO 2022\u00a0","author":"hoymercedes","date":"13 diciembre, 2022","format":false,"excerpt":"Finaliz\u00f3 la competencia AHDO 2022 donde el Centro Ecuestre local tuvo varios jinetes y amazonas entre los primeros puestos del podio. Adem\u00e1s, Mar\u00eda Silvina se consagr\u00f3 por segundo a\u00f1o consecutivo como el Campe\u00f3n de Clubes.\u00a0\u00a0","rel":"","context":"En \u00abDeportes\u00bb","block_context":{"text":"Deportes","link":"https:\/\/www.hoymercedes.com.ar\/principal\/category\/deportes\/"},"img":{"alt_text":"","src":"https:\/\/i0.wp.com\/www.hoymercedes.com.ar\/principal\/wp-content\/uploads\/2022\/12\/equi-1312.jpeg?resize=350%2C200&ssl=1","width":350,"height":200,"srcset":"https:\/\/i0.wp.com\/www.hoymercedes.com.ar\/principal\/wp-content\/uploads\/2022\/12\/equi-1312.jpeg?resize=350%2C200&ssl=1 1x, https:\/\/i0.wp.com\/www.hoymercedes.com.ar\/principal\/wp-content\/uploads\/2022\/12\/equi-1312.jpeg?resize=525%2C300&ssl=1 1.5x, https:\/\/i0.wp.com\/www.hoymercedes.com.ar\/principal\/wp-content\/uploads\/2022\/12\/equi-1312.jpeg?resize=700%2C400&ssl=1 2x"},"classes":[]},{"id":102312,"url":"https:\/\/www.hoymercedes.com.ar\/principal\/2019\/11\/15\/continuan-los-exitos-en-el-centro-ecuestre-maria-silvina\/","url_meta":{"origin":84537,"position":4},"title":"Contin\u00faan los \u00e9xitos en el Centro Ecuestre Mar\u00eda Silvina","author":"hoymercedes","date":"15 noviembre, 2019","format":false,"excerpt":"El pasado domingo 10 de noviembre el Centro Ecuestre Mar\u00eda Silvina junto a su instructor Lucas Rey, particip\u00f3 de la ante\u00faltima fecha del Campeonato Amistosos Hipicos del Oeste organizado por el Club H\u00edpico Luj\u00e1n. Los Mercedinos viajaron y obtuvieron excelentes resultados. En 30 cm: 1\u00b0 puesto para Luisina Martinelli\u00a0 con\u2026","rel":"","context":"En \u00abDeportes\u00bb","block_context":{"text":"Deportes","link":"https:\/\/www.hoymercedes.com.ar\/principal\/category\/deportes\/"},"img":{"alt_text":"","src":"https:\/\/i0.wp.com\/www.hoymercedes.com.ar\/principal\/wp-content\/uploads\/2019\/11\/WhatsApp-Image-2019-11-10-at-18.09.11.jpeg?resize=350%2C200&ssl=1","width":350,"height":200,"srcset":"https:\/\/i0.wp.com\/www.hoymercedes.com.ar\/principal\/wp-content\/uploads\/2019\/11\/WhatsApp-Image-2019-11-10-at-18.09.11.jpeg?resize=350%2C200&ssl=1 1x, https:\/\/i0.wp.com\/www.hoymercedes.com.ar\/principal\/wp-content\/uploads\/2019\/11\/WhatsApp-Image-2019-11-10-at-18.09.11.jpeg?resize=525%2C300&ssl=1 1.5x, https:\/\/i0.wp.com\/www.hoymercedes.com.ar\/principal\/wp-content\/uploads\/2019\/11\/WhatsApp-Image-2019-11-10-at-18.09.11.jpeg?resize=700%2C400&ssl=1 2x"},"classes":[]},{"id":150953,"url":"https:\/\/www.hoymercedes.com.ar\/principal\/2022\/07\/20\/equitacion-maria-silvina-en-el-hipico-de-vedia\/","url_meta":{"origin":84537,"position":5},"title":"Equitaci\u00f3n: Mar\u00eda Silvina en el H\u00edpico de Vedia\u00a0","author":"hoymercedes","date":"20 julio, 2022","format":false,"excerpt":"Equitaci\u00f3n: Mar\u00eda Silvina en el H\u00edpico de Vedia","rel":"","context":"En \u00abDeportes\u00bb","block_context":{"text":"Deportes","link":"https:\/\/www.hoymercedes.com.ar\/principal\/category\/deportes\/"},"img":{"alt_text":"","src":"https:\/\/i0.wp.com\/www.hoymercedes.com.ar\/principal\/wp-content\/uploads\/2022\/07\/dequi-e1658322892875.jpg?resize=350%2C200&ssl=1","width":350,"height":200,"srcset":"https:\/\/i0.wp.com\/www.hoymercedes.com.ar\/principal\/wp-content\/uploads\/2022\/07\/dequi-e1658322892875.jpg?resize=350%2C200&ssl=1 1x, https:\/\/i0.wp.com\/www.hoymercedes.com.ar\/principal\/wp-content\/uploads\/2022\/07\/dequi-e1658322892875.jpg?resize=525%2C300&ssl=1 1.5x, https:\/\/i0.wp.com\/www.hoymercedes.com.ar\/principal\/wp-content\/uploads\/2022\/07\/dequi-e1658322892875.jpg?resize=700%2C400&ssl=1 2x"},"classes":[]}],"_links":{"self":[{"href":"https:\/\/www.hoymercedes.com.ar\/principal\/wp-json\/wp\/v2\/posts\/84537","targetHints":{"allow":["GET"]}}],"collection":[{"href":"https:\/\/www.hoymercedes.com.ar\/principal\/wp-json\/wp\/v2\/posts"}],"about":[{"href":"https:\/\/www.hoymercedes.com.ar\/principal\/wp-json\/wp\/v2\/types\/post"}],"author":[{"embeddable":true,"href":"https:\/\/www.hoymercedes.com.ar\/principal\/wp-json\/wp\/v2\/users\/1"}],"replies":[{"embeddable":true,"href":"https:\/\/www.hoymercedes.com.ar\/principal\/wp-json\/wp\/v2\/comments?post=84537"}],"version-history":[{"count":0,"href":"https:\/\/www.hoymercedes.com.ar\/principal\/wp-json\/wp\/v2\/posts\/84537\/revisions"}],"wp:featuredmedia":[{"embeddable":true,"href":"https:\/\/www.hoymercedes.com.ar\/principal\/wp-json\/wp\/v2\/media\/84538"}],"wp:attachment":[{"href":"https:\/\/www.hoymercedes.com.ar\/principal\/wp-json\/wp\/v2\/media?parent=84537"}],"wp:term":[{"taxonomy":"category","embeddable":true,"href":"https:\/\/www.hoymercedes.com.ar\/principal\/wp-json\/wp\/v2\/categories?post=84537"},{"taxonomy":"post_tag","embeddable":true,"href":"https:\/\/www.hoymercedes.com.ar\/principal\/wp-json\/wp\/v2\/tags?post=84537"}],"curies":[{"name":"wp","href":"https:\/\/api.w.org\/{rel}","templated":true}]}}