{"id":84554,"date":"2018-11-27T11:25:06","date_gmt":"2018-11-27T14:25:06","guid":{"rendered":"http:\/\/www.hoymercedes.com.ar\/principal\/?p=84554"},"modified":"2018-11-28T09:43:11","modified_gmt":"2018-11-28T12:43:11","slug":"el-doctor-moran-podria-ser-el-titular-del-juzgado-federal-de-formosa","status":"publish","type":"post","link":"https:\/\/www.hoymercedes.com.ar\/principal\/2018\/11\/27\/el-doctor-moran-podria-ser-el-titular-del-juzgado-federal-de-formosa\/","title":{"rendered":"El doctor Mor\u00e1n podr\u00eda ser el titular del Juzgado Federal de Formosa"},"content":{"rendered":"<p>D\u00edas pasado se conoci\u00f3 que en la sesi\u00f3n especial de la C\u00e1mara Alta del Congreso Nacional del 14 de noviembre \u00faltimo, donde el tema saliente fue el tratamiento del Presupuesto Nacional 2019, tom\u00f3 estado parlamentario en el Senado de la Naci\u00f3n el expediente requiriendo acuerdo para la designaci\u00f3n del nuevo Juez Federal de Primera Instancia en el Juzgado de Mercedes. Pero existen otras propuestas, para Juzgados Federales en distintos lugares del pa\u00eds, y para otros Juzgados Nacionales con asiento en CABA, a la espera del acuerdo del Senado.<\/p>\n<p>Entre ellas, tambi\u00e9n se encuentra la designaci\u00f3n del doctor Pablo Fernando Mor\u00e1n como titular del Juzgado Federal de Primera Instancia N\u00b0 1 de Formosa, \u00f3rgano de competencia m\u00faltiple (penal, civil, comercial, contencioso administrativa, laboral, tributaria y electoral).<\/p>\n<p>El doctor Mor\u00e1n actualmente se encuentra a cargo del Juzgado de Garant\u00edas N\u00b0 3, y subrogando, por licencia de su titular -Dr. Facundo Oliva- al Juzgado de Garant\u00edas N\u00b0 2, as\u00ed como tambi\u00e9n integrando el Tribunal de la Responsabilidad Penal Juvenil local; hasta hace pocos d\u00edas tambi\u00e9n subrogaba el Tribunal en lo Criminal N\u00b0 1, todos del Departamento Judicial de Mercedes.<\/p>\n<p>Vale destacar, adem\u00e1s, que Mor\u00e1n fue parte tambi\u00e9n de la terna para el Juzgado Federal de nuestra ciudad, resultando electo por el Poder Ejecutivo para tal cargo el doctor Juan Ignacio Mah\u00edques.\u00a0 Ambas designaciones aguardan acuerdo del Senado para que se puedan firmar los decretos de nombramiento definitivo, lo cual podr\u00eda darse reci\u00e9n en el mes de marzo pr\u00f3ximo, cuando retome su actividad ordinaria el Congreso Nacional. Y es que pasaron a la Comisi\u00f3n de Acuerdos, presidida por el senador Urtubey, hermano del gobernador salte\u00f1o, y todo indica que el tr\u00e1mite no tendr\u00eda mayor oposici\u00f3n para continuar su normal curso. Pero el periodo ordinario ya est\u00e1 llegando a su fin, por lo que se demorar\u00e1n hasta que vuelvan a reiniciarse. No se encuentra previsto que, a\u00fan para el caso de llamarse a sesiones extraordinarias, estos acuerdos vayan a tratarse antes de fin de a\u00f1o.<\/p>\n<p>&nbsp;<\/p>\n<p>A Formosa<\/p>\n<p>Seg\u00fan se pudo conocer a trav\u00e9s de los medios de la mencionada provincia, hace a\u00f1os no se cuenta con un juez federal. En mayo del 2012, Marcos Bruno Quintero renunci\u00f3 a su condici\u00f3n de juez federal de Formosa. Lo hizo para desempe\u00f1arse semanas m\u00e1s tarde como ministro del Superior Tribunal de Justicia. Entonces, Eduardo Valiente qued\u00f3 como \u00fanico juez. Pero, en el a\u00f1o 2013 Valiente pidi\u00f3 licencia por enfermedad. Desde aquellos tiempos se sucedieron varias subrogaciones. Mientras tanto, se suced\u00edan los tr\u00e1mites para la designaci\u00f3n de uno de los dos juzgados vacantes. En octubre del a\u00f1o pasado se conoci\u00f3 una terna de aspirantes. La integraban: los doctores Edgard Juvenal Dantiak, Lilian Isabel Fern\u00e1ndez y Pablo Fernando Mor\u00e1n. Adem\u00e1s, se agreg\u00f3 a Ricardo Fabi\u00e1n \u201cLito\u201d Rojas en virtud de que Mor\u00e1n integraba ternas para diferentes cargos en la Justicia Federal en otros distritos (Rosario, San Rafael, Tartagal, Zapala, y luego tambi\u00e9n Mercedes).<\/p>\n<p>La terna pas\u00f3 a la \u00f3rbita del Poder Ejecutivo Nacional y el 10 de octubre, el presidente propuso al abogado Pablo Fernando Mor\u00e1n para el cargo\u00a0 entre la terna que m\u00e1s puntaje obtuvo en los ex\u00e1menes. Ahora, resta que el Senado apruebe esta candidatura para completar su designaci\u00f3n.<\/p>\n<p>El doctor Mor\u00e1n se desempe\u00f1a desde hace m\u00e1s de seis a\u00f1os como Magistrado en la ciudad de Mercedes, ocupando diversos cargos en Tribunales Orales en lo Criminal, hasta su designaci\u00f3n en el Juzgado de Garant\u00edas n\u00b0 3. Es oriundo de Lomas de Zamora, donde trabaj\u00f3 m\u00e1s de 20 a\u00f1os como abogado, y actualmente se encuentra radicado en el Gran Buenos Aires.<\/p>\n<p>Por su labor, gesti\u00f3n y vocaci\u00f3n goza de un importante reconocimiento y prestigio entre los colegas, personal de tribunales y profesionales del foro local. Su partida generar\u00e1 una nueva vacante en el ya diezmado foro local, donde ya existen numerosos cargos a la espera de designaciones definitivas.<\/p>\n","protected":false},"excerpt":{"rendered":"<p>D\u00edas pasado se conoci\u00f3 que en la sesi\u00f3n especial de la C\u00e1mara Alta del Congreso Nacional del 14 de noviembre &#8230; <a title=\"El doctor Mor\u00e1n podr\u00eda ser el titular del Juzgado Federal de Formosa\" class=\"read-more\" href=\"https:\/\/www.hoymercedes.com.ar\/principal\/2018\/11\/27\/el-doctor-moran-podria-ser-el-titular-del-juzgado-federal-de-formosa\/\" aria-label=\"Leer m\u00e1s sobre El doctor Mor\u00e1n podr\u00eda ser el titular del Juzgado Federal de Formosa\">Leer m\u00e1s<\/a><\/p>\n","protected":false},"author":1,"featured_media":84555,"comment_status":"closed","ping_status":"open","sticky":false,"template":"","format":"standard","meta":{"_monsterinsights_skip_tracking":false,"_monsterinsights_sitenote_active":false,"_monsterinsights_sitenote_note":"","_monsterinsights_sitenote_category":0,"jetpack_post_was_ever_published":false,"_jetpack_newsletter_access":"","_jetpack_dont_email_post_to_subs":false,"_jetpack_newsletter_tier_id":0,"_jetpack_memberships_contains_paywalled_content":false,"_jetpack_memberships_contains_paid_content":false,"footnotes":"","jetpack_publicize_message":"","jetpack_publicize_feature_enabled":true,"jetpack_social_post_already_shared":true,"jetpack_social_options":{"image_generator_settings":{"template":"highway","default_image_id":0,"font":"","enabled":false},"version":2},"_wpas_customize_per_network":false},"categories":[8],"tags":[11446,14118,325,1012],"class_list":["post-84554","post","type-post","status-publish","format-standard","has-post-thumbnail","hentry","category-sociedad","tag-judicial","tag-juez-federal-juzgado-federal","tag-justicia","tag-poder-judicial","generate-columns","tablet-grid-50","mobile-grid-100","grid-parent","grid-50"],"jetpack_publicize_connections":[],"jetpack_featured_media_url":"https:\/\/www.hoymercedes.com.ar\/principal\/wp-content\/uploads\/2018\/11\/moranweb.jpeg","wps_subtitle":"A la espera de designaciones","jetpack_sharing_enabled":true,"_links":{"self":[{"href":"https:\/\/www.hoymercedes.com.ar\/principal\/wp-json\/wp\/v2\/posts\/84554","targetHints":{"allow":["GET"]}}],"collection":[{"href":"https:\/\/www.hoymercedes.com.ar\/principal\/wp-json\/wp\/v2\/posts"}],"about":[{"href":"https:\/\/www.hoymercedes.com.ar\/principal\/wp-json\/wp\/v2\/types\/post"}],"author":[{"embeddable":true,"href":"https:\/\/www.hoymercedes.com.ar\/principal\/wp-json\/wp\/v2\/users\/1"}],"replies":[{"embeddable":true,"href":"https:\/\/www.hoymercedes.com.ar\/principal\/wp-json\/wp\/v2\/comments?post=84554"}],"version-history":[{"count":0,"href":"https:\/\/www.hoymercedes.com.ar\/principal\/wp-json\/wp\/v2\/posts\/84554\/revisions"}],"wp:featuredmedia":[{"embeddable":true,"href":"https:\/\/www.hoymercedes.com.ar\/principal\/wp-json\/wp\/v2\/media\/84555"}],"wp:attachment":[{"href":"https:\/\/www.hoymercedes.com.ar\/principal\/wp-json\/wp\/v2\/media?parent=84554"}],"wp:term":[{"taxonomy":"category","embeddable":true,"href":"https:\/\/www.hoymercedes.com.ar\/principal\/wp-json\/wp\/v2\/categories?post=84554"},{"taxonomy":"post_tag","embeddable":true,"href":"https:\/\/www.hoymercedes.com.ar\/principal\/wp-json\/wp\/v2\/tags?post=84554"}],"curies":[{"name":"wp","href":"https:\/\/api.w.org\/{rel}","templated":true}]}}