{"id":84562,"date":"2018-11-27T11:55:30","date_gmt":"2018-11-27T14:55:30","guid":{"rendered":"http:\/\/www.hoymercedes.com.ar\/principal\/?p=84562"},"modified":"2018-11-28T09:42:22","modified_gmt":"2018-11-28T12:42:22","slug":"la-secretaria-de-salud-decomisa-ingreso-de-mercaderia-sin-cumplir-las-normas","status":"publish","type":"post","link":"https:\/\/www.hoymercedes.com.ar\/principal\/2018\/11\/27\/la-secretaria-de-salud-decomisa-ingreso-de-mercaderia-sin-cumplir-las-normas\/","title":{"rendered":"La Secretar\u00eda de Salud decomisa ingreso de mercader\u00eda sin cumplir las normas"},"content":{"rendered":"<figure id=\"attachment_84563\" aria-describedby=\"caption-attachment-84563\" style=\"width: 1022px\" class=\"wp-caption aligncenter\"><img loading=\"lazy\" decoding=\"async\" data-attachment-id=\"84563\" data-permalink=\"https:\/\/www.hoymercedes.com.ar\/principal\/2018\/11\/27\/la-secretaria-de-salud-decomisa-ingreso-de-mercaderia-sin-cumplir-las-normas\/decomiso-2\/#main\" data-orig-file=\"https:\/\/www.hoymercedes.com.ar\/principal\/wp-content\/uploads\/2018\/11\/decomiso-2.jpeg\" data-orig-size=\"1032,581\" data-comments-opened=\"0\" data-image-meta=\"{&quot;aperture&quot;:&quot;0&quot;,&quot;credit&quot;:&quot;&quot;,&quot;camera&quot;:&quot;&quot;,&quot;caption&quot;:&quot;&quot;,&quot;created_timestamp&quot;:&quot;0&quot;,&quot;copyright&quot;:&quot;&quot;,&quot;focal_length&quot;:&quot;0&quot;,&quot;iso&quot;:&quot;0&quot;,&quot;shutter_speed&quot;:&quot;0&quot;,&quot;title&quot;:&quot;&quot;,&quot;orientation&quot;:&quot;0&quot;}\" data-image-title=\"decomiso-2\" data-image-description=\"\" data-image-caption=\"&lt;p&gt;Bromatolog\u00eda &lt;\/p&gt;\n\" data-large-file=\"https:\/\/www.hoymercedes.com.ar\/principal\/wp-content\/uploads\/2018\/11\/decomiso-2-1024x576.jpeg\" class=\"size-full wp-image-84563\" src=\"https:\/\/www.hoymercedes.com.ar\/principal\/wp-content\/uploads\/2018\/11\/decomiso-2.jpeg\" alt=\"\" width=\"1032\" height=\"581\" srcset=\"https:\/\/www.hoymercedes.com.ar\/principal\/wp-content\/uploads\/2018\/11\/decomiso-2.jpeg 1032w, https:\/\/www.hoymercedes.com.ar\/principal\/wp-content\/uploads\/2018\/11\/decomiso-2-150x84.jpeg 150w, https:\/\/www.hoymercedes.com.ar\/principal\/wp-content\/uploads\/2018\/11\/decomiso-2-630x355.jpeg 630w, https:\/\/www.hoymercedes.com.ar\/principal\/wp-content\/uploads\/2018\/11\/decomiso-2-1024x576.jpeg 1024w\" sizes=\"auto, (max-width: 1032px) 100vw, 1032px\" \/><figcaption id=\"caption-attachment-84563\" class=\"wp-caption-text\">Bromatolog\u00eda<\/figcaption><\/figure>\n<p style=\"font-weight: 400;\">En sus habituales inspecciones en pos del cuidado de la salud de nuestros vecinos el \u00e1rea de inspecci\u00f3n sanitaria local decomis\u00f3 mercader\u00eda que ven\u00eda desde la vecina localidad de Chivilcoy.<\/p>\n<p style=\"font-weight: 400;\">Este decomiso viene a sumarse a las varias toneladas de alimentos ya incautados procedentes de otras localidades con destino final la ciudad de Mercedes en el \u00faltimo tiempo.<\/p>\n<p style=\"font-weight: 400;\">Vale destacar que a diario, los inspectores sanitarios del Departamento de Bromatolog\u00eda, realizan inspecciones de los locales de elaboraci\u00f3n, dep\u00f3sito, distribuci\u00f3n y expendio de productos alimenticios verificando las condiciones higi\u00e9nico-sanitarias de los comercios as\u00ed como de las materias primas y transporte de los productos alimenticios.<\/p>\n<p style=\"font-weight: 400;\">En este caso se pudo observar la mezcla de distintos productos, como insecticidas, con elementos comestibles, una falta grave.<\/p>\n<p style=\"font-weight: 400;\">El Dr. Pablo Cassiani aprovech\u00f3 la ocasi\u00f3n para \u201cfelicitar el compromiso de todos los trabajadores, ellos son quienes hace la diferencia en beneficio de nuestros vecinos\u201d mencion\u00f3 y rescat\u00f3 que \u201ctodos los d\u00edas se trabaja, en algunas ocasiones se conocen m\u00e1s detalles que en otras, pero siempre se est\u00e1 alerta\u201d, sostuvo.<\/p>\n","protected":false},"excerpt":{"rendered":"<p>En sus habituales inspecciones en pos del cuidado de la salud de nuestros vecinos el \u00e1rea de inspecci\u00f3n sanitaria local &#8230; <a title=\"La Secretar\u00eda de Salud decomisa ingreso de mercader\u00eda sin cumplir las normas\" class=\"read-more\" href=\"https:\/\/www.hoymercedes.com.ar\/principal\/2018\/11\/27\/la-secretaria-de-salud-decomisa-ingreso-de-mercaderia-sin-cumplir-las-normas\/\" aria-label=\"Leer m\u00e1s sobre La Secretar\u00eda de Salud decomisa ingreso de mercader\u00eda sin cumplir las normas\">Leer m\u00e1s<\/a><\/p>\n","protected":false},"author":1,"featured_media":84563,"comment_status":"closed","ping_status":"open","sticky":false,"template":"","format":"standard","meta":{"_monsterinsights_skip_tracking":false,"_monsterinsights_sitenote_active":false,"_monsterinsights_sitenote_note":"","_monsterinsights_sitenote_category":0,"jetpack_post_was_ever_published":false,"_jetpack_newsletter_access":"","_jetpack_dont_email_post_to_subs":false,"_jetpack_newsletter_tier_id":0,"_jetpack_memberships_contains_paywalled_content":false,"_jetpack_memberships_contains_paid_content":false,"footnotes":"","jetpack_publicize_message":"","jetpack_publicize_feature_enabled":true,"jetpack_social_post_already_shared":true,"jetpack_social_options":{"image_generator_settings":{"template":"highway","default_image_id":0,"font":"","enabled":false},"version":2},"_wpas_customize_per_network":false},"categories":[30],"tags":[14117,244,134,8529],"class_list":["post-84562","post","type-post","status-publish","format-standard","has-post-thumbnail","hentry","category-municipio","tag-decomisacion","tag-municipio-2","tag-salud","tag-secretaria-de-salud","generate-columns","tablet-grid-50","mobile-grid-100","grid-parent","grid-50"],"jetpack_publicize_connections":[],"jetpack_featured_media_url":"https:\/\/www.hoymercedes.com.ar\/principal\/wp-content\/uploads\/2018\/11\/decomiso-2.jpeg","wps_subtitle":"Bromatolog\u00eda","jetpack_sharing_enabled":true,"_links":{"self":[{"href":"https:\/\/www.hoymercedes.com.ar\/principal\/wp-json\/wp\/v2\/posts\/84562","targetHints":{"allow":["GET"]}}],"collection":[{"href":"https:\/\/www.hoymercedes.com.ar\/principal\/wp-json\/wp\/v2\/posts"}],"about":[{"href":"https:\/\/www.hoymercedes.com.ar\/principal\/wp-json\/wp\/v2\/types\/post"}],"author":[{"embeddable":true,"href":"https:\/\/www.hoymercedes.com.ar\/principal\/wp-json\/wp\/v2\/users\/1"}],"replies":[{"embeddable":true,"href":"https:\/\/www.hoymercedes.com.ar\/principal\/wp-json\/wp\/v2\/comments?post=84562"}],"version-history":[{"count":0,"href":"https:\/\/www.hoymercedes.com.ar\/principal\/wp-json\/wp\/v2\/posts\/84562\/revisions"}],"wp:featuredmedia":[{"embeddable":true,"href":"https:\/\/www.hoymercedes.com.ar\/principal\/wp-json\/wp\/v2\/media\/84563"}],"wp:attachment":[{"href":"https:\/\/www.hoymercedes.com.ar\/principal\/wp-json\/wp\/v2\/media?parent=84562"}],"wp:term":[{"taxonomy":"category","embeddable":true,"href":"https:\/\/www.hoymercedes.com.ar\/principal\/wp-json\/wp\/v2\/categories?post=84562"},{"taxonomy":"post_tag","embeddable":true,"href":"https:\/\/www.hoymercedes.com.ar\/principal\/wp-json\/wp\/v2\/tags?post=84562"}],"curies":[{"name":"wp","href":"https:\/\/api.w.org\/{rel}","templated":true}]}}