{"id":84570,"date":"2018-11-27T20:05:45","date_gmt":"2018-11-27T23:05:45","guid":{"rendered":"http:\/\/www.hoymercedes.com.ar\/principal\/?p=84570"},"modified":"2018-11-28T09:34:53","modified_gmt":"2018-11-28T12:34:53","slug":"martin-perazzo-gano-el-martin-fierro-de-radio-como-mejor-relator-deportivo","status":"publish","type":"post","link":"https:\/\/www.hoymercedes.com.ar\/principal\/2018\/11\/27\/martin-perazzo-gano-el-martin-fierro-de-radio-como-mejor-relator-deportivo\/","title":{"rendered":"Mart\u00edn Perazzo gan\u00f3 el Mart\u00edn Fierro de Radio como Mejor Relator Deportivo"},"content":{"rendered":"<p>En el sali\u00f3n Libertad del Hotel Sheraton de Buenos Aires se realiz\u00f3 en la noche del lunes 26 la entrega de los Mart\u00edn Fierro de Radio, premiaci\u00f3n organizada por la Asociaci\u00f3n de Periodistas de la Televisi\u00f3n y Radiofon\u00eda Argentina. El mercedino Mart\u00edn Perazzo gan\u00f3 la terna de Relator Deportivo, dejando en el camino a Walter Nelson y Jos\u00e9 Gabriel Carabajal.<\/p>\n<p><img loading=\"lazy\" decoding=\"async\" data-attachment-id=\"84571\" data-permalink=\"https:\/\/www.hoymercedes.com.ar\/principal\/2018\/11\/27\/martin-perazzo-gano-el-martin-fierro-de-radio-como-mejor-relator-deportivo\/martin-perazzo-martin-fierro-2018\/#main\" data-orig-file=\"https:\/\/www.hoymercedes.com.ar\/principal\/wp-content\/uploads\/2018\/11\/Martin-Perazzo-Martin-Fierro-2018.jpg\" data-orig-size=\"990,680\" data-comments-opened=\"0\" data-image-meta=\"{&quot;aperture&quot;:&quot;0&quot;,&quot;credit&quot;:&quot;&quot;,&quot;camera&quot;:&quot;&quot;,&quot;caption&quot;:&quot;&quot;,&quot;created_timestamp&quot;:&quot;0&quot;,&quot;copyright&quot;:&quot;&quot;,&quot;focal_length&quot;:&quot;0&quot;,&quot;iso&quot;:&quot;0&quot;,&quot;shutter_speed&quot;:&quot;0&quot;,&quot;title&quot;:&quot;&quot;,&quot;orientation&quot;:&quot;1&quot;}\" data-image-title=\"Martin Perazzo Martin Fierro 2018\" data-image-description=\"\" data-image-caption=\"\" data-large-file=\"https:\/\/www.hoymercedes.com.ar\/principal\/wp-content\/uploads\/2018\/11\/Martin-Perazzo-Martin-Fierro-2018.jpg\" class=\"aligncenter size-full wp-image-84571\" src=\"https:\/\/www.hoymercedes.com.ar\/principal\/wp-content\/uploads\/2018\/11\/Martin-Perazzo-Martin-Fierro-2018.jpg\" alt=\"\" width=\"990\" height=\"680\" srcset=\"https:\/\/www.hoymercedes.com.ar\/principal\/wp-content\/uploads\/2018\/11\/Martin-Perazzo-Martin-Fierro-2018.jpg 990w, https:\/\/www.hoymercedes.com.ar\/principal\/wp-content\/uploads\/2018\/11\/Martin-Perazzo-Martin-Fierro-2018-150x103.jpg 150w, https:\/\/www.hoymercedes.com.ar\/principal\/wp-content\/uploads\/2018\/11\/Martin-Perazzo-Martin-Fierro-2018-630x433.jpg 630w\" sizes=\"auto, (max-width: 990px) 100vw, 990px\" \/><\/p>\n<p>Perazzo es uno de los relatores en AM 990, siendo parte del programa El Show del Gol, quien hasta el a\u00f1o pasado estaba en AM 950 Belgrano. Tambi\u00e9n es relator de f\u00fatbol y boxeo en TyC Sports y fue uno de los relatores del F\u00fatbol para Todos.<\/p>\n<p>Mart\u00edn Perazzo inici\u00f3 su carrera en Mercedes hace m\u00e1s de dos d\u00e9cadas, siendo parte del programa Actualidad Deportiva, que se sigue emitiendo por FM Mercedes con la conducci\u00f3n de Nestor Dova y fue parte del programa de televisi\u00f3n Semillero del F\u00fatbol. Tambi\u00e9n escribi\u00f3 para el semanario El Nuevo Cronista y en el diario La Hora.<\/p>\n<p>En sus redes sociales, Perazzo public\u00f3: \u201cEstoy feliz. Siento que es un premio a la permanencia de los que laburamos a diario sin estar en el mejor lugar de la vidriera. Subiendo la cuesta. Sin resignar calidad ni profesionalismo. Sin creernos m\u00e1s ni menos de lo que merecemos. Gracias por la nominaci\u00f3n como mejor relator deportivo de radio a APTRA. Y gracias a mis compa\u00f1eros de AM 990 por tanto compromiso y calidad\u201d.<\/p>\n<footer>\n<div class=\"td-post-source-tags td-pb-padding-side\"><\/div>\n<\/footer>\n","protected":false},"excerpt":{"rendered":"<p>En el sali\u00f3n Libertad del Hotel Sheraton de Buenos Aires se realiz\u00f3 en la noche del lunes 26 la entrega &#8230; <a title=\"Mart\u00edn Perazzo gan\u00f3 el Mart\u00edn Fierro de Radio como Mejor Relator Deportivo\" class=\"read-more\" href=\"https:\/\/www.hoymercedes.com.ar\/principal\/2018\/11\/27\/martin-perazzo-gano-el-martin-fierro-de-radio-como-mejor-relator-deportivo\/\" aria-label=\"Leer m\u00e1s sobre Mart\u00edn Perazzo gan\u00f3 el Mart\u00edn Fierro de Radio como Mejor Relator Deportivo\">Leer m\u00e1s<\/a><\/p>\n","protected":false},"author":1,"featured_media":84571,"comment_status":"closed","ping_status":"open","sticky":false,"template":"","format":"standard","meta":{"_monsterinsights_skip_tracking":false,"_monsterinsights_sitenote_active":false,"_monsterinsights_sitenote_note":"","_monsterinsights_sitenote_category":0,"jetpack_post_was_ever_published":false,"_jetpack_newsletter_access":"","_jetpack_dont_email_post_to_subs":false,"_jetpack_newsletter_tier_id":0,"_jetpack_memberships_contains_paywalled_content":false,"_jetpack_memberships_contains_paid_content":false,"footnotes":"","jetpack_publicize_message":"","jetpack_publicize_feature_enabled":true,"jetpack_social_post_already_shared":true,"jetpack_social_options":{"image_generator_settings":{"template":"highway","default_image_id":0,"font":"","enabled":false},"version":2},"_wpas_customize_per_network":false},"categories":[21],"tags":[204,14116,14115,12026],"class_list":["post-84570","post","type-post","status-publish","format-standard","has-post-thumbnail","hentry","category-deportes","tag-deportes-2","tag-martin-fierro","tag-martin-perazzo","tag-periodismo","generate-columns","tablet-grid-50","mobile-grid-100","grid-parent","grid-50"],"jetpack_publicize_connections":[],"jetpack_featured_media_url":"https:\/\/www.hoymercedes.com.ar\/principal\/wp-content\/uploads\/2018\/11\/Martin-Perazzo-Martin-Fierro-2018.jpg","wps_subtitle":"","jetpack_sharing_enabled":true,"jetpack-related-posts":[{"id":84542,"url":"https:\/\/www.hoymercedes.com.ar\/principal\/2018\/11\/26\/el-periodista-deportivo-martin-perazzo-hoy-buscara-su-primer-martin-fierro-de-radio\/","url_meta":{"origin":84570,"position":0},"title":"El periodista deportivo Mart\u00edn Perazzo hoy buscar\u00e1 su primer Mart\u00edn Fierro de Radio","author":"hoymercedes","date":"26 noviembre, 2018","format":false,"excerpt":"La ceremonia de entrega de los premios\u00a0Mart\u00edn Fierro de Radio, que a partir de la asunci\u00f3n de Luis Ventura como presidente de la Asociaci\u00f3n de Periodistas de la Televisi\u00f3n y Radiofon\u00eda Argentinas (APTRA) tienen su propia fiesta, finalmente se realizar\u00e1 este lunes. NET TV\u00a0ser\u00e1 la se\u00f1al encargada de la transmisi\u00f3n\u2026","rel":"","context":"En \u00abDeportes\u00bb","block_context":{"text":"Deportes","link":"https:\/\/www.hoymercedes.com.ar\/principal\/category\/deportes\/"},"img":{"alt_text":"","src":"https:\/\/i0.wp.com\/www.hoymercedes.com.ar\/principal\/wp-content\/uploads\/2018\/11\/Martin-Perazzo.jpg?resize=350%2C200","width":350,"height":200},"classes":[]},{"id":121726,"url":"https:\/\/www.hoymercedes.com.ar\/principal\/2020\/12\/14\/nestor-dova-recibira-el-premio-maestro-del-periodismo-deportivo\/","url_meta":{"origin":84570,"position":1},"title":"N\u00e9stor Dova recibir\u00e1 el premio Maestro del Periodismo Deportivo","author":"hoymercedes","date":"14 diciembre, 2020","format":false,"excerpt":"El periodista deportivo N\u00e9stor Dova fue galardonado con el premio Maestro del Periodismo Deportivo que otorga la FAPED desde hace cuatro a\u00f1os, siendo el tercer mercedino en recibirlo en forma consecutiva. El primero de ellos fue Juan Dagnino en 2018 y, en 2019, Am\u00e9rico Altavista. N\u00e9stor Dova en este 2020\u2026","rel":"","context":"En \u00abDeportes\u00bb","block_context":{"text":"Deportes","link":"https:\/\/www.hoymercedes.com.ar\/principal\/category\/deportes\/"},"img":{"alt_text":"","src":"https:\/\/i0.wp.com\/www.hoymercedes.com.ar\/principal\/wp-content\/uploads\/2020\/12\/Nestor-Dova.jpg?resize=350%2C200&ssl=1","width":350,"height":200},"classes":[]},{"id":47288,"url":"https:\/\/www.hoymercedes.com.ar\/principal\/2016\/02\/16\/fm-la-tribuna-transmitira-los-partidos-de-radio-belgrano\/","url_meta":{"origin":84570,"position":2},"title":"FM La Tribuna transmitir\u00e1 los partidos de Radio Belgrano","author":"hoymercedes","date":"16 febrero, 2016","format":false,"excerpt":"\u00a0 La 103.5 ahora suma una nueva experiencia en el aire y ser\u00e1 la retransmisi\u00f3n de los partidos de AFA a trav\u00e9s de AM 950 Radio Belgrano, que tiene a los mercedinos Mart\u00edn Perazzo y Gervasio Rocha como sus principales relatores y entre sus comentaristas, al \u201cBambino\u201d Veira y Aldo\u2026","rel":"","context":"En \u00abCiudad\u00bb","block_context":{"text":"Ciudad","link":"https:\/\/www.hoymercedes.com.ar\/principal\/category\/ciudad\/"},"img":{"alt_text":"","src":"https:\/\/i0.wp.com\/www.hoymercedes.com.ar\/principal\/wp-content\/uploads\/2014\/08\/fmlatribuna.mercedes.jpg?resize=350%2C200&ssl=1","width":350,"height":200,"srcset":"https:\/\/i0.wp.com\/www.hoymercedes.com.ar\/principal\/wp-content\/uploads\/2014\/08\/fmlatribuna.mercedes.jpg?resize=350%2C200&ssl=1 1x, https:\/\/i0.wp.com\/www.hoymercedes.com.ar\/principal\/wp-content\/uploads\/2014\/08\/fmlatribuna.mercedes.jpg?resize=525%2C300&ssl=1 1.5x"},"classes":[]},{"id":110624,"url":"https:\/\/www.hoymercedes.com.ar\/principal\/2020\/05\/13\/el-dia-que-guri-perazzo-enfrento-a-michael-jordan\/","url_meta":{"origin":84570,"position":3},"title":"El d\u00eda que \u00abGur\u00ed\u00bb Perazzo enfrent\u00f3 a Michael Jordan","author":"hoymercedes","date":"13 mayo, 2020","format":false,"excerpt":"En tiempos de cuarentena, ver pel\u00edculas y series en casa se torn\u00f3 algo habitual y para los amantes del deporte y, fundamentalmente, del b\u00e1squet, a trav\u00e9s de la plataforma Netflix est\u00e1 disponible la serie \"El \u00faltimo baile\", que trata en parte la vida de Michael Jordan, puntualizando en su \u00faltima\u2026","rel":"","context":"En \u00abDeportes\u00bb","block_context":{"text":"Deportes","link":"https:\/\/www.hoymercedes.com.ar\/principal\/category\/deportes\/"},"img":{"alt_text":"","src":"https:\/\/i0.wp.com\/www.hoymercedes.com.ar\/principal\/wp-content\/uploads\/2020\/05\/Guri-Perazzo-2-1.jpg?resize=350%2C200&ssl=1","width":350,"height":200},"classes":[]},{"id":100494,"url":"https:\/\/www.hoymercedes.com.ar\/principal\/2019\/09\/27\/quilmes-no-pudo-ante-racing-en-chivilcoy\/","url_meta":{"origin":84570,"position":4},"title":"Quilmes no pudo ante Racing, en Chivilcoy","author":"hoymercedes","date":"27 septiembre, 2019","format":false,"excerpt":"En el Estadio \u201cNorte\u201d, el equipo de Racing mantuvo su invicto y la punta ahora en soledad, al vencer a Quilmes de Mercedes por un claro 97-74, en un partido que resolvi\u00f3 en el segundo cuarto (que gan\u00f3 32-11). En el equipo ganador, lo mejor pas\u00f3 por Denis Bossarelli (25),\u2026","rel":"","context":"En \u00abDeportes\u00bb","block_context":{"text":"Deportes","link":"https:\/\/www.hoymercedes.com.ar\/principal\/category\/deportes\/"},"img":{"alt_text":"","src":"https:\/\/i0.wp.com\/www.hoymercedes.com.ar\/principal\/wp-content\/uploads\/2019\/09\/Racing-97-Quilmes-74.jpg?resize=350%2C200&ssl=1","width":350,"height":200,"srcset":"https:\/\/i0.wp.com\/www.hoymercedes.com.ar\/principal\/wp-content\/uploads\/2019\/09\/Racing-97-Quilmes-74.jpg?resize=350%2C200&ssl=1 1x, https:\/\/i0.wp.com\/www.hoymercedes.com.ar\/principal\/wp-content\/uploads\/2019\/09\/Racing-97-Quilmes-74.jpg?resize=525%2C300&ssl=1 1.5x, https:\/\/i0.wp.com\/www.hoymercedes.com.ar\/principal\/wp-content\/uploads\/2019\/09\/Racing-97-Quilmes-74.jpg?resize=700%2C400&ssl=1 2x"},"classes":[]},{"id":100187,"url":"https:\/\/www.hoymercedes.com.ar\/principal\/2019\/09\/21\/unitarios-maxi-mercedes-cayo-en-35-y-gano-en-43\/","url_meta":{"origin":84570,"position":5},"title":"Unitarios Maxi Mercedes cay\u00f3 en +35 y gan\u00f3 en +43","author":"hoymercedes","date":"21 septiembre, 2019","format":false,"excerpt":"De local Centro Espa\u00f1ol B se impuso 47 a 36 sobre Unitarios Maxi Mercedes. El encuentro correspondi\u00f3 a la fecha 1 del Hexagonal de Campeonato del Torneo de Primera B +35 de FeBAMBA. El goleador del ganador fue Nicol\u00e1s Sparapani (16). En Los Mercedinos el destacado fue Oscar Chagas Mieres\u2026","rel":"","context":"En \u00abDeportes\u00bb","block_context":{"text":"Deportes","link":"https:\/\/www.hoymercedes.com.ar\/principal\/category\/deportes\/"},"img":{"alt_text":"","src":"https:\/\/i0.wp.com\/www.hoymercedes.com.ar\/principal\/wp-content\/uploads\/2019\/09\/Maxi-Mercedes-43.jpg?resize=350%2C200&ssl=1","width":350,"height":200,"srcset":"https:\/\/i0.wp.com\/www.hoymercedes.com.ar\/principal\/wp-content\/uploads\/2019\/09\/Maxi-Mercedes-43.jpg?resize=350%2C200&ssl=1 1x, https:\/\/i0.wp.com\/www.hoymercedes.com.ar\/principal\/wp-content\/uploads\/2019\/09\/Maxi-Mercedes-43.jpg?resize=525%2C300&ssl=1 1.5x, https:\/\/i0.wp.com\/www.hoymercedes.com.ar\/principal\/wp-content\/uploads\/2019\/09\/Maxi-Mercedes-43.jpg?resize=700%2C400&ssl=1 2x"},"classes":[]}],"_links":{"self":[{"href":"https:\/\/www.hoymercedes.com.ar\/principal\/wp-json\/wp\/v2\/posts\/84570","targetHints":{"allow":["GET"]}}],"collection":[{"href":"https:\/\/www.hoymercedes.com.ar\/principal\/wp-json\/wp\/v2\/posts"}],"about":[{"href":"https:\/\/www.hoymercedes.com.ar\/principal\/wp-json\/wp\/v2\/types\/post"}],"author":[{"embeddable":true,"href":"https:\/\/www.hoymercedes.com.ar\/principal\/wp-json\/wp\/v2\/users\/1"}],"replies":[{"embeddable":true,"href":"https:\/\/www.hoymercedes.com.ar\/principal\/wp-json\/wp\/v2\/comments?post=84570"}],"version-history":[{"count":0,"href":"https:\/\/www.hoymercedes.com.ar\/principal\/wp-json\/wp\/v2\/posts\/84570\/revisions"}],"wp:featuredmedia":[{"embeddable":true,"href":"https:\/\/www.hoymercedes.com.ar\/principal\/wp-json\/wp\/v2\/media\/84571"}],"wp:attachment":[{"href":"https:\/\/www.hoymercedes.com.ar\/principal\/wp-json\/wp\/v2\/media?parent=84570"}],"wp:term":[{"taxonomy":"category","embeddable":true,"href":"https:\/\/www.hoymercedes.com.ar\/principal\/wp-json\/wp\/v2\/categories?post=84570"},{"taxonomy":"post_tag","embeddable":true,"href":"https:\/\/www.hoymercedes.com.ar\/principal\/wp-json\/wp\/v2\/tags?post=84570"}],"curies":[{"name":"wp","href":"https:\/\/api.w.org\/{rel}","templated":true}]}}