{"id":84586,"date":"2018-11-29T07:10:50","date_gmt":"2018-11-29T10:10:50","guid":{"rendered":"http:\/\/www.hoymercedes.com.ar\/principal\/?p=84586"},"modified":"2018-11-28T09:27:33","modified_gmt":"2018-11-28T12:27:33","slug":"el-fronton-es-semifinalista-del-sub-13-de-la-federacion-norte","status":"publish","type":"post","link":"https:\/\/www.hoymercedes.com.ar\/principal\/2018\/11\/29\/el-fronton-es-semifinalista-del-sub-13-de-la-federacion-norte\/","title":{"rendered":"El Front\u00f3n es semifinalista del Sub 13 de la Federaci\u00f3n Norte"},"content":{"rendered":"<p>Ya con Estudiantes en el camino en octavos de final, los cuartos lo tuvieron como representante de la Liga Mercedina a El Front\u00f3n de San Andr\u00e9s de Giles que volvi\u00f3 a vencer a Belgrano de Z\u00e1rate, esta vez como visitante y con el global de 4 a 1 es uno de los semifinalistas del torneo.<\/p>\n<p><img loading=\"lazy\" decoding=\"async\" data-attachment-id=\"84587\" data-permalink=\"https:\/\/www.hoymercedes.com.ar\/principal\/2018\/11\/29\/el-fronton-es-semifinalista-del-sub-13-de-la-federacion-norte\/el-fronton-sub-13-fed-norte\/#main\" data-orig-file=\"https:\/\/www.hoymercedes.com.ar\/principal\/wp-content\/uploads\/2018\/11\/El-Front\u00f3n-Sub-13-Fed-Norte.jpg\" data-orig-size=\"960,720\" data-comments-opened=\"0\" data-image-meta=\"{&quot;aperture&quot;:&quot;0&quot;,&quot;credit&quot;:&quot;&quot;,&quot;camera&quot;:&quot;&quot;,&quot;caption&quot;:&quot;&quot;,&quot;created_timestamp&quot;:&quot;0&quot;,&quot;copyright&quot;:&quot;&quot;,&quot;focal_length&quot;:&quot;0&quot;,&quot;iso&quot;:&quot;0&quot;,&quot;shutter_speed&quot;:&quot;0&quot;,&quot;title&quot;:&quot;&quot;,&quot;orientation&quot;:&quot;0&quot;}\" data-image-title=\"El Front\u00f3n Sub 13 Fed Norte\" data-image-description=\"\" data-image-caption=\"\" data-large-file=\"https:\/\/www.hoymercedes.com.ar\/principal\/wp-content\/uploads\/2018\/11\/El-Front\u00f3n-Sub-13-Fed-Norte.jpg\" class=\"aligncenter size-full wp-image-84587\" src=\"https:\/\/www.hoymercedes.com.ar\/principal\/wp-content\/uploads\/2018\/11\/El-Front\u00f3n-Sub-13-Fed-Norte.jpg\" alt=\"\" width=\"960\" height=\"720\" srcset=\"https:\/\/www.hoymercedes.com.ar\/principal\/wp-content\/uploads\/2018\/11\/El-Front\u00f3n-Sub-13-Fed-Norte.jpg 960w, https:\/\/www.hoymercedes.com.ar\/principal\/wp-content\/uploads\/2018\/11\/El-Front\u00f3n-Sub-13-Fed-Norte-150x113.jpg 150w, https:\/\/www.hoymercedes.com.ar\/principal\/wp-content\/uploads\/2018\/11\/El-Front\u00f3n-Sub-13-Fed-Norte-630x473.jpg 630w\" sizes=\"auto, (max-width: 960px) 100vw, 960px\" \/><\/p>\n<p>En la ida, como local, gan\u00f3 3 a 1 y en la vuelta, fue 1 a 0. Ahora espera por Sarmiento de Jun\u00edn, a quien recibir\u00e1 en la ida este jueves 29 a las 20 y de quien ser\u00e1 visitante en la vuelta la semana pr\u00f3xima.<\/p>\n<p>Belgrano (Z\u00e1rate) 0 Vs\u00a0<strong>El Front\u00f3n 1 (Enzo Serrano)<\/strong><\/p>\n<p>&nbsp;<\/p>\n<p>Mi\u00e9rcoles 28<br \/>\n<strong>Cancha:<\/strong>\u00a0Argentino de Pergamino.<br \/>\nA las 18 Argentino vs. Gimnasia de Chivilcoy.<\/p>\n<p><strong>Jueves 29\u00a0<\/strong><br \/>\n<strong>Cancha:<\/strong>\u00a0\u201cTito\u201d Crosetti.<br \/>\nA las 20 El Front\u00f3n vs. Sarmiento (Jun\u00edn).<\/p>\n","protected":false},"excerpt":{"rendered":"<p>Ya con Estudiantes en el camino en octavos de final, los cuartos lo tuvieron como representante de la Liga Mercedina &#8230; <a title=\"El Front\u00f3n es semifinalista del Sub 13 de la Federaci\u00f3n Norte\" class=\"read-more\" href=\"https:\/\/www.hoymercedes.com.ar\/principal\/2018\/11\/29\/el-fronton-es-semifinalista-del-sub-13-de-la-federacion-norte\/\" aria-label=\"Leer m\u00e1s sobre El Front\u00f3n es semifinalista del Sub 13 de la Federaci\u00f3n Norte\">Leer m\u00e1s<\/a><\/p>\n","protected":false},"author":1,"featured_media":84587,"comment_status":"closed","ping_status":"open","sticky":false,"template":"","format":"standard","meta":{"_monsterinsights_skip_tracking":false,"_monsterinsights_sitenote_active":false,"_monsterinsights_sitenote_note":"","_monsterinsights_sitenote_category":0,"jetpack_post_was_ever_published":false,"_jetpack_newsletter_access":"","_jetpack_dont_email_post_to_subs":false,"_jetpack_newsletter_tier_id":0,"_jetpack_memberships_contains_paywalled_content":false,"_jetpack_memberships_contains_paid_content":false,"footnotes":"","jetpack_publicize_message":"","jetpack_publicize_feature_enabled":true,"jetpack_social_post_already_shared":true,"jetpack_social_options":{"image_generator_settings":{"template":"highway","default_image_id":0,"font":"","enabled":false},"version":2},"_wpas_customize_per_network":false},"categories":[21],"tags":[204,1812,8426,718,11324],"class_list":["post-84586","post","type-post","status-publish","format-standard","has-post-thumbnail","hentry","category-deportes","tag-deportes-2","tag-el-fronton","tag-federacion-norte","tag-futbol-juvenil","tag-sub-13","generate-columns","tablet-grid-50","mobile-grid-100","grid-parent","grid-50"],"jetpack_publicize_connections":[],"jetpack_featured_media_url":"https:\/\/www.hoymercedes.com.ar\/principal\/wp-content\/uploads\/2018\/11\/El-Front\u00f3n-Sub-13-Fed-Norte.jpg","wps_subtitle":"F\u00fatbol Juvenil","jetpack_sharing_enabled":true,"_links":{"self":[{"href":"https:\/\/www.hoymercedes.com.ar\/principal\/wp-json\/wp\/v2\/posts\/84586","targetHints":{"allow":["GET"]}}],"collection":[{"href":"https:\/\/www.hoymercedes.com.ar\/principal\/wp-json\/wp\/v2\/posts"}],"about":[{"href":"https:\/\/www.hoymercedes.com.ar\/principal\/wp-json\/wp\/v2\/types\/post"}],"author":[{"embeddable":true,"href":"https:\/\/www.hoymercedes.com.ar\/principal\/wp-json\/wp\/v2\/users\/1"}],"replies":[{"embeddable":true,"href":"https:\/\/www.hoymercedes.com.ar\/principal\/wp-json\/wp\/v2\/comments?post=84586"}],"version-history":[{"count":0,"href":"https:\/\/www.hoymercedes.com.ar\/principal\/wp-json\/wp\/v2\/posts\/84586\/revisions"}],"wp:featuredmedia":[{"embeddable":true,"href":"https:\/\/www.hoymercedes.com.ar\/principal\/wp-json\/wp\/v2\/media\/84587"}],"wp:attachment":[{"href":"https:\/\/www.hoymercedes.com.ar\/principal\/wp-json\/wp\/v2\/media?parent=84586"}],"wp:term":[{"taxonomy":"category","embeddable":true,"href":"https:\/\/www.hoymercedes.com.ar\/principal\/wp-json\/wp\/v2\/categories?post=84586"},{"taxonomy":"post_tag","embeddable":true,"href":"https:\/\/www.hoymercedes.com.ar\/principal\/wp-json\/wp\/v2\/tags?post=84586"}],"curies":[{"name":"wp","href":"https:\/\/api.w.org\/{rel}","templated":true}]}}