{"id":84589,"date":"2018-11-29T07:25:24","date_gmt":"2018-11-29T10:25:24","guid":{"rendered":"http:\/\/www.hoymercedes.com.ar\/principal\/?p=84589"},"modified":"2018-11-28T09:26:57","modified_gmt":"2018-11-28T12:26:57","slug":"cambio-del-recorrido-de-la-caravana-10ma-vuelta-a-la-ciudad-de-mercedes","status":"publish","type":"post","link":"https:\/\/www.hoymercedes.com.ar\/principal\/2018\/11\/29\/cambio-del-recorrido-de-la-caravana-10ma-vuelta-a-la-ciudad-de-mercedes\/","title":{"rendered":"Cambio del recorrido de la Caravana \u00ab10ma Vuelta a la Ciudad de Mercedes\u00bb"},"content":{"rendered":"<div>\n<div>El pr\u00f3ximo domingo 2 de Diciembre se estar\u00e1 concretando la \u00abcaravana anual\u00bb de autos cl\u00e1sicos, hist\u00f3ricos y especiales, que partir\u00e1 a las 12 desde el ingreso al Parque Municipal Independencia\u00bb.<\/div>\n<div><img loading=\"lazy\" decoding=\"async\" data-attachment-id=\"84590\" data-permalink=\"https:\/\/www.hoymercedes.com.ar\/principal\/2018\/11\/29\/cambio-del-recorrido-de-la-caravana-10ma-vuelta-a-la-ciudad-de-mercedes\/46914069_10218276420648586_9122630761428549632_n\/#main\" data-orig-file=\"https:\/\/www.hoymercedes.com.ar\/principal\/wp-content\/uploads\/2018\/11\/46914069_10218276420648586_9122630761428549632_n.jpg\" data-orig-size=\"526,520\" data-comments-opened=\"0\" data-image-meta=\"{&quot;aperture&quot;:&quot;0&quot;,&quot;credit&quot;:&quot;&quot;,&quot;camera&quot;:&quot;&quot;,&quot;caption&quot;:&quot;&quot;,&quot;created_timestamp&quot;:&quot;0&quot;,&quot;copyright&quot;:&quot;&quot;,&quot;focal_length&quot;:&quot;0&quot;,&quot;iso&quot;:&quot;0&quot;,&quot;shutter_speed&quot;:&quot;0&quot;,&quot;title&quot;:&quot;&quot;,&quot;orientation&quot;:&quot;0&quot;}\" data-image-title=\"46914069_10218276420648586_9122630761428549632_n\" data-image-description=\"\" data-image-caption=\"\" data-large-file=\"https:\/\/www.hoymercedes.com.ar\/principal\/wp-content\/uploads\/2018\/11\/46914069_10218276420648586_9122630761428549632_n.jpg\" class=\"aligncenter size-full wp-image-84590\" src=\"https:\/\/www.hoymercedes.com.ar\/principal\/wp-content\/uploads\/2018\/11\/46914069_10218276420648586_9122630761428549632_n.jpg\" alt=\"\" width=\"526\" height=\"520\" srcset=\"https:\/\/www.hoymercedes.com.ar\/principal\/wp-content\/uploads\/2018\/11\/46914069_10218276420648586_9122630761428549632_n.jpg 526w, https:\/\/www.hoymercedes.com.ar\/principal\/wp-content\/uploads\/2018\/11\/46914069_10218276420648586_9122630761428549632_n-150x148.jpg 150w\" sizes=\"auto, (max-width: 526px) 100vw, 526px\" \/><\/div>\n<div><\/div>\n<\/div>\n<div>\n<div>\u00abAnte el estado de algunas calles que est\u00e1n siendo reparadas y sabiendo como se encuentra la avenida 2, por sugerencia de amigos que van a participar de la propuesta he decidido modificar el recorrido interno de la caravana\u00bb informo el organizador del evento, Diego Mar\u00fa.<\/div>\n<div><\/div>\n<\/div>\n<div>\n<div>\u00abPartiremos desde el parque exactamente a las 12. Avanzaremos por la avenida H\u00e9roes de Malvinas para doblar en la 40 hacia 47. Llegaremos hasta calle 30 donde transitaremos hasta la avenida 1 por la cual accederemos a la avenida 40 nuevamente hacia la Ruta Provincial N\u00b041. Pasaremos por el puente y en el \u00abdistribuidor\u00bb bajaremos para conectar con la Ruta Nac. N\u00b0 5 y por colectora llegar al camino que nos har\u00e1 llegar a la plaza \u00abDomingo Silvano\u00bb de Tomas Jofr\u00e9. De esta manera evitaremos pasar por lugares donde podr\u00edan romperse algunos autos (mas aquellos que est\u00e1n muy bajitos) y molestaremos menos, sin crear ning\u00fan tipo de \u00abembudo\u00bb o corte que afecte demasiado al transito\u00bb explico el reconocido animador y conductor.<\/div>\n<div><\/div>\n<\/div>\n<div>\n<div>\u00abAdemas quiero destacar y agradecer a la Secretaria de Control Urbano y el \u00e1rea de Transito, ya que contaremos con el apoyo y el acompa\u00f1amiento de agentes y as\u00ed garantizar la seguridad de los participantes del evento y de aquellos vecinos que en el momento utilicen las calles de la ciudad.-\u00ab<\/div>\n<\/div>\n","protected":false},"excerpt":{"rendered":"<p>El pr\u00f3ximo domingo 2 de Diciembre se estar\u00e1 concretando la \u00abcaravana anual\u00bb de autos cl\u00e1sicos, hist\u00f3ricos y especiales, que partir\u00e1 &#8230; <a title=\"Cambio del recorrido de la Caravana \u00ab10ma Vuelta a la Ciudad de Mercedes\u00bb\" class=\"read-more\" href=\"https:\/\/www.hoymercedes.com.ar\/principal\/2018\/11\/29\/cambio-del-recorrido-de-la-caravana-10ma-vuelta-a-la-ciudad-de-mercedes\/\" aria-label=\"Leer m\u00e1s sobre Cambio del recorrido de la Caravana \u00ab10ma Vuelta a la Ciudad de Mercedes\u00bb\">Leer m\u00e1s<\/a><\/p>\n","protected":false},"author":1,"featured_media":84590,"comment_status":"closed","ping_status":"open","sticky":false,"template":"","format":"standard","meta":{"_monsterinsights_skip_tracking":false,"_monsterinsights_sitenote_active":false,"_monsterinsights_sitenote_note":"","_monsterinsights_sitenote_category":0,"jetpack_post_was_ever_published":false,"_jetpack_newsletter_access":"","_jetpack_dont_email_post_to_subs":false,"_jetpack_newsletter_tier_id":0,"_jetpack_memberships_contains_paywalled_content":false,"_jetpack_memberships_contains_paid_content":false,"footnotes":"","jetpack_publicize_message":"","jetpack_publicize_feature_enabled":true,"jetpack_social_post_already_shared":true,"jetpack_social_options":{"image_generator_settings":{"template":"highway","default_image_id":0,"font":"","enabled":false},"version":2},"_wpas_customize_per_network":false},"categories":[21],"tags":[1624,11755,204,10586,14108],"class_list":["post-84589","post","type-post","status-publish","format-standard","has-post-thumbnail","hentry","category-deportes","tag-autos","tag-caravana","tag-deportes-2","tag-recorrido","tag-vuelta-de-mercedes","generate-columns","tablet-grid-50","mobile-grid-100","grid-parent","grid-50"],"jetpack_publicize_connections":[],"jetpack_featured_media_url":"https:\/\/www.hoymercedes.com.ar\/principal\/wp-content\/uploads\/2018\/11\/46914069_10218276420648586_9122630761428549632_n.jpg","wps_subtitle":"Autos","jetpack_sharing_enabled":true,"jetpack-related-posts":[{"id":92132,"url":"https:\/\/www.hoymercedes.com.ar\/principal\/2019\/04\/30\/la-undecima-vuelta-a-la-ciudad-de-mercedes-sera-en-el-feriadio-del-1-de-mayo\/","url_meta":{"origin":84589,"position":0},"title":"La und\u00e9cima Vuelta a la Ciudad de Mercedes ser\u00e1 en el feriado del 1 de mayo","author":"hoymercedes","date":"30 abril, 2019","format":false,"excerpt":"En el marco de la propuesta que la Municipalidad de Mercedes ofrece este miercoles 1 de Mayo en el Parque Municipal Independencia, se concretara la 11ra Vuelta a la Ciudad de Mercedes, la caravana anual de autos clasicos y especiales que viene organizando el animador y conductor Diego Mar\u00fa. \u201cEsta\u2026","rel":"","context":"En \u00abDeportes\u00bb","block_context":{"text":"Deportes","link":"https:\/\/www.hoymercedes.com.ar\/principal\/category\/deportes\/"},"img":{"alt_text":"","src":"https:\/\/i0.wp.com\/www.hoymercedes.com.ar\/principal\/wp-content\/uploads\/2019\/04\/47316569_10218339445464167_8976395736409178112_n.jpg?resize=350%2C200&ssl=1","width":350,"height":200,"srcset":"https:\/\/i0.wp.com\/www.hoymercedes.com.ar\/principal\/wp-content\/uploads\/2019\/04\/47316569_10218339445464167_8976395736409178112_n.jpg?resize=350%2C200&ssl=1 1x, https:\/\/i0.wp.com\/www.hoymercedes.com.ar\/principal\/wp-content\/uploads\/2019\/04\/47316569_10218339445464167_8976395736409178112_n.jpg?resize=525%2C300&ssl=1 1.5x, https:\/\/i0.wp.com\/www.hoymercedes.com.ar\/principal\/wp-content\/uploads\/2019\/04\/47316569_10218339445464167_8976395736409178112_n.jpg?resize=700%2C400&ssl=1 2x"},"classes":[]},{"id":67411,"url":"https:\/\/www.hoymercedes.com.ar\/principal\/2017\/09\/21\/la-9-vuelta-a-la-ciudad-de-mercedes-sera-este-sabado\/","url_meta":{"origin":84589,"position":1},"title":"La \u00ab9\u00b0 Vuelta a la Ciudad de Mercedes\u00bb ser\u00e1 este s\u00e1bado","author":"hoymercedes","date":"21 septiembre, 2017","format":false,"excerpt":"El pr\u00f3ximo dia s\u00e1bado se estar\u00e1 realizando la \u201c9na Vuelta a la Ciudad de Mercedes\u201d en esta oportunidad siendo el punto de encuentro la uni\u00f3n entre la Avenida 29 y H\u00e9roes de Malvinas, casi a las puertas de la vieja pulper\u00eda. El organizador de estas caravanas anuales, Diego Mar\u00fa, comento\u00a0\u2026","rel":"","context":"En \u00abDeportes\u00bb","block_context":{"text":"Deportes","link":"https:\/\/www.hoymercedes.com.ar\/principal\/category\/deportes\/"},"img":{"alt_text":"","src":"https:\/\/i0.wp.com\/www.hoymercedes.com.ar\/principal\/wp-content\/uploads\/2017\/09\/VUELTA-1.jpg?resize=350%2C200&ssl=1","width":350,"height":200,"srcset":"https:\/\/i0.wp.com\/www.hoymercedes.com.ar\/principal\/wp-content\/uploads\/2017\/09\/VUELTA-1.jpg?resize=350%2C200&ssl=1 1x, https:\/\/i0.wp.com\/www.hoymercedes.com.ar\/principal\/wp-content\/uploads\/2017\/09\/VUELTA-1.jpg?resize=525%2C300&ssl=1 1.5x"},"classes":[]},{"id":49316,"url":"https:\/\/www.hoymercedes.com.ar\/principal\/2016\/05\/01\/se-viene-una-nueva-caravana-de-autos-antiguos\/","url_meta":{"origin":84589,"position":2},"title":"Se viene una nueva caravana de autos antiguos","author":"hoymercedes","date":"1 mayo, 2016","format":false,"excerpt":"Por Ariel Musante \/ Ser\u00e1 el pr\u00f3ximo 14 de mayo en la que una gran cantidad de autos de colecci\u00f3n arribar\u00e1n a la ciudad para realizar una nueva caravana, la sexta en forma consecutiva. Se podr\u00e1n disfrutar de todos los modelos y marcas que hicieron historia en el pa\u00eds. La\u2026","rel":"","context":"En \u00abDeportes\u00bb","block_context":{"text":"Deportes","link":"https:\/\/www.hoymercedes.com.ar\/principal\/category\/deportes\/"},"img":{"alt_text":"","src":"https:\/\/i0.wp.com\/www.hoymercedes.com.ar\/principal\/wp-content\/uploads\/2016\/04\/01-vuelta-autos.jpg?resize=350%2C200&ssl=1","width":350,"height":200},"classes":[]},{"id":34608,"url":"https:\/\/www.hoymercedes.com.ar\/principal\/2014\/07\/14\/invitan-a-caravana-para-recibir-a-lucas-biglia\/","url_meta":{"origin":84589,"position":3},"title":"Invitan a caravana para recibir a Lucas Biglia","author":"hoymercedes","date":"14 julio, 2014","format":false,"excerpt":"Este martes llegar\u00e1 Lucas Biglia a nuestra ciudad. Desde la comuna y redes sociales se invita a todos los mercedinos a darle la mayor y mejor bienvenida con una gran caravana que terminar\u00e1 frente al Palacio Municipal donde el jugador dar\u00e1 unas palabras. Desde que empez\u00f3 el mundial los mercedinos\u2026","rel":"","context":"En \u00abDeportes\u00bb","block_context":{"text":"Deportes","link":"https:\/\/www.hoymercedes.com.ar\/principal\/category\/deportes\/"},"img":{"alt_text":"veni a recibir","src":"https:\/\/i0.wp.com\/www.hoymercedes.com.ar.ar\/noticias\/wp-content\/uploads\/2014\/07\/veni-a-recibir.jpg?resize=350%2C200","width":350,"height":200,"srcset":"https:\/\/i0.wp.com\/www.hoymercedes.com.ar.ar\/noticias\/wp-content\/uploads\/2014\/07\/veni-a-recibir.jpg?resize=350%2C200 1x, https:\/\/i0.wp.com\/www.hoymercedes.com.ar.ar\/noticias\/wp-content\/uploads\/2014\/07\/veni-a-recibir.jpg?resize=525%2C300 1.5x"},"classes":[]},{"id":120889,"url":"https:\/\/www.hoymercedes.com.ar\/principal\/2020\/11\/26\/concentracion-y-caravana-en-contra-del-proyecto-de-ley-ive\/","url_meta":{"origin":84589,"position":4},"title":"Concentraci\u00f3n y caravana en contra del proyecto de ley IVE","author":"Clarisa Altieri","date":"26 noviembre, 2020","format":false,"excerpt":"El\u00a0pr\u00f3ximo s\u00e1bado 28 de noviembre\u00a0se realizar\u00e1n en todo el pa\u00eds distintas manifestaciones\u00a0contra el proyecto elevado para legalizar el aborto. En Mercedes la convocatoria es para la hora 18 en la Plaza San Mart\u00edn. De ese punto, partir\u00e1 la caravana \"celeste\" bajo la consigna \"volvamos a hacer historia\" y el hashtag\u2026","rel":"","context":"En \u00abSociedad\u00bb","block_context":{"text":"Sociedad","link":"https:\/\/www.hoymercedes.com.ar\/principal\/category\/sociedad\/"},"img":{"alt_text":"","src":"https:\/\/i0.wp.com\/www.hoymercedes.com.ar\/principal\/wp-content\/uploads\/2020\/11\/25-contra-aborto1.jpg?resize=350%2C200&ssl=1","width":350,"height":200,"srcset":"https:\/\/i0.wp.com\/www.hoymercedes.com.ar\/principal\/wp-content\/uploads\/2020\/11\/25-contra-aborto1.jpg?resize=350%2C200&ssl=1 1x, https:\/\/i0.wp.com\/www.hoymercedes.com.ar\/principal\/wp-content\/uploads\/2020\/11\/25-contra-aborto1.jpg?resize=525%2C300&ssl=1 1.5x, https:\/\/i0.wp.com\/www.hoymercedes.com.ar\/principal\/wp-content\/uploads\/2020\/11\/25-contra-aborto1.jpg?resize=700%2C400&ssl=1 2x"},"classes":[]},{"id":189912,"url":"https:\/\/www.hoymercedes.com.ar\/principal\/2025\/12\/01\/pasion-por-los-clasicos-se-viene-la-16a-vuelta-historica-a-la-ciudad-de-mercedes\/","url_meta":{"origin":84589,"position":5},"title":"Pasi\u00f3n por los cl\u00e1sicos: Se viene la 16\u00aa Vuelta Hist\u00f3rica a la Ciudad de Mercedes","author":"hoymercedes","date":"1 diciembre, 2025","format":false,"excerpt":"Este domingo 7 de diciembre, los motores volver\u00e1n a rugir en la ciudad con una nueva edici\u00f3n de la tradicional caravana de autos cl\u00e1sicos, antiguos y especiales. La jornada, de acceso libre y gratuito, promete un recorrido desde la hist\u00f3rica Pulper\u00eda de Cacho hasta el predio \"La Chacrita\". Mercedes se\u2026","rel":"","context":"En \u00abDeportes\u00bb","block_context":{"text":"Deportes","link":"https:\/\/www.hoymercedes.com.ar\/principal\/category\/deportes\/"},"img":{"alt_text":"Autos cl\u00e1sicos Mercedes","src":"https:\/\/i0.wp.com\/www.hoymercedes.com.ar\/principal\/wp-content\/uploads\/2025\/12\/Autos-Clasicos-3.jpg?resize=350%2C200&ssl=1","width":350,"height":200,"srcset":"https:\/\/i0.wp.com\/www.hoymercedes.com.ar\/principal\/wp-content\/uploads\/2025\/12\/Autos-Clasicos-3.jpg?resize=350%2C200&ssl=1 1x, https:\/\/i0.wp.com\/www.hoymercedes.com.ar\/principal\/wp-content\/uploads\/2025\/12\/Autos-Clasicos-3.jpg?resize=525%2C300&ssl=1 1.5x, https:\/\/i0.wp.com\/www.hoymercedes.com.ar\/principal\/wp-content\/uploads\/2025\/12\/Autos-Clasicos-3.jpg?resize=700%2C400&ssl=1 2x"},"classes":[]}],"_links":{"self":[{"href":"https:\/\/www.hoymercedes.com.ar\/principal\/wp-json\/wp\/v2\/posts\/84589","targetHints":{"allow":["GET"]}}],"collection":[{"href":"https:\/\/www.hoymercedes.com.ar\/principal\/wp-json\/wp\/v2\/posts"}],"about":[{"href":"https:\/\/www.hoymercedes.com.ar\/principal\/wp-json\/wp\/v2\/types\/post"}],"author":[{"embeddable":true,"href":"https:\/\/www.hoymercedes.com.ar\/principal\/wp-json\/wp\/v2\/users\/1"}],"replies":[{"embeddable":true,"href":"https:\/\/www.hoymercedes.com.ar\/principal\/wp-json\/wp\/v2\/comments?post=84589"}],"version-history":[{"count":0,"href":"https:\/\/www.hoymercedes.com.ar\/principal\/wp-json\/wp\/v2\/posts\/84589\/revisions"}],"wp:featuredmedia":[{"embeddable":true,"href":"https:\/\/www.hoymercedes.com.ar\/principal\/wp-json\/wp\/v2\/media\/84590"}],"wp:attachment":[{"href":"https:\/\/www.hoymercedes.com.ar\/principal\/wp-json\/wp\/v2\/media?parent=84589"}],"wp:term":[{"taxonomy":"category","embeddable":true,"href":"https:\/\/www.hoymercedes.com.ar\/principal\/wp-json\/wp\/v2\/categories?post=84589"},{"taxonomy":"post_tag","embeddable":true,"href":"https:\/\/www.hoymercedes.com.ar\/principal\/wp-json\/wp\/v2\/tags?post=84589"}],"curies":[{"name":"wp","href":"https:\/\/api.w.org\/{rel}","templated":true}]}}