{"id":84592,"date":"2018-11-27T22:08:03","date_gmt":"2018-11-28T01:08:03","guid":{"rendered":"http:\/\/www.hoymercedes.com.ar\/principal\/?p=84592"},"modified":"2018-11-27T22:08:03","modified_gmt":"2018-11-28T01:08:03","slug":"por-convenio-entre-municipio-y-parque-logistico-40-jovenes-realizan-su-primer-empleo","status":"publish","type":"post","link":"https:\/\/www.hoymercedes.com.ar\/principal\/2018\/11\/27\/por-convenio-entre-municipio-y-parque-logistico-40-jovenes-realizan-su-primer-empleo\/","title":{"rendered":"Por convenio entre municipio y parque log\u00edstico 40 j\u00f3venes realizan su primer empleo"},"content":{"rendered":"<p><img loading=\"lazy\" decoding=\"async\" data-attachment-id=\"84593\" data-permalink=\"https:\/\/www.hoymercedes.com.ar\/principal\/2018\/11\/27\/por-convenio-entre-municipio-y-parque-logistico-40-jovenes-realizan-su-primer-empleo\/ustarroz-2-3\/#main\" data-orig-file=\"https:\/\/www.hoymercedes.com.ar\/principal\/wp-content\/uploads\/2018\/11\/ustarroz.2.jpg\" data-orig-size=\"1279,608\" data-comments-opened=\"0\" data-image-meta=\"{&quot;aperture&quot;:&quot;0&quot;,&quot;credit&quot;:&quot;&quot;,&quot;camera&quot;:&quot;&quot;,&quot;caption&quot;:&quot;&quot;,&quot;created_timestamp&quot;:&quot;0&quot;,&quot;copyright&quot;:&quot;&quot;,&quot;focal_length&quot;:&quot;0&quot;,&quot;iso&quot;:&quot;0&quot;,&quot;shutter_speed&quot;:&quot;0&quot;,&quot;title&quot;:&quot;&quot;,&quot;orientation&quot;:&quot;0&quot;}\" data-image-title=\"ustarroz.2\" data-image-description=\"\" data-image-caption=\"\" data-large-file=\"https:\/\/www.hoymercedes.com.ar\/principal\/wp-content\/uploads\/2018\/11\/ustarroz.2-1024x487.jpg\" class=\"aligncenter wp-image-84593\" src=\"https:\/\/www.hoymercedes.com.ar\/principal\/wp-content\/uploads\/2018\/11\/ustarroz.2.jpg\" alt=\"\" width=\"730\" height=\"347\" srcset=\"https:\/\/www.hoymercedes.com.ar\/principal\/wp-content\/uploads\/2018\/11\/ustarroz.2.jpg 1279w, https:\/\/www.hoymercedes.com.ar\/principal\/wp-content\/uploads\/2018\/11\/ustarroz.2-150x71.jpg 150w, https:\/\/www.hoymercedes.com.ar\/principal\/wp-content\/uploads\/2018\/11\/ustarroz.2-630x299.jpg 630w, https:\/\/www.hoymercedes.com.ar\/principal\/wp-content\/uploads\/2018\/11\/ustarroz.2-1024x487.jpg 1024w\" sizes=\"auto, (max-width: 730px) 100vw, 730px\" \/><\/p>\n<p>La Municipalidad de Mercedes atendiendo las demandas de los vecinos de la ciudad, mediante la oficina de empleo municipal, firm\u00f3 un convenio que brinda pasant\u00edas de trabajo pagas a 40 mercedinos. Adem\u00e1s, una parte de ellos podr\u00eda quedar empleada de manera fija. \u201cLa problem\u00e1tica laboral es uno de los temas que m\u00e1s preocupaci\u00f3n genera, nosotros creemos en esta mancomuni\u00f3n, donde se genera un v\u00ednculo y una sinergia con el sector privado, que invierte y crea puestos de trabajo\u201d, sostuvo el Jefe Comunal quien efectu\u00f3 una recorrida junto al responsable de la firma, Aldo Franco.<\/p>\n<p><strong>Importante<\/strong><\/p>\n<p>Adem\u00e1s, el Dr. Ustarroz destac\u00f3 \u201ceste parque es muy importante para la ciudad de Mercedes, porque es un centro log\u00edstico de mucha calidad e importante infraestructura\u201d y comunic\u00f3 \u201chay toda una serie de proyectos con el corredor Buenos Aires -La Pampa de ruta 5 que en breve vamos a estar acompa\u00f1ando y apoyando porque entendemos que lo central siempre es el tema laboral\u201d.<\/p>\n<p>En ese sentido, el Dr. Ustarroz sostuvo \u201choy estamos con este convenio que facilita que j\u00f3venes de nuestra ciudad puedan trabajar, y lo que para muchos es su primer empleo\u201d<\/p>\n<p>A su vez, el intendente expres\u00f3 \u201cla idea es ir generando propuestas en conjunto, tratando de articular esfuerzos y miradas en post del bien com\u00fan, que es nuestra gente. Tratando de mejorar los indicadores de empleo, buscando que haya cada vez m\u00e1s empresas que quieran invertir en la ciudad\u201d y a\u00f1adi\u00f3 \u201ccomo carta de presentaci\u00f3n, contar con un parque log\u00edstico de estas caracter\u00edsticas para la ciudad es verdaderamente muy importante\u201d.<\/p>\n<p><strong>Oportunidades<\/strong><\/p>\n<p>Por su parte, Aldo Franco responsable m\u00e1ximo de la empresa manifest\u00f3 \u201cestamos empleando a 40 chicos entre 18 y 25 a\u00f1os, y ex empleados de Karavell y Guildford que se hab\u00edan quedado sin trabajo\u201d y apunt\u00f3 \u201cparte paga el Ministerio de la Producci\u00f3n y parte paga la empresa\u201d.<\/p>\n<p><strong>Intercambio <\/strong><\/p>\n<p>Asimismo, subray\u00f3 \u201cla Municipalidad nos apoya plenamente brind\u00e1ndonos la base de datos y seleccion\u00e1ndonos el personal, algo que conlleva trabajo para los vecinos\u201d y a\u00f1adi\u00f3 \u201cuna parte de ellos quedar\u00e1 trabajando de forma efectiva\u201d.<\/p>\n<p>Carolina Galeano de la oficina de empleo municipal explic\u00f3 \u201cesta es la firma de un convenio del Municipio y tambi\u00e9n el parque log\u00edstico Mercedes, y tiene que ver con pasant\u00edas rentadas para diferentes perfiles que se presentan en la oficina de empleo\u201d y a\u00f1adi\u00f3 \u201cse centra en aquellas personas que seguramente tendr\u00e1n dificultades a la hora de reinsertarse en el mercado laboral, como por ejemplo, personas que han quedado fuera de empresas como Karavell, Guildford, que ha llegado a cierta edad que es muy dif\u00edcil para ellos poder conseguir un empleo\u201d.<\/p>\n<p>\u201cRealmente este convenio de cooperaci\u00f3n que el Municipio hace ayuda much\u00edsimo a ellos y pueden reinsertarse laboralmente de manera mucho m\u00e1s f\u00e1cil\u201d insisti\u00f3 Galeano.<\/p>\n<p><img loading=\"lazy\" decoding=\"async\" data-attachment-id=\"84594\" data-permalink=\"https:\/\/www.hoymercedes.com.ar\/principal\/2018\/11\/27\/por-convenio-entre-municipio-y-parque-logistico-40-jovenes-realizan-su-primer-empleo\/ustarroz-14\/#main\" data-orig-file=\"https:\/\/www.hoymercedes.com.ar\/principal\/wp-content\/uploads\/2018\/11\/ustarroz.jpg\" data-orig-size=\"985,657\" data-comments-opened=\"0\" data-image-meta=\"{&quot;aperture&quot;:&quot;0&quot;,&quot;credit&quot;:&quot;&quot;,&quot;camera&quot;:&quot;&quot;,&quot;caption&quot;:&quot;&quot;,&quot;created_timestamp&quot;:&quot;0&quot;,&quot;copyright&quot;:&quot;&quot;,&quot;focal_length&quot;:&quot;0&quot;,&quot;iso&quot;:&quot;0&quot;,&quot;shutter_speed&quot;:&quot;0&quot;,&quot;title&quot;:&quot;&quot;,&quot;orientation&quot;:&quot;0&quot;}\" data-image-title=\"ustarroz\" data-image-description=\"\" data-image-caption=\"\" data-large-file=\"https:\/\/www.hoymercedes.com.ar\/principal\/wp-content\/uploads\/2018\/11\/ustarroz.jpg\" class=\"aligncenter wp-image-84594\" src=\"https:\/\/www.hoymercedes.com.ar\/principal\/wp-content\/uploads\/2018\/11\/ustarroz.jpg\" alt=\"\" width=\"730\" height=\"487\" srcset=\"https:\/\/www.hoymercedes.com.ar\/principal\/wp-content\/uploads\/2018\/11\/ustarroz.jpg 985w, https:\/\/www.hoymercedes.com.ar\/principal\/wp-content\/uploads\/2018\/11\/ustarroz-150x100.jpg 150w, https:\/\/www.hoymercedes.com.ar\/principal\/wp-content\/uploads\/2018\/11\/ustarroz-630x420.jpg 630w\" sizes=\"auto, (max-width: 730px) 100vw, 730px\" \/><\/p>\n<p><strong>En conjunto<\/strong><\/p>\n<p>De esta manera la Municipalidad de Mercedes contin\u00faa trabajando y articulando con las distintas instituciones y empresas de la ciudad, buscando crear los mejores lazos y beneficios para los vecinos.<\/p>\n<p>&nbsp;<\/p>\n<p><span style=\"color: #999999;\">Info: Oficina de Empleo<\/span><\/p>\n","protected":false},"excerpt":{"rendered":"<p>La Municipalidad de Mercedes atendiendo las demandas de los vecinos de la ciudad, mediante la oficina de empleo municipal, firm\u00f3 &#8230; <a title=\"Por convenio entre municipio y parque log\u00edstico 40 j\u00f3venes realizan su primer empleo\" class=\"read-more\" href=\"https:\/\/www.hoymercedes.com.ar\/principal\/2018\/11\/27\/por-convenio-entre-municipio-y-parque-logistico-40-jovenes-realizan-su-primer-empleo\/\" aria-label=\"Leer m\u00e1s sobre Por convenio entre municipio y parque log\u00edstico 40 j\u00f3venes realizan su primer empleo\">Leer m\u00e1s<\/a><\/p>\n","protected":false},"author":1,"featured_media":84593,"comment_status":"closed","ping_status":"open","sticky":false,"template":"","format":"standard","meta":{"_monsterinsights_skip_tracking":false,"_monsterinsights_sitenote_active":false,"_monsterinsights_sitenote_note":"","_monsterinsights_sitenote_category":0,"jetpack_post_was_ever_published":false,"_jetpack_newsletter_access":"","_jetpack_dont_email_post_to_subs":false,"_jetpack_newsletter_tier_id":0,"_jetpack_memberships_contains_paywalled_content":false,"_jetpack_memberships_contains_paid_content":false,"footnotes":"","jetpack_publicize_message":"","jetpack_publicize_feature_enabled":true,"jetpack_social_post_already_shared":true,"jetpack_social_options":{"image_generator_settings":{"template":"highway","default_image_id":0,"font":"","enabled":false},"version":2},"_wpas_customize_per_network":false},"categories":[30],"tags":[1421,14105,424],"class_list":["post-84592","post","type-post","status-publish","format-standard","has-post-thumbnail","hentry","category-municipio","tag-oficina-de-empleo","tag-planta-logistica-mercedes","tag-ustarroz","generate-columns","tablet-grid-50","mobile-grid-100","grid-parent","grid-50"],"jetpack_publicize_connections":[],"jetpack_featured_media_url":"https:\/\/www.hoymercedes.com.ar\/principal\/wp-content\/uploads\/2018\/11\/ustarroz.2.jpg","wps_subtitle":"Beneficio","jetpack_sharing_enabled":true,"_links":{"self":[{"href":"https:\/\/www.hoymercedes.com.ar\/principal\/wp-json\/wp\/v2\/posts\/84592","targetHints":{"allow":["GET"]}}],"collection":[{"href":"https:\/\/www.hoymercedes.com.ar\/principal\/wp-json\/wp\/v2\/posts"}],"about":[{"href":"https:\/\/www.hoymercedes.com.ar\/principal\/wp-json\/wp\/v2\/types\/post"}],"author":[{"embeddable":true,"href":"https:\/\/www.hoymercedes.com.ar\/principal\/wp-json\/wp\/v2\/users\/1"}],"replies":[{"embeddable":true,"href":"https:\/\/www.hoymercedes.com.ar\/principal\/wp-json\/wp\/v2\/comments?post=84592"}],"version-history":[{"count":0,"href":"https:\/\/www.hoymercedes.com.ar\/principal\/wp-json\/wp\/v2\/posts\/84592\/revisions"}],"wp:featuredmedia":[{"embeddable":true,"href":"https:\/\/www.hoymercedes.com.ar\/principal\/wp-json\/wp\/v2\/media\/84593"}],"wp:attachment":[{"href":"https:\/\/www.hoymercedes.com.ar\/principal\/wp-json\/wp\/v2\/media?parent=84592"}],"wp:term":[{"taxonomy":"category","embeddable":true,"href":"https:\/\/www.hoymercedes.com.ar\/principal\/wp-json\/wp\/v2\/categories?post=84592"},{"taxonomy":"post_tag","embeddable":true,"href":"https:\/\/www.hoymercedes.com.ar\/principal\/wp-json\/wp\/v2\/tags?post=84592"}],"curies":[{"name":"wp","href":"https:\/\/api.w.org\/{rel}","templated":true}]}}