{"id":8460,"date":"2011-10-21T03:20:06","date_gmt":"2011-10-21T03:20:06","guid":{"rendered":"http:\/\/www.hoymercedes.com.ar\/principal\/?p=8460"},"modified":"2011-10-21T04:17:36","modified_gmt":"2011-10-21T04:17:36","slug":"cierre-de-campanas-y-%c2%bfcuadrillas-armadas","status":"publish","type":"post","link":"https:\/\/www.hoymercedes.com.ar\/principal\/2011\/10\/21\/cierre-de-campanas-y-%c2%bfcuadrillas-armadas\/","title":{"rendered":"Cierre de campa\u00f1as y \u00bfCuadrillas armadas y nuevos mercedinos?"},"content":{"rendered":"<p>En las \u00faltimas jornadas las militancias de todos los partidos, pero, principalmente de la Agrupaci\u00f3n 17 de Octubre y el Frente Mercedino se han cruzado en m\u00e1s de una ocasi\u00f3n. En t\u00e9rminos generales el respeto prim\u00f3 la relaci\u00f3n, m\u00e1s all\u00e1 de las t\u00edpicas acciones del folklore de chicanas, fotos, filmaciones que se hac\u00edan unos u otros sin pasar la frontera de la diversi\u00f3n nocturna de las juventudes.<\/p>\n<p>Esta realidad parece haberse modificado durante la jornada del viernes a la madrugada donde m\u00e1s de uno sinti\u00f3 miedo de verdad ya que habr\u00edan visto autos de personas que no ser\u00edan de Mercedes con armas protegiendo carteles, pasacalles y afiches que ser\u00edan del espacio del Frente.<\/p>\n<p>Claro est\u00e1 que la inversi\u00f3n publicitaria es mucha, r\u00e9cord tal vez, sin embargo en esta ocasi\u00f3n m\u00e1s de un joven militante se sinti\u00f3 enormemente descolocado empezando una cadena de mensajes de textos invitando a<em> \u00abcuidarse compa\u00f1eros\u00bb<\/em>. Tal cadena fue reenviada hasta a quienes no andaban en la calle.<\/p>\n<p>Luego de los cierres de campa\u00f1a y en el inicio de la veda llega el momento de supuesto descanso, pero, algunos no lo tomar\u00edan como tal. La polic\u00eda local fue alertada y habr\u00eda reforzado el patrullaje e incluso empezado a consultar a quienes ve\u00edan sin otro \u00e1nimo que la prevenci\u00f3n.<\/p>\n<p>Las cuadrillas de pintadas y pegatinas suelen ser mercedinas, sin embargo, en algunos casos parec\u00edera provienen desde afuera y \u00e9sta ser\u00eda la ocasi\u00f3n y seg\u00fan algunos estar\u00edan con un nivel de protecci\u00f3n inaudito que incluye armas siendo algo propio de ciudades del gran Buenos Aires.<\/p>\n<p>La campa\u00f1a, en nuestra ciudad, se ha convertido en hist\u00f3rica y como nunca se vio una conurbanizaci\u00f3n a flor de piel.<\/p>\n<p><strong>\u00bfFamilias en el Marchetti?<\/strong><\/p>\n<p>Vecinos de dicho barrio estar\u00edan preocupados sosteniendo hay personas que no son de la ciudad y est\u00e1n ya habilitados a votar. Alrededor de cuarenta ser\u00edan seg\u00fan diversos trascendidos y testigos de la militancia que est\u00e1n m\u00e1s que preocupados. Claro est\u00e1 cada DNI es un voto. Lo que llamaba la atenci\u00f3n de los militantes selvistas es lo r\u00e1pido que lograron gestionar, dec\u00edan por lo bajo los j\u00f3venes entre la broma y la preocupaci\u00f3n, tal cambio de domicilio.<\/p>\n<p><strong>Cierto o no<\/strong><\/p>\n<p>Cierto o no m\u00e1s de una imagen anduvo dando vueltas por los perfiles de facebook de los j\u00f3venes de varios partidos que mostraban todo tipo de\u00a0situaciones, desde camiones cargados a comentarios muy subidos de tono en torno a la marketinizaci\u00f3n de las campa\u00f1as en una polarizaci\u00f3n hist\u00f3rica<\/p>\n","protected":false},"excerpt":{"rendered":"<p>En las \u00faltimas jornadas las militancias de todos los partidos, pero, principalmente de la Agrupaci\u00f3n 17 de Octubre y el &#8230; <a title=\"Cierre de campa\u00f1as y \u00bfCuadrillas armadas y nuevos mercedinos?\" class=\"read-more\" href=\"https:\/\/www.hoymercedes.com.ar\/principal\/2011\/10\/21\/cierre-de-campanas-y-%c2%bfcuadrillas-armadas\/\" aria-label=\"Leer m\u00e1s sobre Cierre de campa\u00f1as y \u00bfCuadrillas armadas y nuevos mercedinos?\">Leer m\u00e1s<\/a><\/p>\n","protected":false},"author":1,"featured_media":0,"comment_status":"open","ping_status":"open","sticky":false,"template":"","format":"standard","meta":{"_monsterinsights_skip_tracking":false,"_monsterinsights_sitenote_active":false,"_monsterinsights_sitenote_note":"","_monsterinsights_sitenote_category":0,"jetpack_post_was_ever_published":false,"_jetpack_newsletter_access":"","_jetpack_dont_email_post_to_subs":false,"_jetpack_newsletter_tier_id":0,"_jetpack_memberships_contains_paywalled_content":false,"_jetpack_memberships_contains_paid_content":false,"footnotes":"","jetpack_publicize_message":"","jetpack_publicize_feature_enabled":true,"jetpack_social_post_already_shared":false,"jetpack_social_options":{"image_generator_settings":{"template":"highway","default_image_id":0,"font":"","enabled":false},"version":2},"_wpas_customize_per_network":false},"categories":[5],"tags":[],"class_list":["post-8460","post","type-post","status-publish","format-standard","hentry","category-politica","generate-columns","tablet-grid-50","mobile-grid-100","grid-parent","grid-50"],"jetpack_publicize_connections":[],"jetpack_featured_media_url":"","wps_subtitle":"","jetpack_sharing_enabled":true,"_links":{"self":[{"href":"https:\/\/www.hoymercedes.com.ar\/principal\/wp-json\/wp\/v2\/posts\/8460","targetHints":{"allow":["GET"]}}],"collection":[{"href":"https:\/\/www.hoymercedes.com.ar\/principal\/wp-json\/wp\/v2\/posts"}],"about":[{"href":"https:\/\/www.hoymercedes.com.ar\/principal\/wp-json\/wp\/v2\/types\/post"}],"author":[{"embeddable":true,"href":"https:\/\/www.hoymercedes.com.ar\/principal\/wp-json\/wp\/v2\/users\/1"}],"replies":[{"embeddable":true,"href":"https:\/\/www.hoymercedes.com.ar\/principal\/wp-json\/wp\/v2\/comments?post=8460"}],"version-history":[{"count":0,"href":"https:\/\/www.hoymercedes.com.ar\/principal\/wp-json\/wp\/v2\/posts\/8460\/revisions"}],"wp:attachment":[{"href":"https:\/\/www.hoymercedes.com.ar\/principal\/wp-json\/wp\/v2\/media?parent=8460"}],"wp:term":[{"taxonomy":"category","embeddable":true,"href":"https:\/\/www.hoymercedes.com.ar\/principal\/wp-json\/wp\/v2\/categories?post=8460"},{"taxonomy":"post_tag","embeddable":true,"href":"https:\/\/www.hoymercedes.com.ar\/principal\/wp-json\/wp\/v2\/tags?post=8460"}],"curies":[{"name":"wp","href":"https:\/\/api.w.org\/{rel}","templated":true}]}}