{"id":84603,"date":"2018-11-28T13:19:34","date_gmt":"2018-11-28T16:19:34","guid":{"rendered":"http:\/\/www.hoymercedes.com.ar\/principal\/?p=84603"},"modified":"2018-11-27T22:21:49","modified_gmt":"2018-11-28T01:21:49","slug":"asamblea-mercedina-por-la-agroecologia-y-medio-ambiente-realizaron-encuentro-informativo-y-de-trabajo","status":"publish","type":"post","link":"https:\/\/www.hoymercedes.com.ar\/principal\/2018\/11\/28\/asamblea-mercedina-por-la-agroecologia-y-medio-ambiente-realizaron-encuentro-informativo-y-de-trabajo\/","title":{"rendered":"Asamblea Mercedina por la Agroecolog\u00eda y Medio Ambiente realizaron encuentro informativo y de trabajo"},"content":{"rendered":"<p style=\"font-weight: 400;\">SE CONCRET\u00d3 UNA REUNI\u00d3N INFORMATIVA CON LA ASAMBLEA MERCEDINA POR LA AGROECOLOG\u00cdA<\/p>\n<p style=\"font-weight: 400;\">Desde el Municipio de Mercedes se contin\u00faa trabajando por una ciudad m\u00e1s sustentable. Por este motivo, se mantuvo una reuni\u00f3n en el palacio municipal con la Asamblea Mercedina por la Agroecolog\u00eda, mediante por la cual, se busca ampliar las pol\u00edticas p\u00fablicas que apoyen, impulsen y resuelvan esta problem\u00e1tica. De la misma, participaron ediles y parte del Departamento de Medio Ambiente Municipal.<\/p>\n<p style=\"font-weight: 400;\">\n<p style=\"font-weight: 400;\">Luego de la reuni\u00f3n, Juan Cruz\u00a0Mendia, del Departamento de Medio Ambiente Municipal, expres\u00f3 \u201cdesde la asamblea se present\u00f3 un proyecto de ordenanza para el fomento de la agroecolog\u00eda hace dos semanas, la cual desde el Municipio de Mercedes apoyamos\u201d y a\u00f1adi\u00f3 \u201cdesde de nuestro departamento estamos trabajando mucho en esta tem\u00e1tica, donde remarcamos la importancia de este problema actual\u201d.<\/p>\n<p style=\"font-weight: 400;\">\n<p style=\"font-weight: 400;\">El proyecto presentado por AMA (Asamblea Mercedina por la Agroecolog\u00eda) posee tres aristas principales: La seguridad alimentaria de comer frutas, verduras y carnes sin agroqu\u00edmicos t\u00f3xicos; el cuidado y protecci\u00f3n del medio ambiente durante toda la tarea agraria y ganadera; el repoblamiento de las zonas periurbanas y rurales brindando empleo genuino, saludable y digno.<\/p>\n<p style=\"font-weight: 400;\">\n<p style=\"font-weight: 400;\">Por su parte, Juan Cruz\u00a0Mendia\u00a0remarc\u00f3 \u201cdesde muchas \u00e1reas se est\u00e1 trabajando esta problem\u00e1tica, a trav\u00e9s de programas e iniciativas, el vivero, Desarrollo Social, la apertura del primer Mercado Org\u00e1nico, entre tantas cosas\u201d y sostuvo \u201cnos parece que la ordenanza es muy interesante, apunta a mejorar la calidad de vida de las personas, algo que es sumamente importante para nosotros y la reuni\u00f3n tuvo como objetivo informarnos, consultarnos, aprender las nuevas terminolog\u00edas, clarificar y contarles qu\u00e9 es lo que hacemos desde el Municipio\u201d.<\/p>\n<p style=\"font-weight: 400;\">\n<p style=\"font-weight: 400;\">Adem\u00e1s, destac\u00f3 \u201cpor sobre todas las cosas poder articular e ir transitando este camino que va para adelante, no hay marcha atr\u00e1s en este tema, todos queremos sano, nadie quiere comer veneno, no puede existir diferencias en los precios, esto debe ser para todos iguales\u201d y agreg\u00f3 \u201cno podemos vivir en el siglo 21 y que la gente no sepa lo que come\u201d.<\/p>\n<p style=\"font-weight: 400;\">\n<p style=\"font-weight: 400;\">En ese sentido, Juan Cruz\u00a0Mendia, explic\u00f3 \u201cnecesitamos ampliar la capacidad de informaci\u00f3n existente, la gente tiene que empezar a saber qu\u00e9 come, hay que avanzar sabiendo que habr\u00e1 inconvenientes, pero que una vez instalado ya no va a ir para atr\u00e1s\u201d y agreg\u00f3 \u201cno existe visi\u00f3n ambiental sin lo social, no se pueden separar, por eso, la importancia de que la sociedad sepa y elija qu\u00e9 modo de vida quiere llevar adelante\u201d.<\/p>\n<p style=\"font-weight: 400;\">\n<p style=\"font-weight: 400;\">\n<p style=\"font-weight: 400;\">La ordenanza tambi\u00e9n contempla la creaci\u00f3n de un fondo en el presupuesto municipal, el Departamento de Agroecolog\u00eda Municipal, el Registro Municipal de Producciones Agropecuarias Agroecol\u00f3gicas y el Consejo Consultivo Municipal Agroecol\u00f3gico y sus respectivas funciones y la generaci\u00f3n de un Sistema Municipal \u00danico de Certificaci\u00f3n Participativa y sello de origen a fin de una identificaci\u00f3n de los productos agroecol\u00f3gicos por parte de los consumidores, entre otros aspectos, y su aplicaci\u00f3n; adem\u00e1s de una reducci\u00f3n de tasas municipales a los propietarios \u00f3 inquilinos de parcelas, que certifiquen sus producciones bajo el sistema agroecol\u00f3gico y la regulaci\u00f3n correspondientes, en una vasta ordenanza que pone foco en varios aspectos.<\/p>\n<p style=\"font-weight: 400;\">\n<p style=\"font-weight: 400;\">Conjuntamente,\u00a0Mendia\u00a0destaca el aporte del Municipio en esta cruzada por una ciudad m\u00e1s sustentable \u201cdesde el Departamento de Medo Ambiente, de a poco fuimos haciendo cosas y hemos demostrado que con acciones concretas se pueden cambiar ciertas partes de la realidad ecol\u00f3gica de la ciudad -recolecci\u00f3n de residuos, acopio electr\u00f3nicos, talleres, etc- y cuando uno habla de ecolog\u00eda, uno habla de tiempos, cambios sociales, y como es el caso de nuestra ciudad, con una importante ayuda del Estado\u201d.<\/p>\n<p style=\"font-weight: 400;\">\n<p style=\"font-weight: 400;\">\u201cCon un estado presente nos aseguramos que los vecinos de Mercedes coman frutas y verduras sanas y accesibles para todos\u201d remarc\u00f3\u00a0Mendia.<\/p>\n","protected":false},"excerpt":{"rendered":"<p>SE CONCRET\u00d3 UNA REUNI\u00d3N INFORMATIVA CON LA ASAMBLEA MERCEDINA POR LA AGROECOLOG\u00cdA Desde el Municipio de Mercedes se contin\u00faa trabajando &#8230; <a title=\"Asamblea Mercedina por la Agroecolog\u00eda y Medio Ambiente realizaron encuentro informativo y de trabajo\" class=\"read-more\" href=\"https:\/\/www.hoymercedes.com.ar\/principal\/2018\/11\/28\/asamblea-mercedina-por-la-agroecologia-y-medio-ambiente-realizaron-encuentro-informativo-y-de-trabajo\/\" aria-label=\"Leer m\u00e1s sobre Asamblea Mercedina por la Agroecolog\u00eda y Medio Ambiente realizaron encuentro informativo y de trabajo\">Leer m\u00e1s<\/a><\/p>\n","protected":false},"author":1,"featured_media":0,"comment_status":"closed","ping_status":"open","sticky":false,"template":"","format":"standard","meta":{"_monsterinsights_skip_tracking":false,"_monsterinsights_sitenote_active":false,"_monsterinsights_sitenote_note":"","_monsterinsights_sitenote_category":0,"jetpack_post_was_ever_published":false,"_jetpack_newsletter_access":"","_jetpack_dont_email_post_to_subs":false,"_jetpack_newsletter_tier_id":0,"_jetpack_memberships_contains_paywalled_content":false,"_jetpack_memberships_contains_paid_content":false,"footnotes":"","jetpack_publicize_message":"","jetpack_publicize_feature_enabled":true,"jetpack_social_post_already_shared":true,"jetpack_social_options":{"image_generator_settings":{"template":"highway","default_image_id":0,"font":"","enabled":false},"version":2},"_wpas_customize_per_network":false},"categories":[8],"tags":[13642,14107,43],"class_list":["post-84603","post","type-post","status-publish","format-standard","hentry","category-sociedad","tag-asamblea-mercedina-por-la-agroecologia","tag-juan-mendia","tag-medio-ambiente","generate-columns","tablet-grid-50","mobile-grid-100","grid-parent","grid-50"],"jetpack_publicize_connections":[],"jetpack_featured_media_url":"","wps_subtitle":"Cuidado del ambiente","jetpack_sharing_enabled":true,"_links":{"self":[{"href":"https:\/\/www.hoymercedes.com.ar\/principal\/wp-json\/wp\/v2\/posts\/84603","targetHints":{"allow":["GET"]}}],"collection":[{"href":"https:\/\/www.hoymercedes.com.ar\/principal\/wp-json\/wp\/v2\/posts"}],"about":[{"href":"https:\/\/www.hoymercedes.com.ar\/principal\/wp-json\/wp\/v2\/types\/post"}],"author":[{"embeddable":true,"href":"https:\/\/www.hoymercedes.com.ar\/principal\/wp-json\/wp\/v2\/users\/1"}],"replies":[{"embeddable":true,"href":"https:\/\/www.hoymercedes.com.ar\/principal\/wp-json\/wp\/v2\/comments?post=84603"}],"version-history":[{"count":0,"href":"https:\/\/www.hoymercedes.com.ar\/principal\/wp-json\/wp\/v2\/posts\/84603\/revisions"}],"wp:attachment":[{"href":"https:\/\/www.hoymercedes.com.ar\/principal\/wp-json\/wp\/v2\/media?parent=84603"}],"wp:term":[{"taxonomy":"category","embeddable":true,"href":"https:\/\/www.hoymercedes.com.ar\/principal\/wp-json\/wp\/v2\/categories?post=84603"},{"taxonomy":"post_tag","embeddable":true,"href":"https:\/\/www.hoymercedes.com.ar\/principal\/wp-json\/wp\/v2\/tags?post=84603"}],"curies":[{"name":"wp","href":"https:\/\/api.w.org\/{rel}","templated":true}]}}