{"id":84605,"date":"2018-11-28T16:22:42","date_gmt":"2018-11-28T19:22:42","guid":{"rendered":"http:\/\/www.hoymercedes.com.ar\/principal\/?p=84605"},"modified":"2018-11-28T09:30:56","modified_gmt":"2018-11-28T12:30:56","slug":"municipio-inicia-prueba-piloto-de-separacion-de-residuos-y-reciclaje-en-barrio-san-jorge","status":"publish","type":"post","link":"https:\/\/www.hoymercedes.com.ar\/principal\/2018\/11\/28\/municipio-inicia-prueba-piloto-de-separacion-de-residuos-y-reciclaje-en-barrio-san-jorge\/","title":{"rendered":"Municipio inicia prueba piloto de separaci\u00f3n de residuos y reciclaje en Barrio San Jorge"},"content":{"rendered":"<figure id=\"attachment_84606\" aria-describedby=\"caption-attachment-84606\" style=\"width: 720px\" class=\"wp-caption aligncenter\"><img loading=\"lazy\" decoding=\"async\" data-attachment-id=\"84606\" data-permalink=\"https:\/\/www.hoymercedes.com.ar\/principal\/2018\/11\/28\/municipio-inicia-prueba-piloto-de-separacion-de-residuos-y-reciclaje-en-barrio-san-jorge\/1-15\/#main\" data-orig-file=\"https:\/\/www.hoymercedes.com.ar\/principal\/wp-content\/uploads\/2018\/11\/1.jpg\" data-orig-size=\"1170,657\" data-comments-opened=\"0\" data-image-meta=\"{&quot;aperture&quot;:&quot;0&quot;,&quot;credit&quot;:&quot;&quot;,&quot;camera&quot;:&quot;&quot;,&quot;caption&quot;:&quot;&quot;,&quot;created_timestamp&quot;:&quot;0&quot;,&quot;copyright&quot;:&quot;&quot;,&quot;focal_length&quot;:&quot;0&quot;,&quot;iso&quot;:&quot;0&quot;,&quot;shutter_speed&quot;:&quot;0&quot;,&quot;title&quot;:&quot;&quot;,&quot;orientation&quot;:&quot;0&quot;}\" data-image-title=\"Barrio San Jorge\" data-image-description=\"\" data-image-caption=\"&lt;p&gt;Plaza barrio San Jorge&lt;\/p&gt;\n\" data-large-file=\"https:\/\/www.hoymercedes.com.ar\/principal\/wp-content\/uploads\/2018\/11\/1-1024x575.jpg\" class=\"wp-image-84606\" src=\"https:\/\/www.hoymercedes.com.ar\/principal\/wp-content\/uploads\/2018\/11\/1.jpg\" alt=\"\" width=\"730\" height=\"410\" srcset=\"https:\/\/www.hoymercedes.com.ar\/principal\/wp-content\/uploads\/2018\/11\/1.jpg 1170w, https:\/\/www.hoymercedes.com.ar\/principal\/wp-content\/uploads\/2018\/11\/1-150x84.jpg 150w, https:\/\/www.hoymercedes.com.ar\/principal\/wp-content\/uploads\/2018\/11\/1-630x354.jpg 630w, https:\/\/www.hoymercedes.com.ar\/principal\/wp-content\/uploads\/2018\/11\/1-1024x575.jpg 1024w\" sizes=\"auto, (max-width: 730px) 100vw, 730px\" \/><figcaption id=\"caption-attachment-84606\" class=\"wp-caption-text\">Plaza barrio San Jorge<\/figcaption><\/figure>\n<p style=\"font-weight: 400;\">Municipio, Vecinos, Sociedad de Fomento y el \u00e1rea de Medio Ambiente lanzaron experiencia piloto en barrio\u00a0San\u00a0Jorge\u00a0sobre separaci\u00f3n de residuos y composteras. Esta propuesta tiene el objetivo, mediante diagn\u00f3sticos y estudios de avances, extenderla en los diferentes barrios de la ciudad. \u201cAgradecemos al barrio que se haya sumado a esta prueba piloto, creemos que es muy importante comenzar a trabajar de manera puntual la problem\u00e1tica del medio ambiente y su cuidado\u201d subray\u00f3 el intendente Juan Ignacio Ustarroz.<\/p>\n<p style=\"font-weight: 400;\">En ese sentido, el jefe comunal Ustarroz, describi\u00f3 \u201cse va a trabajar el tema de la separaci\u00f3n\u201d destacando que \u201cla cuesti\u00f3n de residuos es una tem\u00e1tica de presente y de futuro de la ciudad\u201d.<\/p>\n<p style=\"font-weight: 400;\">Todo lo elaborado y brindado al barrio para que trabajen la tem\u00e1tica fue hecho en talleres municipales \u201cse puede apreciar la calidad de lo que se le est\u00e1 entregando a los vecinos\u201d se\u00f1al\u00f3 Ustarroz.<\/p>\n<p style=\"font-weight: 400;\">En otro orden de cosas, el Dr. Ustarroz mantuvo \u201cesto es un compromiso con el medio ambiente, con una ciudad sustentable. Hoy el Municipio de Mercedes est\u00e1 llevando todas las toneladas de residuos al CEAMSE, lo cual, conlleva un costo en t\u00e9rminos econ\u00f3micos, pero tambi\u00e9n en t\u00e9rminos de ambiente\u201d.<\/p>\n<p style=\"font-weight: 400;\">\u201cLo crucial es siempre tener el apoyo del vecino, el acompa\u00f1amiento y que la gente tome conciencia que esta es la ciudad de todos y que cada qui\u00e9n debe aportar su granito de arena para lograr una ciudad sustentable\u201d insisti\u00f3 el primer mandatario.<\/p>\n<p style=\"font-weight: 400;\">Juan Cruz Mend\u00eda, qui\u00e9n es parte del Departamento de Medio Ambiente, dijo \u201cdesde el barrio\u00a0San\u00a0Jorge\u00a0vamos a lanzar el plan piloto de separaci\u00f3n de residuos\u201d y explic\u00f3 \u201cpusimos contenedores para que la gente traiga sus metales, pl\u00e1sticos, papel-cart\u00f3n y vidrio, mediante una separaci\u00f3n previa en su casa viene, y lo tira en el contenedor correspondiente\u201d.<\/p>\n<p style=\"font-weight: 400;\">Y a\u00f1adi\u00f3 \u201cluego nosotros venimos, los retiramos y los distribuimos, papel, pl\u00e1stico y cart\u00f3n van a la instituci\u00f3n CAIDIM, por tanto, el metal y el vidrio buscamos empresas que los reciclen. Y repartiremos composteras en las casas para que separen la basura org\u00e1nica\u201d.<\/p>\n<p style=\"font-weight: 400;\">\u201cSi esto funciona bien, la idea es replicarlo en otros barrios\u201d afirm\u00f3 Mendia.<\/p>\n<p style=\"font-weight: 400;\">Por su parte, Mirta Retamoso, qui\u00e9n est\u00e1 al frente de la Sociedad de Fomento expres\u00f3 \u201ccon el Departamento de Medio Ambiente ya venimos trabajando hace m\u00e1s de un mes, recorrimos casa por casa, informamos a todos los vecinos, quienes est\u00e1n muy contentos con este nuevo proyecto\u201d.<\/p>\n<figure id=\"attachment_84607\" aria-describedby=\"caption-attachment-84607\" style=\"width: 902px\" class=\"wp-caption aligncenter\"><img loading=\"lazy\" decoding=\"async\" data-attachment-id=\"84607\" data-permalink=\"https:\/\/www.hoymercedes.com.ar\/principal\/2018\/11\/28\/municipio-inicia-prueba-piloto-de-separacion-de-residuos-y-reciclaje-en-barrio-san-jorge\/3-11\/#main\" data-orig-file=\"https:\/\/www.hoymercedes.com.ar\/principal\/wp-content\/uploads\/2018\/11\/3.jpg\" data-orig-size=\"912,608\" data-comments-opened=\"0\" data-image-meta=\"{&quot;aperture&quot;:&quot;0&quot;,&quot;credit&quot;:&quot;&quot;,&quot;camera&quot;:&quot;&quot;,&quot;caption&quot;:&quot;&quot;,&quot;created_timestamp&quot;:&quot;0&quot;,&quot;copyright&quot;:&quot;&quot;,&quot;focal_length&quot;:&quot;0&quot;,&quot;iso&quot;:&quot;0&quot;,&quot;shutter_speed&quot;:&quot;0&quot;,&quot;title&quot;:&quot;&quot;,&quot;orientation&quot;:&quot;0&quot;}\" data-image-title=\"vecinos barrio san jorge\" data-image-description=\"\" data-image-caption=\"&lt;p&gt;Vecinos barrio san jorge&lt;\/p&gt;\n\" data-large-file=\"https:\/\/www.hoymercedes.com.ar\/principal\/wp-content\/uploads\/2018\/11\/3.jpg\" class=\"size-full wp-image-84607\" src=\"https:\/\/www.hoymercedes.com.ar\/principal\/wp-content\/uploads\/2018\/11\/3.jpg\" alt=\"\" width=\"912\" height=\"608\" srcset=\"https:\/\/www.hoymercedes.com.ar\/principal\/wp-content\/uploads\/2018\/11\/3.jpg 912w, https:\/\/www.hoymercedes.com.ar\/principal\/wp-content\/uploads\/2018\/11\/3-150x100.jpg 150w, https:\/\/www.hoymercedes.com.ar\/principal\/wp-content\/uploads\/2018\/11\/3-630x420.jpg 630w\" sizes=\"auto, (max-width: 912px) 100vw, 912px\" \/><figcaption id=\"caption-attachment-84607\" class=\"wp-caption-text\">Vecinos barrio san jorge<\/figcaption><\/figure>\n<p style=\"font-weight: 400;\">Asimismo, agreg\u00f3 \u201ccreo que el barrio va a acompa\u00f1ar esta iniciativa\u201d y destac\u00f3 \u201cla concientizaci\u00f3n de esta problem\u00e1tica, de la separaci\u00f3n de residuos y la b\u00fasqueda de una ciudad m\u00e1s sustentable\u201d.<\/p>\n<p style=\"font-weight: 400;\">Por otro lado, Retamoso indic\u00f3 \u201cesto lo trabajamos en conjunto con el Municipio de Mercedes, el Departamento de Medio Ambiente y la Sociedad de Fomento\u201d.<\/p>\n<p style=\"font-weight: 400;\">Estuvo presente tambi\u00e9n el Secretario de Salud, Pablo Cassiani, de qui\u00e9n depende el \u00e1rea, como as\u00ed tambi\u00e9n personal municipal que har\u00e1 el seguimiento del proceso y lo m\u00e1s importante, los vecinos del barrio.<\/p>\n","protected":false},"excerpt":{"rendered":"<p>Municipio, Vecinos, Sociedad de Fomento y el \u00e1rea de Medio Ambiente lanzaron experiencia piloto en barrio\u00a0San\u00a0Jorge\u00a0sobre separaci\u00f3n de residuos y &#8230; <a title=\"Municipio inicia prueba piloto de separaci\u00f3n de residuos y reciclaje en Barrio San Jorge\" class=\"read-more\" href=\"https:\/\/www.hoymercedes.com.ar\/principal\/2018\/11\/28\/municipio-inicia-prueba-piloto-de-separacion-de-residuos-y-reciclaje-en-barrio-san-jorge\/\" aria-label=\"Leer m\u00e1s sobre Municipio inicia prueba piloto de separaci\u00f3n de residuos y reciclaje en Barrio San Jorge\">Leer m\u00e1s<\/a><\/p>\n","protected":false},"author":1,"featured_media":84606,"comment_status":"closed","ping_status":"open","sticky":false,"template":"","format":"standard","meta":{"_monsterinsights_skip_tracking":false,"_monsterinsights_sitenote_active":false,"_monsterinsights_sitenote_note":"","_monsterinsights_sitenote_category":0,"jetpack_post_was_ever_published":false,"_jetpack_newsletter_access":"","_jetpack_dont_email_post_to_subs":false,"_jetpack_newsletter_tier_id":0,"_jetpack_memberships_contains_paywalled_content":false,"_jetpack_memberships_contains_paid_content":false,"footnotes":"","jetpack_publicize_message":"","jetpack_publicize_feature_enabled":true,"jetpack_social_post_already_shared":true,"jetpack_social_options":{"image_generator_settings":{"template":"highway","default_image_id":0,"font":"","enabled":false},"version":2},"_wpas_customize_per_network":false},"categories":[30],"tags":[5360,43,244,14111,2905],"class_list":["post-84605","post","type-post","status-publish","format-standard","has-post-thumbnail","hentry","category-municipio","tag-barrio-san-jorge","tag-medio-ambiente","tag-municipio-2","tag-prueba-piloto","tag-separacion-de-residuos","generate-columns","tablet-grid-50","mobile-grid-100","grid-parent","grid-50"],"jetpack_publicize_connections":[],"jetpack_featured_media_url":"https:\/\/www.hoymercedes.com.ar\/principal\/wp-content\/uploads\/2018\/11\/1.jpg","wps_subtitle":"Medio Ambiente","jetpack_sharing_enabled":true,"_links":{"self":[{"href":"https:\/\/www.hoymercedes.com.ar\/principal\/wp-json\/wp\/v2\/posts\/84605","targetHints":{"allow":["GET"]}}],"collection":[{"href":"https:\/\/www.hoymercedes.com.ar\/principal\/wp-json\/wp\/v2\/posts"}],"about":[{"href":"https:\/\/www.hoymercedes.com.ar\/principal\/wp-json\/wp\/v2\/types\/post"}],"author":[{"embeddable":true,"href":"https:\/\/www.hoymercedes.com.ar\/principal\/wp-json\/wp\/v2\/users\/1"}],"replies":[{"embeddable":true,"href":"https:\/\/www.hoymercedes.com.ar\/principal\/wp-json\/wp\/v2\/comments?post=84605"}],"version-history":[{"count":0,"href":"https:\/\/www.hoymercedes.com.ar\/principal\/wp-json\/wp\/v2\/posts\/84605\/revisions"}],"wp:featuredmedia":[{"embeddable":true,"href":"https:\/\/www.hoymercedes.com.ar\/principal\/wp-json\/wp\/v2\/media\/84606"}],"wp:attachment":[{"href":"https:\/\/www.hoymercedes.com.ar\/principal\/wp-json\/wp\/v2\/media?parent=84605"}],"wp:term":[{"taxonomy":"category","embeddable":true,"href":"https:\/\/www.hoymercedes.com.ar\/principal\/wp-json\/wp\/v2\/categories?post=84605"},{"taxonomy":"post_tag","embeddable":true,"href":"https:\/\/www.hoymercedes.com.ar\/principal\/wp-json\/wp\/v2\/tags?post=84605"}],"curies":[{"name":"wp","href":"https:\/\/api.w.org\/{rel}","templated":true}]}}