{"id":84622,"date":"2018-11-28T17:00:50","date_gmt":"2018-11-28T20:00:50","guid":{"rendered":"http:\/\/www.hoymercedes.com.ar\/principal\/?p=84622"},"modified":"2018-11-28T16:45:14","modified_gmt":"2018-11-28T19:45:14","slug":"carlos-selva-los-argentinos-tienen-una-alternativa","status":"publish","type":"post","link":"https:\/\/www.hoymercedes.com.ar\/principal\/2018\/11\/28\/carlos-selva-los-argentinos-tienen-una-alternativa\/","title":{"rendered":"Carlos Selva: \u201cLos argentinos tienen una alternativa\u201d"},"content":{"rendered":"<p>El diputado nacional Carlos Selva fue parte del lanzamiento de Alternativa Federal en el distrito de Almirante Brown.<\/p>\n<p>\u201cEstuvimos en Almirante Brown, junto a la Diputada Mirta Tundis, Jos\u00e9 Luis Pallares y Bali Bucca discutiendo el presente, y planteando los desaf\u00edos que se vienen, porque estamos convencidos que los argentinos tienen una alternativa\u201d, dijo sobre esta nueva l\u00ednea pol\u00edtica que se impulsa desde el massismo por estas horas.<\/p>\n<p>Referentes pol\u00edticos de esa localidad, acompa\u00f1ados de dirigentes nacionales y provinciales, presentaron este martes Alternativa Federal de Almirante Brown, con la intenci\u00f3n de representar en el distrito a ese espacio pol\u00edtico en gestaci\u00f3n, encabezado por Miguel \u00c1ngel Pichetto, Sergio Massa, Juan Manuel Schiaretti y Juan Manuel Urtubey, y al que la semana pasada se sumaron siete gobernadores del PJ.<\/p>\n<p>Con fuertes cr\u00edticas al Gobierno nacional y con la expresa pretensi\u00f3n de \u201cno volver al pasado\u201d, los dirigentes convocados destacaron la relevancia del nuevo espacio para ofrecerle a la sociedad \u201cuna esperanza\u201d ante un escenario que \u201cno puede limitarse a la frustraci\u00f3n del presente ni resignarse a repetir lo viejo\u201d.<\/p>\n<p>La actividad se llev\u00f3 a cabo en la localidad de Ministro Rivadavia y ante m\u00e1s de doscientos dirigentes.<\/p>\n<p><img loading=\"lazy\" decoding=\"async\" data-attachment-id=\"84623\" data-permalink=\"https:\/\/www.hoymercedes.com.ar\/principal\/2018\/11\/28\/carlos-selva-los-argentinos-tienen-una-alternativa\/28-selva-politica\/#main\" data-orig-file=\"https:\/\/www.hoymercedes.com.ar\/principal\/wp-content\/uploads\/2018\/11\/28-selva-pol\u00edtica.jpg\" data-orig-size=\"640,456\" data-comments-opened=\"0\" data-image-meta=\"{&quot;aperture&quot;:&quot;0&quot;,&quot;credit&quot;:&quot;&quot;,&quot;camera&quot;:&quot;&quot;,&quot;caption&quot;:&quot;&quot;,&quot;created_timestamp&quot;:&quot;0&quot;,&quot;copyright&quot;:&quot;&quot;,&quot;focal_length&quot;:&quot;0&quot;,&quot;iso&quot;:&quot;0&quot;,&quot;shutter_speed&quot;:&quot;0&quot;,&quot;title&quot;:&quot;&quot;,&quot;orientation&quot;:&quot;0&quot;}\" data-image-title=\"28 selva pol\u00edtica\" data-image-description=\"\" data-image-caption=\"\" data-large-file=\"https:\/\/www.hoymercedes.com.ar\/principal\/wp-content\/uploads\/2018\/11\/28-selva-pol\u00edtica.jpg\" class=\"aligncenter size-full wp-image-84623\" src=\"https:\/\/www.hoymercedes.com.ar\/principal\/wp-content\/uploads\/2018\/11\/28-selva-pol\u00edtica.jpg\" alt=\"\" width=\"640\" height=\"456\" srcset=\"https:\/\/www.hoymercedes.com.ar\/principal\/wp-content\/uploads\/2018\/11\/28-selva-pol\u00edtica.jpg 640w, https:\/\/www.hoymercedes.com.ar\/principal\/wp-content\/uploads\/2018\/11\/28-selva-pol\u00edtica-150x107.jpg 150w, https:\/\/www.hoymercedes.com.ar\/principal\/wp-content\/uploads\/2018\/11\/28-selva-pol\u00edtica-630x449.jpg 630w\" sizes=\"auto, (max-width: 640px) 100vw, 640px\" \/><\/p>\n","protected":false},"excerpt":{"rendered":"<p>El diputado nacional Carlos Selva fue parte del lanzamiento de Alternativa Federal en el distrito de Almirante Brown. \u201cEstuvimos en &#8230; <a title=\"Carlos Selva: \u201cLos argentinos tienen una alternativa\u201d\" class=\"read-more\" href=\"https:\/\/www.hoymercedes.com.ar\/principal\/2018\/11\/28\/carlos-selva-los-argentinos-tienen-una-alternativa\/\" aria-label=\"Leer m\u00e1s sobre Carlos Selva: \u201cLos argentinos tienen una alternativa\u201d\">Leer m\u00e1s<\/a><\/p>\n","protected":false},"author":1,"featured_media":84623,"comment_status":"closed","ping_status":"open","sticky":false,"template":"","format":"standard","meta":{"_monsterinsights_skip_tracking":false,"_monsterinsights_sitenote_active":false,"_monsterinsights_sitenote_note":"","_monsterinsights_sitenote_category":0,"jetpack_post_was_ever_published":false,"_jetpack_newsletter_access":"","_jetpack_dont_email_post_to_subs":false,"_jetpack_newsletter_tier_id":0,"_jetpack_memberships_contains_paywalled_content":false,"_jetpack_memberships_contains_paid_content":false,"footnotes":"","jetpack_publicize_message":"","jetpack_publicize_feature_enabled":true,"jetpack_social_post_already_shared":true,"jetpack_social_options":{"image_generator_settings":{"template":"highway","default_image_id":0,"font":"","enabled":false},"version":2},"_wpas_customize_per_network":false},"categories":[5210],"tags":[14122,39,3537,10113],"class_list":["post-84622","post","type-post","status-publish","format-standard","has-post-thumbnail","hentry","category-politica-nacional","tag-alternativa-federal","tag-carlos-selva","tag-frente-renovador","tag-politica-nacional","generate-columns","tablet-grid-50","mobile-grid-100","grid-parent","grid-50"],"jetpack_publicize_connections":[],"jetpack_featured_media_url":"https:\/\/www.hoymercedes.com.ar\/principal\/wp-content\/uploads\/2018\/11\/28-selva-pol\u00edtica.jpg","wps_subtitle":"Lanzamiento de Alternativa Federal","jetpack_sharing_enabled":true,"_links":{"self":[{"href":"https:\/\/www.hoymercedes.com.ar\/principal\/wp-json\/wp\/v2\/posts\/84622","targetHints":{"allow":["GET"]}}],"collection":[{"href":"https:\/\/www.hoymercedes.com.ar\/principal\/wp-json\/wp\/v2\/posts"}],"about":[{"href":"https:\/\/www.hoymercedes.com.ar\/principal\/wp-json\/wp\/v2\/types\/post"}],"author":[{"embeddable":true,"href":"https:\/\/www.hoymercedes.com.ar\/principal\/wp-json\/wp\/v2\/users\/1"}],"replies":[{"embeddable":true,"href":"https:\/\/www.hoymercedes.com.ar\/principal\/wp-json\/wp\/v2\/comments?post=84622"}],"version-history":[{"count":0,"href":"https:\/\/www.hoymercedes.com.ar\/principal\/wp-json\/wp\/v2\/posts\/84622\/revisions"}],"wp:featuredmedia":[{"embeddable":true,"href":"https:\/\/www.hoymercedes.com.ar\/principal\/wp-json\/wp\/v2\/media\/84623"}],"wp:attachment":[{"href":"https:\/\/www.hoymercedes.com.ar\/principal\/wp-json\/wp\/v2\/media?parent=84622"}],"wp:term":[{"taxonomy":"category","embeddable":true,"href":"https:\/\/www.hoymercedes.com.ar\/principal\/wp-json\/wp\/v2\/categories?post=84622"},{"taxonomy":"post_tag","embeddable":true,"href":"https:\/\/www.hoymercedes.com.ar\/principal\/wp-json\/wp\/v2\/tags?post=84622"}],"curies":[{"name":"wp","href":"https:\/\/api.w.org\/{rel}","templated":true}]}}