{"id":84625,"date":"2018-11-28T17:57:53","date_gmt":"2018-11-28T20:57:53","guid":{"rendered":"http:\/\/www.hoymercedes.com.ar\/principal\/?p=84625"},"modified":"2018-11-28T17:57:53","modified_gmt":"2018-11-28T20:57:53","slug":"estudiantes-mercedinos-en-chapa-presentaron-videos-fotografias-una-revista-y-una-instalacion","status":"publish","type":"post","link":"https:\/\/www.hoymercedes.com.ar\/principal\/2018\/11\/28\/estudiantes-mercedinos-en-chapa-presentaron-videos-fotografias-una-revista-y-una-instalacion\/","title":{"rendered":"Estudiantes mercedinos en Chapa presentaron videos, fotograf\u00edas, una revista y una instalaci\u00f3n"},"content":{"rendered":"<p>En la noche del martes volvieron a la ciudad los j\u00f3venes estudiantes de distintas instituciones educativas y programas sociales luego de participar en el programa provincia J\u00f3venes y Memoria. De las escuelas secundarias N\u00b0 10, 13 y 14, de las T\u00e9cnica 1 y 2, del ISFDyT N\u00b0 7 y tres grupos de Envi\u00f3n y uno de Autonom\u00eda Joven participaron entre el domingo 25 y el martes 27 de una de las tandas del encuentro provincial que viene llev\u00e1ndose hace 17 a\u00f1os en Chapadmalal.<\/p>\n<figure id=\"attachment_84626\" aria-describedby=\"caption-attachment-84626\" style=\"width: 740px\" class=\"wp-caption aligncenter\"><img loading=\"lazy\" decoding=\"async\" data-attachment-id=\"84626\" data-permalink=\"https:\/\/www.hoymercedes.com.ar\/principal\/2018\/11\/28\/estudiantes-mercedinos-en-chapa-presentaron-videos-fotografias-una-revista-y-una-instalacion\/28-jovymem-1\/#main\" data-orig-file=\"https:\/\/www.hoymercedes.com.ar\/principal\/wp-content\/uploads\/2018\/11\/28-jovymem-1.jpg\" data-orig-size=\"750,500\" data-comments-opened=\"0\" data-image-meta=\"{&quot;aperture&quot;:&quot;2&quot;,&quot;credit&quot;:&quot;&quot;,&quot;camera&quot;:&quot;Moto G (5S) Plus&quot;,&quot;caption&quot;:&quot;&quot;,&quot;created_timestamp&quot;:&quot;1543273422&quot;,&quot;copyright&quot;:&quot;&quot;,&quot;focal_length&quot;:&quot;3.59&quot;,&quot;iso&quot;:&quot;421&quot;,&quot;shutter_speed&quot;:&quot;0.058823529411765&quot;,&quot;title&quot;:&quot;&quot;,&quot;orientation&quot;:&quot;1&quot;}\" data-image-title=\"28 jovymem 1\" data-image-description=\"\" data-image-caption=\"&lt;p&gt;Estudiantes de la T\u00e9cnica N\u00b0 1 participaron del acto de cierre de la tanda de j\u00f3venes. &lt;\/p&gt;\n\" data-large-file=\"https:\/\/www.hoymercedes.com.ar\/principal\/wp-content\/uploads\/2018\/11\/28-jovymem-1.jpg\" class=\"size-full wp-image-84626\" src=\"https:\/\/www.hoymercedes.com.ar\/principal\/wp-content\/uploads\/2018\/11\/28-jovymem-1.jpg\" alt=\"\" width=\"750\" height=\"500\" srcset=\"https:\/\/www.hoymercedes.com.ar\/principal\/wp-content\/uploads\/2018\/11\/28-jovymem-1.jpg 750w, https:\/\/www.hoymercedes.com.ar\/principal\/wp-content\/uploads\/2018\/11\/28-jovymem-1-150x100.jpg 150w, https:\/\/www.hoymercedes.com.ar\/principal\/wp-content\/uploads\/2018\/11\/28-jovymem-1-630x420.jpg 630w\" sizes=\"auto, (max-width: 750px) 100vw, 750px\" \/><figcaption id=\"caption-attachment-84626\" class=\"wp-caption-text\">Estudiantes de la T\u00e9cnica N\u00b0 1 participaron del acto de cierre de la tanda de j\u00f3venes.<\/figcaption><\/figure>\n<p>En el evento provincial, los mercedinos expusieron sus trabajos de investigaci\u00f3n junto a j\u00f3venes de otras localidades como Lan\u00fas, Merlo, San Antonio de Areco, Chapadmalal, Haedo, San Miguel del Monte, Guernica, Libertad y Pontevedra.<\/p>\n<p>En el marco del J\u00f3venes y Memoria los alumnos de la Secundaria N\u00b0 13 presentaron una instalaci\u00f3n relacionada con el comportamiento del cuerpo, el t\u00edtulo de la exposici\u00f3n fue \u201cCuerpos Desobedientes\u201d; por su parte, uno de los grupos Envi\u00f3n colg\u00f3 en las paredes fotograf\u00edas de ellos luego de hace una investigaci\u00f3n sobre la problem\u00e1tica de los j\u00f3venes a la hora de buscar su primer empleo. M\u00e1s tarde, los alumnos de la T\u00e9cnica N\u00b0 2 de Gowland, representando a SUTEBA Mercedes hicieron una s\u00edntesis de la movida que los estudiantes secundarios locales llevaron adelante en reclamo por mejoras edilicias, movida que incluy\u00f3 la participaci\u00f3n de los estudiantes en la banca participativa en el HCD.<\/p>\n<figure id=\"attachment_84628\" aria-describedby=\"caption-attachment-84628\" style=\"width: 740px\" class=\"wp-caption aligncenter\"><img loading=\"lazy\" decoding=\"async\" data-attachment-id=\"84628\" data-permalink=\"https:\/\/www.hoymercedes.com.ar\/principal\/2018\/11\/28\/estudiantes-mercedinos-en-chapa-presentaron-videos-fotografias-una-revista-y-una-instalacion\/28-jovymem-3\/#main\" data-orig-file=\"https:\/\/www.hoymercedes.com.ar\/principal\/wp-content\/uploads\/2018\/11\/28-jovymem-3.jpg\" data-orig-size=\"750,500\" data-comments-opened=\"0\" data-image-meta=\"{&quot;aperture&quot;:&quot;2&quot;,&quot;credit&quot;:&quot;&quot;,&quot;camera&quot;:&quot;Moto G (5S) Plus&quot;,&quot;caption&quot;:&quot;&quot;,&quot;created_timestamp&quot;:&quot;1543242648&quot;,&quot;copyright&quot;:&quot;&quot;,&quot;focal_length&quot;:&quot;3.59&quot;,&quot;iso&quot;:&quot;1187&quot;,&quot;shutter_speed&quot;:&quot;0.066666666666667&quot;,&quot;title&quot;:&quot;&quot;,&quot;orientation&quot;:&quot;1&quot;}\" data-image-title=\"28 jovymem 3\" data-image-description=\"\" data-image-caption=\"&lt;p&gt;Uno de los grupo Envi\u00f3n en la presentaci\u00f3n de su proyecto fotogr\u00e1fico&lt;\/p&gt;\n\" data-large-file=\"https:\/\/www.hoymercedes.com.ar\/principal\/wp-content\/uploads\/2018\/11\/28-jovymem-3.jpg\" class=\"size-full wp-image-84628\" src=\"https:\/\/www.hoymercedes.com.ar\/principal\/wp-content\/uploads\/2018\/11\/28-jovymem-3.jpg\" alt=\"\" width=\"750\" height=\"500\" srcset=\"https:\/\/www.hoymercedes.com.ar\/principal\/wp-content\/uploads\/2018\/11\/28-jovymem-3.jpg 750w, https:\/\/www.hoymercedes.com.ar\/principal\/wp-content\/uploads\/2018\/11\/28-jovymem-3-150x100.jpg 150w, https:\/\/www.hoymercedes.com.ar\/principal\/wp-content\/uploads\/2018\/11\/28-jovymem-3-630x420.jpg 630w\" sizes=\"auto, (max-width: 750px) 100vw, 750px\" \/><figcaption id=\"caption-attachment-84628\" class=\"wp-caption-text\">Uno de los grupo Envi\u00f3n en la presentaci\u00f3n de su proyecto fotogr\u00e1fico<\/figcaption><\/figure>\n<p>Por su parte, los asistentes al programa Autonom\u00eda Joven Mercedes presentaron una nueva edici\u00f3n de la revista cultural barrial \u201cATR\u201d con una edici\u00f3n especial. En tanto, la Secundaria N\u00b0 14 mostr\u00f3 un video centrado en la entrevista realizada a Coca Calbin, la madre del soldado Horacio Balvidares que el a\u00f1o pasado fue reconocido entre los combatientes enterrados en el Cementerio de Darwin como \u201csoldado argentino s\u00f3lo conocido por Dios\u201d.<\/p>\n<p>En el auditorio del Hotel N\u00b0 4 del complejo Chapadmalal, dos grupos m\u00e1s del Programa Envi\u00f3n Tradicional y Comunitario tambi\u00e9n presentaron sus videos con las experiencias trabajadas durante el a\u00f1o. Al igual que la Secundaria N\u00b0 10 y la T\u00e9cnica N\u00b0 1 que titularon sus trabajos con el mismo nombre \u201cLos Marginados\u201d pero que uno enfoc\u00f3 en las historias del Barrio Obrero y el otro generaliz\u00f3 la marginalidad en el pa\u00eds.<\/p>\n<figure id=\"attachment_84627\" aria-describedby=\"caption-attachment-84627\" style=\"width: 740px\" class=\"wp-caption aligncenter\"><img loading=\"lazy\" decoding=\"async\" data-attachment-id=\"84627\" data-permalink=\"https:\/\/www.hoymercedes.com.ar\/principal\/2018\/11\/28\/estudiantes-mercedinos-en-chapa-presentaron-videos-fotografias-una-revista-y-una-instalacion\/28-jovymem-2\/#main\" data-orig-file=\"https:\/\/www.hoymercedes.com.ar\/principal\/wp-content\/uploads\/2018\/11\/28-jovymem-2.jpg\" data-orig-size=\"750,500\" data-comments-opened=\"0\" data-image-meta=\"{&quot;aperture&quot;:&quot;2&quot;,&quot;credit&quot;:&quot;&quot;,&quot;camera&quot;:&quot;Moto G (5S) Plus&quot;,&quot;caption&quot;:&quot;&quot;,&quot;created_timestamp&quot;:&quot;1543188694&quot;,&quot;copyright&quot;:&quot;&quot;,&quot;focal_length&quot;:&quot;3.59&quot;,&quot;iso&quot;:&quot;1143&quot;,&quot;shutter_speed&quot;:&quot;0.05&quot;,&quot;title&quot;:&quot;&quot;,&quot;orientation&quot;:&quot;1&quot;}\" data-image-title=\"28 jovymem 2\" data-image-description=\"\" data-image-caption=\"\" data-large-file=\"https:\/\/www.hoymercedes.com.ar\/principal\/wp-content\/uploads\/2018\/11\/28-jovymem-2.jpg\" class=\"wp-image-84627 size-full\" src=\"https:\/\/www.hoymercedes.com.ar\/principal\/wp-content\/uploads\/2018\/11\/28-jovymem-2.jpg\" alt=\"\" width=\"750\" height=\"500\" srcset=\"https:\/\/www.hoymercedes.com.ar\/principal\/wp-content\/uploads\/2018\/11\/28-jovymem-2.jpg 750w, https:\/\/www.hoymercedes.com.ar\/principal\/wp-content\/uploads\/2018\/11\/28-jovymem-2-150x100.jpg 150w, https:\/\/www.hoymercedes.com.ar\/principal\/wp-content\/uploads\/2018\/11\/28-jovymem-2-630x420.jpg 630w\" sizes=\"auto, (max-width: 750px) 100vw, 750px\" \/><figcaption id=\"caption-attachment-84627\" class=\"wp-caption-text\">Alumnos de la Secundaria N\u00b0 14 presentaron un video sobre el Soldado Balvidares, reconocido su cuerpo en el Proyecto Humanitario en las Islas<\/figcaption><\/figure>\n<p>Por \u00faltimo, tres estudiantes del Profesorado de Lengua y Literatura del ISFDyT N\u00b0 7 presentaron un documental con la vivencia de los profesores y docentes mercedinos durante la dictadura militar en la ciudad con testimonios de Cristina Canatta y Virginia Altube. En ese marco, los futuros docentes contaron la problem\u00e1tica actual del Instituto 7 que en paralelo utilizaban la banca participativa en el HCD de Mercedes e hicieron una campa\u00f1a fotogr\u00e1fica con los participantes del J\u00f3venes y Memoria y un cartel pidiendo que no cierren las carreras sino que se sumen oferta educativa.<\/p>\n<figure id=\"attachment_84629\" aria-describedby=\"caption-attachment-84629\" style=\"width: 740px\" class=\"wp-caption aligncenter\"><img loading=\"lazy\" decoding=\"async\" data-attachment-id=\"84629\" data-permalink=\"https:\/\/www.hoymercedes.com.ar\/principal\/2018\/11\/28\/estudiantes-mercedinos-en-chapa-presentaron-videos-fotografias-una-revista-y-una-instalacion\/28-jovymem-4\/#main\" data-orig-file=\"https:\/\/www.hoymercedes.com.ar\/principal\/wp-content\/uploads\/2018\/11\/28-jovymem-4.jpg\" data-orig-size=\"750,500\" data-comments-opened=\"0\" data-image-meta=\"{&quot;aperture&quot;:&quot;2&quot;,&quot;credit&quot;:&quot;&quot;,&quot;camera&quot;:&quot;Moto G (5S) Plus&quot;,&quot;caption&quot;:&quot;&quot;,&quot;created_timestamp&quot;:&quot;1543250447&quot;,&quot;copyright&quot;:&quot;&quot;,&quot;focal_length&quot;:&quot;3.59&quot;,&quot;iso&quot;:&quot;850&quot;,&quot;shutter_speed&quot;:&quot;0.05&quot;,&quot;title&quot;:&quot;&quot;,&quot;orientation&quot;:&quot;1&quot;}\" data-image-title=\"28 jovymem 4\" data-image-description=\"\" data-image-caption=\"&lt;p&gt;Estudiantes del ISFDyT N\u00b0 7 hicieron campa\u00f1a para que no cierren carreras, sino que sumen m\u00e1s oferta educativa. &lt;\/p&gt;\n\" data-large-file=\"https:\/\/www.hoymercedes.com.ar\/principal\/wp-content\/uploads\/2018\/11\/28-jovymem-4.jpg\" class=\"size-full wp-image-84629\" src=\"https:\/\/www.hoymercedes.com.ar\/principal\/wp-content\/uploads\/2018\/11\/28-jovymem-4.jpg\" alt=\"\" width=\"750\" height=\"500\" srcset=\"https:\/\/www.hoymercedes.com.ar\/principal\/wp-content\/uploads\/2018\/11\/28-jovymem-4.jpg 750w, https:\/\/www.hoymercedes.com.ar\/principal\/wp-content\/uploads\/2018\/11\/28-jovymem-4-150x100.jpg 150w, https:\/\/www.hoymercedes.com.ar\/principal\/wp-content\/uploads\/2018\/11\/28-jovymem-4-630x420.jpg 630w\" sizes=\"auto, (max-width: 750px) 100vw, 750px\" \/><figcaption id=\"caption-attachment-84629\" class=\"wp-caption-text\">Estudiantes del ISFDyT N\u00b0 7 hicieron campa\u00f1a para que no cierren carreras, sino que sumen m\u00e1s oferta educativa.<\/figcaption><\/figure>\n<p>A modo de adelanto, el \u00e1rea de Derechos Humanos del Municipio confirm\u00f3 que el venidero 10 de diciembre, en el marco de las actividades por el D\u00eda de los Derechos Humanos, en la plaza San Mart\u00edn se presentar\u00e1n los trabajos de las instituciones participantes en el J\u00f3venes y Memoria para toda la comunidad de Mercedes.<\/p>\n<figure id=\"attachment_84630\" aria-describedby=\"caption-attachment-84630\" style=\"width: 740px\" class=\"wp-caption aligncenter\"><img loading=\"lazy\" decoding=\"async\" data-attachment-id=\"84630\" data-permalink=\"https:\/\/www.hoymercedes.com.ar\/principal\/2018\/11\/28\/estudiantes-mercedinos-en-chapa-presentaron-videos-fotografias-una-revista-y-una-instalacion\/28-jovymem-5\/#main\" data-orig-file=\"https:\/\/www.hoymercedes.com.ar\/principal\/wp-content\/uploads\/2018\/11\/28-jovymem-5.jpg\" data-orig-size=\"750,500\" data-comments-opened=\"0\" data-image-meta=\"{&quot;aperture&quot;:&quot;2&quot;,&quot;credit&quot;:&quot;&quot;,&quot;camera&quot;:&quot;Moto G (5S) Plus&quot;,&quot;caption&quot;:&quot;&quot;,&quot;created_timestamp&quot;:&quot;1543253217&quot;,&quot;copyright&quot;:&quot;&quot;,&quot;focal_length&quot;:&quot;3.59&quot;,&quot;iso&quot;:&quot;1178&quot;,&quot;shutter_speed&quot;:&quot;0.0625&quot;,&quot;title&quot;:&quot;&quot;,&quot;orientation&quot;:&quot;1&quot;}\" data-image-title=\"28 jovymem 5\" data-image-description=\"\" data-image-caption=\"&lt;p&gt;La Secundaria N\u00b0 10 present\u00f3 la problem\u00e1tica del Barrio Obrero. &lt;\/p&gt;\n\" data-large-file=\"https:\/\/www.hoymercedes.com.ar\/principal\/wp-content\/uploads\/2018\/11\/28-jovymem-5.jpg\" class=\"size-full wp-image-84630\" src=\"https:\/\/www.hoymercedes.com.ar\/principal\/wp-content\/uploads\/2018\/11\/28-jovymem-5.jpg\" alt=\"\" width=\"750\" height=\"500\" srcset=\"https:\/\/www.hoymercedes.com.ar\/principal\/wp-content\/uploads\/2018\/11\/28-jovymem-5.jpg 750w, https:\/\/www.hoymercedes.com.ar\/principal\/wp-content\/uploads\/2018\/11\/28-jovymem-5-150x100.jpg 150w, https:\/\/www.hoymercedes.com.ar\/principal\/wp-content\/uploads\/2018\/11\/28-jovymem-5-630x420.jpg 630w\" sizes=\"auto, (max-width: 750px) 100vw, 750px\" \/><figcaption id=\"caption-attachment-84630\" class=\"wp-caption-text\">La Secundaria N\u00b0 10 present\u00f3 la problem\u00e1tica del Barrio Obrero.<\/figcaption><\/figure>\n<p>&nbsp;<\/p>\n","protected":false},"excerpt":{"rendered":"<p>En la noche del martes volvieron a la ciudad los j\u00f3venes estudiantes de distintas instituciones educativas y programas sociales luego &#8230; <a title=\"Estudiantes mercedinos en Chapa presentaron videos, fotograf\u00edas, una revista y una instalaci\u00f3n\" class=\"read-more\" href=\"https:\/\/www.hoymercedes.com.ar\/principal\/2018\/11\/28\/estudiantes-mercedinos-en-chapa-presentaron-videos-fotografias-una-revista-y-una-instalacion\/\" aria-label=\"Leer m\u00e1s sobre Estudiantes mercedinos en Chapa presentaron videos, fotograf\u00edas, una revista y una instalaci\u00f3n\">Leer m\u00e1s<\/a><\/p>\n","protected":false},"author":1,"featured_media":84628,"comment_status":"closed","ping_status":"open","sticky":false,"template":"","format":"standard","meta":{"_monsterinsights_skip_tracking":false,"_monsterinsights_sitenote_active":false,"_monsterinsights_sitenote_note":"","_monsterinsights_sitenote_category":0,"jetpack_post_was_ever_published":false,"_jetpack_newsletter_access":"","_jetpack_dont_email_post_to_subs":false,"_jetpack_newsletter_tier_id":0,"_jetpack_memberships_contains_paywalled_content":false,"_jetpack_memberships_contains_paid_content":false,"footnotes":"","jetpack_publicize_message":"","jetpack_publicize_feature_enabled":true,"jetpack_social_post_already_shared":true,"jetpack_social_options":{"image_generator_settings":{"template":"highway","default_image_id":0,"font":"","enabled":false},"version":2},"_wpas_customize_per_network":false},"categories":[23],"tags":[47,12216,989,9430,3307,10],"class_list":["post-84625","post","type-post","status-publish","format-standard","has-post-thumbnail","hentry","category-educacion","tag-educacion-2","tag-encuentro-provincial","tag-escuelas","tag-instituto-7","tag-jovenes-y-memoria","tag-mercedes","generate-columns","tablet-grid-50","mobile-grid-100","grid-parent","grid-50"],"jetpack_publicize_connections":[],"jetpack_featured_media_url":"https:\/\/www.hoymercedes.com.ar\/principal\/wp-content\/uploads\/2018\/11\/28-jovymem-3.jpg","wps_subtitle":"J\u00f3venes y Memoria","jetpack_sharing_enabled":true,"_links":{"self":[{"href":"https:\/\/www.hoymercedes.com.ar\/principal\/wp-json\/wp\/v2\/posts\/84625","targetHints":{"allow":["GET"]}}],"collection":[{"href":"https:\/\/www.hoymercedes.com.ar\/principal\/wp-json\/wp\/v2\/posts"}],"about":[{"href":"https:\/\/www.hoymercedes.com.ar\/principal\/wp-json\/wp\/v2\/types\/post"}],"author":[{"embeddable":true,"href":"https:\/\/www.hoymercedes.com.ar\/principal\/wp-json\/wp\/v2\/users\/1"}],"replies":[{"embeddable":true,"href":"https:\/\/www.hoymercedes.com.ar\/principal\/wp-json\/wp\/v2\/comments?post=84625"}],"version-history":[{"count":0,"href":"https:\/\/www.hoymercedes.com.ar\/principal\/wp-json\/wp\/v2\/posts\/84625\/revisions"}],"wp:featuredmedia":[{"embeddable":true,"href":"https:\/\/www.hoymercedes.com.ar\/principal\/wp-json\/wp\/v2\/media\/84628"}],"wp:attachment":[{"href":"https:\/\/www.hoymercedes.com.ar\/principal\/wp-json\/wp\/v2\/media?parent=84625"}],"wp:term":[{"taxonomy":"category","embeddable":true,"href":"https:\/\/www.hoymercedes.com.ar\/principal\/wp-json\/wp\/v2\/categories?post=84625"},{"taxonomy":"post_tag","embeddable":true,"href":"https:\/\/www.hoymercedes.com.ar\/principal\/wp-json\/wp\/v2\/tags?post=84625"}],"curies":[{"name":"wp","href":"https:\/\/api.w.org\/{rel}","templated":true}]}}