{"id":84667,"date":"2018-11-29T16:32:39","date_gmt":"2018-11-29T19:32:39","guid":{"rendered":"http:\/\/www.hoymercedes.com.ar\/principal\/?p=84667"},"modified":"2018-11-29T14:53:50","modified_gmt":"2018-11-29T17:53:50","slug":"maxi-mercedes-cayo-ante-river-plate-y-finalio-noveno-el-certamen-de-febamba","status":"publish","type":"post","link":"https:\/\/www.hoymercedes.com.ar\/principal\/2018\/11\/29\/maxi-mercedes-cayo-ante-river-plate-y-finalio-noveno-el-certamen-de-febamba\/","title":{"rendered":"Maxi Mercedes cay\u00f3 ante River Plate y finali\u00f3 noveno el certamen de Febamba"},"content":{"rendered":"<p><strong>5inicial.com<\/strong> Nada iba a cambiar en las posiciones. Ganara o perdiera, Unitarios, que lleg\u00f3 sin Javier \u00abChendo\u00bb Fern\u00e1ndez y Mat\u00edas \u00abShooter\u00bb Zumpano, sus goleadores, era el noveno, por puntos o por diferencia de gol en el desempate ol\u00edmpico. Ganara o perdiera, el Millo, que cont\u00f3 con un plantel muy largo al ser el \u00faltimo juego de la temporada, se quedaba 11, tambi\u00e9n por puntos o por diferencia de gol en desempate ol\u00edmpico.<\/p>\n<p><img loading=\"lazy\" decoding=\"async\" data-attachment-id=\"84668\" data-permalink=\"https:\/\/www.hoymercedes.com.ar\/principal\/2018\/11\/29\/maxi-mercedes-cayo-ante-river-plate-y-finalio-noveno-el-certamen-de-febamba\/attachment\/0004\/#main\" data-orig-file=\"https:\/\/www.hoymercedes.com.ar\/principal\/wp-content\/uploads\/2018\/11\/0004.jpg\" data-orig-size=\"800,600\" data-comments-opened=\"0\" data-image-meta=\"{&quot;aperture&quot;:&quot;0&quot;,&quot;credit&quot;:&quot;&quot;,&quot;camera&quot;:&quot;&quot;,&quot;caption&quot;:&quot;&quot;,&quot;created_timestamp&quot;:&quot;0&quot;,&quot;copyright&quot;:&quot;&quot;,&quot;focal_length&quot;:&quot;0&quot;,&quot;iso&quot;:&quot;0&quot;,&quot;shutter_speed&quot;:&quot;0&quot;,&quot;title&quot;:&quot;&quot;,&quot;orientation&quot;:&quot;0&quot;}\" data-image-title=\"0004\" data-image-description=\"\" data-image-caption=\"\" data-large-file=\"https:\/\/www.hoymercedes.com.ar\/principal\/wp-content\/uploads\/2018\/11\/0004.jpg\" class=\"aligncenter size-full wp-image-84668\" src=\"https:\/\/www.hoymercedes.com.ar\/principal\/wp-content\/uploads\/2018\/11\/0004.jpg\" alt=\"\" width=\"800\" height=\"600\" srcset=\"https:\/\/www.hoymercedes.com.ar\/principal\/wp-content\/uploads\/2018\/11\/0004.jpg 800w, https:\/\/www.hoymercedes.com.ar\/principal\/wp-content\/uploads\/2018\/11\/0004-150x113.jpg 150w, https:\/\/www.hoymercedes.com.ar\/principal\/wp-content\/uploads\/2018\/11\/0004-630x473.jpg 630w\" sizes=\"auto, (max-width: 800px) 100vw, 800px\" \/><\/p>\n<p>Y se vieron las caras en N\u00fa\u00f1ez, para ponerle el broche final a su temporada. La Banda comenz\u00f3 m\u00e1s fina, y ese 23-13 del primer segmento, con Mart\u00edn Lovecchio (9) y Pablo Cao (8) encendidos, fue determinante para la victoria. Siguieron 30 minutos muy parejos, con una igualdad en 23 en el cierre, cuando los dos se preocupaban m\u00e1s por el aro rival que por el propio. Al fin de cuentas, era lo mismo ganar o perder. Son\u00f3 la chicharra final y se termin\u00f3 2018 para ambos.<\/p>\n<h3>S\u00edntesis<\/h3>\n<p>Unitarios Maxi Mercedes (69): Alberto \u00abNegro\u00bb Arroyo (-), Marcelo Marchetti (11), Marcelo \u00abMi Primero\u00bb Soler (5), Dami\u00e1n \u00abRuso\u00bb Ullmann (18), Sebasti\u00e1n Perazzo (18), Alfredo \u00abPendo\u00bb Testa (2), Nicol\u00e1s \u00abPela\u00bb Sarria (9) y Alejandro Guex (6). DT: V\u00edctor Siri<\/p>\n<p>River Plate Rojo (79): Pablo Cao (8), Fernando Cao (8), Mart\u00edn \u00abPela\u00bb L\u00f3pez Lorenz (2), Diego \u00abColo\u00bb Mierez (10), Mart\u00edn \u00abBlackmachine\u00bb Ju\u00e1rez (5), Alejandro Maniera (19), Mart\u00edn \u00abRuso\u00bb Bocco (4), Mart\u00edn \u00abEnano\u00bb Levin (-), Lisandro Terenzi (5), Nicol\u00e1s \u00abTucu\u00bb Carraz\u00e1n (9) y Mart\u00edn Lovecchio (9).<\/p>\n<p>Cancha: Microestadio de River Plate<\/p>\n<p>Parciales: 13-23 \/ 18-16 (31-39) \/ 15-17 (46-56) \/ 23-23 (69-79)<\/p>\n","protected":false},"excerpt":{"rendered":"<p>5inicial.com Nada iba a cambiar en las posiciones. Ganara o perdiera, Unitarios, que lleg\u00f3 sin Javier \u00abChendo\u00bb Fern\u00e1ndez y Mat\u00edas &#8230; <a title=\"Maxi Mercedes cay\u00f3 ante River Plate y finali\u00f3 noveno el certamen de Febamba\" class=\"read-more\" href=\"https:\/\/www.hoymercedes.com.ar\/principal\/2018\/11\/29\/maxi-mercedes-cayo-ante-river-plate-y-finalio-noveno-el-certamen-de-febamba\/\" aria-label=\"Leer m\u00e1s sobre Maxi Mercedes cay\u00f3 ante River Plate y finali\u00f3 noveno el certamen de Febamba\">Leer m\u00e1s<\/a><\/p>\n","protected":false},"author":1,"featured_media":84668,"comment_status":"closed","ping_status":"open","sticky":false,"template":"","format":"standard","meta":{"_monsterinsights_skip_tracking":false,"_monsterinsights_sitenote_active":false,"_monsterinsights_sitenote_note":"","_monsterinsights_sitenote_category":0,"jetpack_post_was_ever_published":false,"_jetpack_newsletter_access":"","_jetpack_dont_email_post_to_subs":false,"_jetpack_newsletter_tier_id":0,"_jetpack_memberships_contains_paywalled_content":false,"_jetpack_memberships_contains_paid_content":false,"footnotes":"","jetpack_publicize_message":"","jetpack_publicize_feature_enabled":true,"jetpack_social_post_already_shared":true,"jetpack_social_options":{"image_generator_settings":{"template":"highway","default_image_id":0,"font":"","enabled":false},"version":2},"_wpas_customize_per_network":false},"categories":[21],"tags":[204,11159,10806],"class_list":["post-84667","post","type-post","status-publish","format-standard","has-post-thumbnail","hentry","category-deportes","tag-deportes-2","tag-maxi-basquet","tag-maxi-mercedes","generate-columns","tablet-grid-50","mobile-grid-100","grid-parent","grid-50"],"jetpack_publicize_connections":[],"jetpack_featured_media_url":"https:\/\/www.hoymercedes.com.ar\/principal\/wp-content\/uploads\/2018\/11\/0004.jpg","wps_subtitle":"Maxi Basquet","jetpack_sharing_enabled":true,"jetpack-related-posts":[{"id":78513,"url":"https:\/\/www.hoymercedes.com.ar\/principal\/2018\/07\/13\/como-local-maxi-mercedes-vencio-a-gimnasia-de-ituzaingo-y-es-lider-en-primera-b\/","url_meta":{"origin":84667,"position":0},"title":"Como local, Maxi Mercedes venci\u00f3 a Gimnasia de Ituzaing\u00f3 y es l\u00edder en Primera B","author":"hoymercedes","date":"13 julio, 2018","format":false,"excerpt":"5inicial.com La fecha 4 del grupo 2 de la segunda fase del Torneo de Primera B +35 de FeBAMBA tuvo el triunfo de Unitarios Maxi Mercedes sobre Gimnasia y Esgrima de Ituzaing\u00f3 (GEI) por 68-65. Mat\u00edas \"Shooter\" Zumpano (23), en el local, y Gustavo Ratto (16), en el visitante, fueron\u2026","rel":"","context":"En \u00abDeportes\u00bb","block_context":{"text":"Deportes","link":"https:\/\/www.hoymercedes.com.ar\/principal\/category\/deportes\/"},"img":{"alt_text":"","src":"https:\/\/i0.wp.com\/www.hoymercedes.com.ar\/principal\/wp-content\/uploads\/2018\/07\/Maxi-Mercedes-Vs.-GEI.jpg?resize=350%2C200&ssl=1","width":350,"height":200,"srcset":"https:\/\/i0.wp.com\/www.hoymercedes.com.ar\/principal\/wp-content\/uploads\/2018\/07\/Maxi-Mercedes-Vs.-GEI.jpg?resize=350%2C200&ssl=1 1x, https:\/\/i0.wp.com\/www.hoymercedes.com.ar\/principal\/wp-content\/uploads\/2018\/07\/Maxi-Mercedes-Vs.-GEI.jpg?resize=525%2C300&ssl=1 1.5x"},"classes":[]},{"id":13825,"url":"https:\/\/www.hoymercedes.com.ar\/principal\/2012\/06\/19\/culmino-el-torneo-maxi-35-de-basquet\/","url_meta":{"origin":84667,"position":1},"title":"Culmino el Torneo Maxi-35 de Basquet","author":"hoymercedes","date":"19 junio, 2012","format":false,"excerpt":"\u00a0 Finalizo el Torneo Maxi-35 de basquet masculino denominado \u201cBautista Capandegui\u201d, con un gran marco de publico en las instalaciones del polideportivo municipal el Club Los Indios de Moreno se corono campe\u00f3n al derrotar a Quilmes por 47 a 39, y el CEF \u201cVerde\u201d se quedo con el sub-campeonato gan\u00e1ndole\u2026","rel":"","context":"En \u00abDeportes\u00bb","block_context":{"text":"Deportes","link":"https:\/\/www.hoymercedes.com.ar\/principal\/category\/deportes\/"},"img":{"alt_text":"","src":"https:\/\/i0.wp.com\/www.hoymercedes.com.ar\/principal\/wp-content\/uploads\/2012\/06\/Maxi-35-Basquet-2012.jpg?resize=350%2C200","width":350,"height":200,"srcset":"https:\/\/i0.wp.com\/www.hoymercedes.com.ar\/principal\/wp-content\/uploads\/2012\/06\/Maxi-35-Basquet-2012.jpg?resize=350%2C200 1x, https:\/\/i0.wp.com\/www.hoymercedes.com.ar\/principal\/wp-content\/uploads\/2012\/06\/Maxi-35-Basquet-2012.jpg?resize=525%2C300 1.5x"},"classes":[]},{"id":92650,"url":"https:\/\/www.hoymercedes.com.ar\/principal\/2019\/05\/10\/maxi-mercedes-vencio-a-velez-y-sigue-como-lider-en-la-b-de-febamba\/","url_meta":{"origin":84667,"position":2},"title":"Maxi Mercedes venci\u00f3 a V\u00e9lez y sigue como l\u00edder en la B de FeBAMBA","author":"hoymercedes","date":"10 mayo, 2019","format":false,"excerpt":"Cinco Inicial. En condici\u00f3n local Unitarios Maxi Mercedes venci\u00f3 82-64 a V\u00e9lez Sarsfield, por la quinta fecha del grupo B1 de la primera fase del Torneo de Primera B +35 de FeBAMBA. En el ganador Javier \"Chendo\" Fern\u00e1ndez (34) fue la referencia de gol, y lo escoltaron Mat\u00edas Ram\u00edrez (19)\u2026","rel":"","context":"En \u00abDeportes\u00bb","block_context":{"text":"Deportes","link":"https:\/\/www.hoymercedes.com.ar\/principal\/category\/deportes\/"},"img":{"alt_text":"","src":"https:\/\/i0.wp.com\/www.hoymercedes.com.ar\/principal\/wp-content\/uploads\/2019\/05\/Maxi-Mercedes-vs-velez.jpg?resize=350%2C200&ssl=1","width":350,"height":200,"srcset":"https:\/\/i0.wp.com\/www.hoymercedes.com.ar\/principal\/wp-content\/uploads\/2019\/05\/Maxi-Mercedes-vs-velez.jpg?resize=350%2C200&ssl=1 1x, https:\/\/i0.wp.com\/www.hoymercedes.com.ar\/principal\/wp-content\/uploads\/2019\/05\/Maxi-Mercedes-vs-velez.jpg?resize=525%2C300&ssl=1 1.5x, https:\/\/i0.wp.com\/www.hoymercedes.com.ar\/principal\/wp-content\/uploads\/2019\/05\/Maxi-Mercedes-vs-velez.jpg?resize=700%2C400&ssl=1 2x"},"classes":[]},{"id":175034,"url":"https:\/\/www.hoymercedes.com.ar\/principal\/2024\/04\/21\/mira-el-gol-de-la-caida-de-club-mercedes-de-visitante-ante-lamadrid\/","url_meta":{"origin":84667,"position":3},"title":"Mir\u00e1 el gol de la ca\u00edda de Club Mercedes de visitante ante Lamadrid","author":"hoymercedes","date":"21 abril, 2024","format":false,"excerpt":"https:\/\/youtu.be\/kJRIKl_UH8E En una nueva fecha del torneo de Primera C el equipo dirigido por Mane obtuvo su tercera derrota consecutiva. Ven\u00eda de dos encuentros derrotas muy fuertes y ahora, si bien hizo un buen partido por momentos, de penal Lamadrid logr\u00f3 llevarse los 3 puntos. Por la fecha 12, el\u2026","rel":"","context":"En \u00abDeportes\u00bb","block_context":{"text":"Deportes","link":"https:\/\/www.hoymercedes.com.ar\/principal\/category\/deportes\/"},"img":{"alt_text":"En una nueva fecha del torneo de Primera C el equipo dirigido por Mane obtuvo su tercera derrota consecutiva. Ven\u00eda de dos encuentros derrotas muy fuertes y ahora, si bien hizo un buen partido por momentos, de penal Lamadrid logr\u00f3 llevarse los 3 puntos.","src":"https:\/\/i0.wp.com\/www.hoymercedes.com.ar\/principal\/wp-content\/uploads\/2024\/04\/Lamadrid-Mercedes.png?resize=350%2C200&ssl=1","width":350,"height":200,"srcset":"https:\/\/i0.wp.com\/www.hoymercedes.com.ar\/principal\/wp-content\/uploads\/2024\/04\/Lamadrid-Mercedes.png?resize=350%2C200&ssl=1 1x, https:\/\/i0.wp.com\/www.hoymercedes.com.ar\/principal\/wp-content\/uploads\/2024\/04\/Lamadrid-Mercedes.png?resize=525%2C300&ssl=1 1.5x, https:\/\/i0.wp.com\/www.hoymercedes.com.ar\/principal\/wp-content\/uploads\/2024\/04\/Lamadrid-Mercedes.png?resize=700%2C400&ssl=1 2x, https:\/\/i0.wp.com\/www.hoymercedes.com.ar\/principal\/wp-content\/uploads\/2024\/04\/Lamadrid-Mercedes.png?resize=1050%2C600&ssl=1 3x, https:\/\/i0.wp.com\/www.hoymercedes.com.ar\/principal\/wp-content\/uploads\/2024\/04\/Lamadrid-Mercedes.png?resize=1400%2C800&ssl=1 4x"},"classes":[]},{"id":177228,"url":"https:\/\/www.hoymercedes.com.ar\/principal\/2024\/07\/15\/gano-club-mercedes-y-sumo-3-puntos-muy-valiosos-video-del-gol\/","url_meta":{"origin":84667,"position":4},"title":"Gan\u00f3 Club Mercedes y sum\u00f3 3 puntos muy valiosos (Video del gol)","author":"hoymercedes","date":"15 julio, 2024","format":false,"excerpt":"https:\/\/youtu.be\/sw5lBeSMJZo El equipo de nuestra ciudad gan\u00f3 de local en Liga Mercedina. Fue ante Atlas quien estaba en una mejor posici\u00f3n en la tabla, lo cual hace m\u00e1s meritoria la victoria. Ahora Club Mercedes sube al puesto N\u00b015 de la tabla. Los dirigidos por Oscar Mena rompieron la racha ya\u2026","rel":"","context":"En \u00abDeportes\u00bb","block_context":{"text":"Deportes","link":"https:\/\/www.hoymercedes.com.ar\/principal\/category\/deportes\/"},"img":{"alt_text":"Gan\u00f3 Club Mercedes y sum\u00f3 3 puntos muy valiosos","src":"https:\/\/i0.wp.com\/www.hoymercedes.com.ar\/principal\/wp-content\/uploads\/2024\/07\/ClubMerceeds-Atlas.jpg?resize=350%2C200&ssl=1","width":350,"height":200,"srcset":"https:\/\/i0.wp.com\/www.hoymercedes.com.ar\/principal\/wp-content\/uploads\/2024\/07\/ClubMerceeds-Atlas.jpg?resize=350%2C200&ssl=1 1x, https:\/\/i0.wp.com\/www.hoymercedes.com.ar\/principal\/wp-content\/uploads\/2024\/07\/ClubMerceeds-Atlas.jpg?resize=525%2C300&ssl=1 1.5x, https:\/\/i0.wp.com\/www.hoymercedes.com.ar\/principal\/wp-content\/uploads\/2024\/07\/ClubMerceeds-Atlas.jpg?resize=700%2C400&ssl=1 2x, https:\/\/i0.wp.com\/www.hoymercedes.com.ar\/principal\/wp-content\/uploads\/2024\/07\/ClubMerceeds-Atlas.jpg?resize=1050%2C600&ssl=1 3x, https:\/\/i0.wp.com\/www.hoymercedes.com.ar\/principal\/wp-content\/uploads\/2024\/07\/ClubMerceeds-Atlas.jpg?resize=1400%2C800&ssl=1 4x"},"classes":[]},{"id":183578,"url":"https:\/\/www.hoymercedes.com.ar\/principal\/2025\/03\/26\/club-mercedes-cayo-ante-j-j-urquiza-en-la-liga-mercedina-video\/","url_meta":{"origin":84667,"position":5},"title":"Club Mercedes cay\u00f3 ante J.J Urquiza en la Liga Mercedina (Video)","author":"hoymercedes","date":"26 marzo, 2025","format":false,"excerpt":"https:\/\/youtu.be\/GZ1Y9ikG474 Por la fecha 3 del torneo de Primera C el equipo conducido por Mena, Club Mercedes, cay\u00f3 ante J.J Urquiza que se llev\u00f3 de esta manera 3 puntos muy importantes en un torneo que es sumamente dif\u00edcil.\u00a0 Los de nuestra ciudad acumulan 3 tantos en tres partidos disputados. Club\u2026","rel":"","context":"En \u00abDeportes\u00bb","block_context":{"text":"Deportes","link":"https:\/\/www.hoymercedes.com.ar\/principal\/category\/deportes\/"},"img":{"alt_text":"Club Mercedes cay\u00f3 ante J.J Urquiza","src":"https:\/\/i0.wp.com\/www.hoymercedes.com.ar\/principal\/wp-content\/uploads\/2025\/03\/ClubMercedes-J.J.Urquiza.png?resize=350%2C200&ssl=1","width":350,"height":200,"srcset":"https:\/\/i0.wp.com\/www.hoymercedes.com.ar\/principal\/wp-content\/uploads\/2025\/03\/ClubMercedes-J.J.Urquiza.png?resize=350%2C200&ssl=1 1x, https:\/\/i0.wp.com\/www.hoymercedes.com.ar\/principal\/wp-content\/uploads\/2025\/03\/ClubMercedes-J.J.Urquiza.png?resize=525%2C300&ssl=1 1.5x, https:\/\/i0.wp.com\/www.hoymercedes.com.ar\/principal\/wp-content\/uploads\/2025\/03\/ClubMercedes-J.J.Urquiza.png?resize=700%2C400&ssl=1 2x, https:\/\/i0.wp.com\/www.hoymercedes.com.ar\/principal\/wp-content\/uploads\/2025\/03\/ClubMercedes-J.J.Urquiza.png?resize=1050%2C600&ssl=1 3x"},"classes":[]}],"_links":{"self":[{"href":"https:\/\/www.hoymercedes.com.ar\/principal\/wp-json\/wp\/v2\/posts\/84667","targetHints":{"allow":["GET"]}}],"collection":[{"href":"https:\/\/www.hoymercedes.com.ar\/principal\/wp-json\/wp\/v2\/posts"}],"about":[{"href":"https:\/\/www.hoymercedes.com.ar\/principal\/wp-json\/wp\/v2\/types\/post"}],"author":[{"embeddable":true,"href":"https:\/\/www.hoymercedes.com.ar\/principal\/wp-json\/wp\/v2\/users\/1"}],"replies":[{"embeddable":true,"href":"https:\/\/www.hoymercedes.com.ar\/principal\/wp-json\/wp\/v2\/comments?post=84667"}],"version-history":[{"count":0,"href":"https:\/\/www.hoymercedes.com.ar\/principal\/wp-json\/wp\/v2\/posts\/84667\/revisions"}],"wp:featuredmedia":[{"embeddable":true,"href":"https:\/\/www.hoymercedes.com.ar\/principal\/wp-json\/wp\/v2\/media\/84668"}],"wp:attachment":[{"href":"https:\/\/www.hoymercedes.com.ar\/principal\/wp-json\/wp\/v2\/media?parent=84667"}],"wp:term":[{"taxonomy":"category","embeddable":true,"href":"https:\/\/www.hoymercedes.com.ar\/principal\/wp-json\/wp\/v2\/categories?post=84667"},{"taxonomy":"post_tag","embeddable":true,"href":"https:\/\/www.hoymercedes.com.ar\/principal\/wp-json\/wp\/v2\/tags?post=84667"}],"curies":[{"name":"wp","href":"https:\/\/api.w.org\/{rel}","templated":true}]}}