{"id":8467,"date":"2011-10-21T04:35:07","date_gmt":"2011-10-21T04:35:07","guid":{"rendered":"http:\/\/www.hoymercedes.com.ar\/principal\/?p=8467"},"modified":"2011-10-21T04:09:59","modified_gmt":"2011-10-21T04:09:59","slug":"para-cuidar-a-la-militancia-selva-les-pidio-no-salgan","status":"publish","type":"post","link":"https:\/\/www.hoymercedes.com.ar\/principal\/2011\/10\/21\/para-cuidar-a-la-militancia-selva-les-pidio-no-salgan\/","title":{"rendered":"Para cuidar a la militancia Selva les pidi\u00f3 no salgan"},"content":{"rendered":"<p>La \u00faltima noche de acci\u00f3n para los militantes era la pasada, pero, ante el movimiento de personas no conocidas, los rumores de armas, las cuadrillas for\u00e1neas Selva inst\u00f3 a los j\u00f3venes a no salir a efectuar nada vinculado al \u00faltimo suspiro de la campa\u00f1a.<\/p>\n<p>En el Parque Municipal, donde estaban comiendo como encuentro final, los j\u00f3venes se encontraron con la presencia del Intendente que se acerc\u00f3 para pedirles que no salieran con el objetivo de evitar todo tipo de conflicto, suspicacia o encuentro innecesario con qui\u00e9n sabe qu\u00e9.<\/p>\n<p>Otros grupos, seg\u00fan se pudo saber, tambi\u00e9n habr\u00edan acompa\u00f1ado tal medida y evitaron salir a la calle en la que es la noche con m\u00e1s adrenalina que hay que se encontr\u00f3 con la sorpresa de cuadrillas extra\u00f1as.<\/p>\n<p>Dirigentes pol\u00edticos de otros partidos habr\u00edan pedido lo mismo a sus j\u00f3venes y militantes dado que la cadena de avisos se hizo extensa m\u00e1s all\u00e1 de las agrupaciones m\u00e1s populosas con que cuenta Mercedes.<\/p>\n<p>De esta manera los integrantes de 17 de octubre no sal\u00edan a la calle a pedido de Selva.<\/p>\n","protected":false},"excerpt":{"rendered":"<p>La \u00faltima noche de acci\u00f3n para los militantes era la pasada, pero, ante el movimiento de personas no conocidas, los &#8230; <a title=\"Para cuidar a la militancia Selva les pidi\u00f3 no salgan\" class=\"read-more\" href=\"https:\/\/www.hoymercedes.com.ar\/principal\/2011\/10\/21\/para-cuidar-a-la-militancia-selva-les-pidio-no-salgan\/\" aria-label=\"Leer m\u00e1s sobre Para cuidar a la militancia Selva les pidi\u00f3 no salgan\">Leer m\u00e1s<\/a><\/p>\n","protected":false},"author":1,"featured_media":0,"comment_status":"open","ping_status":"open","sticky":false,"template":"","format":"standard","meta":{"_monsterinsights_skip_tracking":false,"_monsterinsights_sitenote_active":false,"_monsterinsights_sitenote_note":"","_monsterinsights_sitenote_category":0,"jetpack_post_was_ever_published":false,"_jetpack_newsletter_access":"","_jetpack_dont_email_post_to_subs":false,"_jetpack_newsletter_tier_id":0,"_jetpack_memberships_contains_paywalled_content":false,"_jetpack_memberships_contains_paid_content":false,"footnotes":"","jetpack_publicize_message":"","jetpack_publicize_feature_enabled":true,"jetpack_social_post_already_shared":false,"jetpack_social_options":{"image_generator_settings":{"template":"highway","default_image_id":0,"font":"","enabled":false},"version":2},"_wpas_customize_per_network":false},"categories":[5],"tags":[],"class_list":["post-8467","post","type-post","status-publish","format-standard","hentry","category-politica","generate-columns","tablet-grid-50","mobile-grid-100","grid-parent","grid-50"],"jetpack_publicize_connections":[],"jetpack_featured_media_url":"","wps_subtitle":"","jetpack_sharing_enabled":true,"_links":{"self":[{"href":"https:\/\/www.hoymercedes.com.ar\/principal\/wp-json\/wp\/v2\/posts\/8467","targetHints":{"allow":["GET"]}}],"collection":[{"href":"https:\/\/www.hoymercedes.com.ar\/principal\/wp-json\/wp\/v2\/posts"}],"about":[{"href":"https:\/\/www.hoymercedes.com.ar\/principal\/wp-json\/wp\/v2\/types\/post"}],"author":[{"embeddable":true,"href":"https:\/\/www.hoymercedes.com.ar\/principal\/wp-json\/wp\/v2\/users\/1"}],"replies":[{"embeddable":true,"href":"https:\/\/www.hoymercedes.com.ar\/principal\/wp-json\/wp\/v2\/comments?post=8467"}],"version-history":[{"count":0,"href":"https:\/\/www.hoymercedes.com.ar\/principal\/wp-json\/wp\/v2\/posts\/8467\/revisions"}],"wp:attachment":[{"href":"https:\/\/www.hoymercedes.com.ar\/principal\/wp-json\/wp\/v2\/media?parent=8467"}],"wp:term":[{"taxonomy":"category","embeddable":true,"href":"https:\/\/www.hoymercedes.com.ar\/principal\/wp-json\/wp\/v2\/categories?post=8467"},{"taxonomy":"post_tag","embeddable":true,"href":"https:\/\/www.hoymercedes.com.ar\/principal\/wp-json\/wp\/v2\/tags?post=8467"}],"curies":[{"name":"wp","href":"https:\/\/api.w.org\/{rel}","templated":true}]}}