{"id":84670,"date":"2018-11-29T18:36:45","date_gmt":"2018-11-29T21:36:45","guid":{"rendered":"http:\/\/www.hoymercedes.com.ar\/principal\/?p=84670"},"modified":"2018-11-29T14:52:35","modified_gmt":"2018-11-29T17:52:35","slug":"continuan-las-atenciones-sanitarias-a-nenes-y-nenas-que-realizan-deporte","status":"publish","type":"post","link":"https:\/\/www.hoymercedes.com.ar\/principal\/2018\/11\/29\/continuan-las-atenciones-sanitarias-a-nenes-y-nenas-que-realizan-deporte\/","title":{"rendered":"Contin\u00faan las atenciones sanitarias a nenes y nenas que realizan deporte"},"content":{"rendered":"<p class=\"x_MsoNormal\">Cada vez m\u00e1s nenes y nenas que realizan deportes son cuidados y controlados sanitariamente por la Municipalidad. La medida que tiempo atr\u00e1s anunci\u00f3 el jefe comunal Dr. Juan Ignacio Ustarroz contin\u00faa siendo parte de la agenda de la ciudad. Ya ha pasado por varios clubes y esta semana se trabaj\u00f3 con San Mart\u00edn divisi\u00f3n mujeres y Comunicaciones. \u201cPara nosotros el deporte es algo fundamental en la vida de los mercedinos, porque incluye, socializa, protege y de la mano va el cuidado de la salud. Por eso estamos muy orgullosos de estas medidas que se implementan desde nuestra Secretar\u00eda de Salud\u201d sostuvo el intendente Juan Ignacio Ustarroz.<\/p>\n<p><img loading=\"lazy\" decoding=\"async\" data-attachment-id=\"84671\" data-permalink=\"https:\/\/www.hoymercedes.com.ar\/principal\/2018\/11\/29\/continuan-las-atenciones-sanitarias-a-nenes-y-nenas-que-realizan-deporte\/club2\/#main\" data-orig-file=\"https:\/\/www.hoymercedes.com.ar\/principal\/wp-content\/uploads\/2018\/11\/club2.jpeg\" data-orig-size=\"1096,1280\" data-comments-opened=\"0\" data-image-meta=\"{&quot;aperture&quot;:&quot;0&quot;,&quot;credit&quot;:&quot;&quot;,&quot;camera&quot;:&quot;&quot;,&quot;caption&quot;:&quot;&quot;,&quot;created_timestamp&quot;:&quot;0&quot;,&quot;copyright&quot;:&quot;&quot;,&quot;focal_length&quot;:&quot;0&quot;,&quot;iso&quot;:&quot;0&quot;,&quot;shutter_speed&quot;:&quot;0&quot;,&quot;title&quot;:&quot;&quot;,&quot;orientation&quot;:&quot;0&quot;}\" data-image-title=\"club2\" data-image-description=\"\" data-image-caption=\"\" data-large-file=\"https:\/\/www.hoymercedes.com.ar\/principal\/wp-content\/uploads\/2018\/11\/club2-877x1024.jpeg\" class=\"aligncenter size-full wp-image-84671\" src=\"https:\/\/www.hoymercedes.com.ar\/principal\/wp-content\/uploads\/2018\/11\/club2.jpeg\" alt=\"\" width=\"1096\" height=\"1280\" srcset=\"https:\/\/www.hoymercedes.com.ar\/principal\/wp-content\/uploads\/2018\/11\/club2.jpeg 1096w, https:\/\/www.hoymercedes.com.ar\/principal\/wp-content\/uploads\/2018\/11\/club2-128x150.jpeg 128w, https:\/\/www.hoymercedes.com.ar\/principal\/wp-content\/uploads\/2018\/11\/club2-531x620.jpeg 531w, https:\/\/www.hoymercedes.com.ar\/principal\/wp-content\/uploads\/2018\/11\/club2-877x1024.jpeg 877w\" sizes=\"auto, (max-width: 1096px) 100vw, 1096px\" \/><\/p>\n<p class=\"x_MsoNormal\">Desde la secretaria de salud, en el marco de la Atenci\u00f3n Primaria, siguen los controles\u00a0 a deportistas.\u201d Desde municipio se busca garantizar el bienestar de los jugadores\u00a0 y jugadoras de f\u00fatbol con el programa ProSaDeM\u201d cont\u00f3 el secretario del \u00e1rea Pablo Cassiani<\/p>\n<p class=\"x_MsoNormal\">\u201cEl mismo cuenta con controles integrales de la salud, se realizan electrocardiogramas, controles cl\u00ednicos,\u00a0 salud bucal y evaluaci\u00f3n antropom\u00e9tricas (peso, talla,\u00a0 t\/a y agudeza visual)\u201d detall\u00f3 el funcionario.<\/p>\n<p><img loading=\"lazy\" decoding=\"async\" data-attachment-id=\"84672\" data-permalink=\"https:\/\/www.hoymercedes.com.ar\/principal\/2018\/11\/29\/continuan-las-atenciones-sanitarias-a-nenes-y-nenas-que-realizan-deporte\/club1\/#main\" data-orig-file=\"https:\/\/www.hoymercedes.com.ar\/principal\/wp-content\/uploads\/2018\/11\/club1.jpeg\" data-orig-size=\"780,1040\" data-comments-opened=\"0\" data-image-meta=\"{&quot;aperture&quot;:&quot;0&quot;,&quot;credit&quot;:&quot;&quot;,&quot;camera&quot;:&quot;&quot;,&quot;caption&quot;:&quot;&quot;,&quot;created_timestamp&quot;:&quot;0&quot;,&quot;copyright&quot;:&quot;&quot;,&quot;focal_length&quot;:&quot;0&quot;,&quot;iso&quot;:&quot;0&quot;,&quot;shutter_speed&quot;:&quot;0&quot;,&quot;title&quot;:&quot;&quot;,&quot;orientation&quot;:&quot;0&quot;}\" data-image-title=\"club1\" data-image-description=\"\" data-image-caption=\"\" data-large-file=\"https:\/\/www.hoymercedes.com.ar\/principal\/wp-content\/uploads\/2018\/11\/club1-768x1024.jpeg\" class=\"aligncenter size-full wp-image-84672\" src=\"https:\/\/www.hoymercedes.com.ar\/principal\/wp-content\/uploads\/2018\/11\/club1.jpeg\" alt=\"\" width=\"780\" height=\"1040\" srcset=\"https:\/\/www.hoymercedes.com.ar\/principal\/wp-content\/uploads\/2018\/11\/club1.jpeg 780w, https:\/\/www.hoymercedes.com.ar\/principal\/wp-content\/uploads\/2018\/11\/club1-113x150.jpeg 113w, https:\/\/www.hoymercedes.com.ar\/principal\/wp-content\/uploads\/2018\/11\/club1-465x620.jpeg 465w, https:\/\/www.hoymercedes.com.ar\/principal\/wp-content\/uploads\/2018\/11\/club1-768x1024.jpeg 768w\" sizes=\"auto, (max-width: 780px) 100vw, 780px\" \/><\/p>\n<p class=\"x_MsoNormal\">Cada una de las visitas se hace con un nutrido equipo de profesionales donde adem\u00e1s articulan con las actuales campa\u00f1as de vacunaci\u00f3n ejecutadas por la comuna.<\/p>\n","protected":false},"excerpt":{"rendered":"<p>Cada vez m\u00e1s nenes y nenas que realizan deportes son cuidados y controlados sanitariamente por la Municipalidad. La medida que &#8230; <a title=\"Contin\u00faan las atenciones sanitarias a nenes y nenas que realizan deporte\" class=\"read-more\" href=\"https:\/\/www.hoymercedes.com.ar\/principal\/2018\/11\/29\/continuan-las-atenciones-sanitarias-a-nenes-y-nenas-que-realizan-deporte\/\" aria-label=\"Leer m\u00e1s sobre Contin\u00faan las atenciones sanitarias a nenes y nenas que realizan deporte\">Leer m\u00e1s<\/a><\/p>\n","protected":false},"author":1,"featured_media":84671,"comment_status":"closed","ping_status":"open","sticky":false,"template":"","format":"standard","meta":{"_monsterinsights_skip_tracking":false,"_monsterinsights_sitenote_active":false,"_monsterinsights_sitenote_note":"","_monsterinsights_sitenote_category":0,"jetpack_post_was_ever_published":false,"_jetpack_newsletter_access":"","_jetpack_dont_email_post_to_subs":false,"_jetpack_newsletter_tier_id":0,"_jetpack_memberships_contains_paywalled_content":false,"_jetpack_memberships_contains_paid_content":false,"footnotes":"","jetpack_publicize_message":"","jetpack_publicize_feature_enabled":true,"jetpack_social_post_already_shared":true,"jetpack_social_options":{"image_generator_settings":{"template":"highway","default_image_id":0,"font":"","enabled":false},"version":2},"_wpas_customize_per_network":false},"categories":[21],"tags":[11975,204,134],"class_list":["post-84670","post","type-post","status-publish","format-standard","has-post-thumbnail","hentry","category-deportes","tag-atencion-medica","tag-deportes-2","tag-salud","generate-columns","tablet-grid-50","mobile-grid-100","grid-parent","grid-50"],"jetpack_publicize_connections":[],"jetpack_featured_media_url":"https:\/\/www.hoymercedes.com.ar\/principal\/wp-content\/uploads\/2018\/11\/club2.jpeg","wps_subtitle":"","jetpack_sharing_enabled":true,"jetpack-related-posts":[{"id":80288,"url":"https:\/\/www.hoymercedes.com.ar\/principal\/2018\/08\/25\/gran-cantidad-de-nenes-y-nenas-en-la-celebracion-del-dia-nino\/","url_meta":{"origin":84670,"position":0},"title":"Gran cantidad de nenes y nenas en la celebraci\u00f3n del d\u00eda ni\u00f1o","author":"hoymercedes","date":"25 agosto, 2018","format":false,"excerpt":"\u00a0 Miles de nenes y nenas con sus familias fueron parte de la celebraci\u00f3n del d\u00eda del ni\u00f1o organizado por la Municipalidad de Mercedes en un repleto predio del ex Mart\u00edn Rodr\u00edguez. Hubo gran cantidad de sorteos. Kermesse, circo, inflables, deporte y mucho m\u00e1s. En la sonrisa de los ni\u00f1os\u2026","rel":"","context":"En \u00abMunicipio\u00bb","block_context":{"text":"Municipio","link":"https:\/\/www.hoymercedes.com.ar\/principal\/category\/municipio\/"},"img":{"alt_text":"","src":"https:\/\/i0.wp.com\/www.hoymercedes.com.ar\/principal\/wp-content\/uploads\/2018\/08\/diani%C3%B1o003.jpg?resize=350%2C200&ssl=1","width":350,"height":200,"srcset":"https:\/\/i0.wp.com\/www.hoymercedes.com.ar\/principal\/wp-content\/uploads\/2018\/08\/diani%C3%B1o003.jpg?resize=350%2C200&ssl=1 1x, https:\/\/i0.wp.com\/www.hoymercedes.com.ar\/principal\/wp-content\/uploads\/2018\/08\/diani%C3%B1o003.jpg?resize=525%2C300&ssl=1 1.5x, https:\/\/i0.wp.com\/www.hoymercedes.com.ar\/principal\/wp-content\/uploads\/2018\/08\/diani%C3%B1o003.jpg?resize=700%2C400&ssl=1 2x"},"classes":[]},{"id":82665,"url":"https:\/\/www.hoymercedes.com.ar\/principal\/2018\/10\/17\/la-bandera-nos-une-junto-a-cientos-de-nenes-y-nenas-de-nuestra-ciudad\/","url_meta":{"origin":84670,"position":1},"title":"\u201cLa Bandera nos Une\u201d junt\u00f3 a cientos de nenes y nenas de nuestra ciudad","author":"hoymercedes","date":"17 octubre, 2018","format":false,"excerpt":"Por segundo a\u00f1o consecutivo se est\u00e1 realizando, en el predio del Ex Mart\u00edn Rodr\u00edguez, el proyecto \u201cLa Bandera Nos Une\u201d. Esta iniciativa lo que busca es generar una mancomuni\u00f3n entre los chicos de las diferentes instituciones educativas. \u201cEl objetivo es que m\u00e1s all\u00e1 de la diversidad de colores que tienen\u2026","rel":"","context":"En \u00abMunicipio\u00bb","block_context":{"text":"Municipio","link":"https:\/\/www.hoymercedes.com.ar\/principal\/category\/municipio\/"},"img":{"alt_text":"","src":"https:\/\/i0.wp.com\/www.hoymercedes.com.ar\/principal\/wp-content\/uploads\/2018\/10\/01.jpg?resize=350%2C200&ssl=1","width":350,"height":200,"srcset":"https:\/\/i0.wp.com\/www.hoymercedes.com.ar\/principal\/wp-content\/uploads\/2018\/10\/01.jpg?resize=350%2C200&ssl=1 1x, https:\/\/i0.wp.com\/www.hoymercedes.com.ar\/principal\/wp-content\/uploads\/2018\/10\/01.jpg?resize=525%2C300&ssl=1 1.5x, https:\/\/i0.wp.com\/www.hoymercedes.com.ar\/principal\/wp-content\/uploads\/2018\/10\/01.jpg?resize=700%2C400&ssl=1 2x"},"classes":[]},{"id":89806,"url":"https:\/\/www.hoymercedes.com.ar\/principal\/2019\/03\/20\/suman-electrocardiograma-al-caps-blandengues\/","url_meta":{"origin":84670,"position":2},"title":"Suman electrocardiograma al CAPS Blandengues","author":"hoymercedes","date":"20 marzo, 2019","format":false,"excerpt":"El Municipio de Mercedes a trav\u00e9s de la Secretar\u00eda de Salud, entreg\u00f3 en el Centro de Atenci\u00f3n Primaria del barrio Blandengues, un equipo de electrocardiograf\u00edas y uniformes a todo el equipo de profesionales. La contribuci\u00f3n va en consonancia con el programa ProSaDeM (Programa de sanidad en el deporte municipal). En\u2026","rel":"","context":"En \u00abMunicipio\u00bb","block_context":{"text":"Municipio","link":"https:\/\/www.hoymercedes.com.ar\/principal\/category\/municipio\/"},"img":{"alt_text":"","src":"https:\/\/i0.wp.com\/www.hoymercedes.com.ar\/principal\/wp-content\/uploads\/2019\/03\/21-Blandenguez-Entrega.jpg?resize=350%2C200&ssl=1","width":350,"height":200,"srcset":"https:\/\/i0.wp.com\/www.hoymercedes.com.ar\/principal\/wp-content\/uploads\/2019\/03\/21-Blandenguez-Entrega.jpg?resize=350%2C200&ssl=1 1x, https:\/\/i0.wp.com\/www.hoymercedes.com.ar\/principal\/wp-content\/uploads\/2019\/03\/21-Blandenguez-Entrega.jpg?resize=525%2C300&ssl=1 1.5x, https:\/\/i0.wp.com\/www.hoymercedes.com.ar\/principal\/wp-content\/uploads\/2019\/03\/21-Blandenguez-Entrega.jpg?resize=700%2C400&ssl=1 2x"},"classes":[]},{"id":82561,"url":"https:\/\/www.hoymercedes.com.ar\/principal\/2018\/10\/17\/municipio-realiza-un-nuevo-aporte-al-softbol-local\/","url_meta":{"origin":84670,"position":3},"title":"Municipio realiza un nuevo aporte al Softbol local","author":"hoymercedes","date":"17 octubre, 2018","format":false,"excerpt":"El intendente Ustarroz particip\u00f3 de un nuevo apoyo e impulso al deporte de nuestra ciudad. En esta ocasi\u00f3n a trav\u00e9s de la Escuela Municipal de\u00a0s\u00f3ftbol\u00a0que desempe\u00f1a actividades en la recientemente construida, y \u00fanica en la regi\u00f3n, cancha de la mencionada disciplina. \u201cLa idea es que puedan venir, disfrutar, juntarse, unir\u2026","rel":"","context":"En \u00abDeportes\u00bb","block_context":{"text":"Deportes","link":"https:\/\/www.hoymercedes.com.ar\/principal\/category\/deportes\/"},"img":{"alt_text":"","src":"https:\/\/i0.wp.com\/www.hoymercedes.com.ar\/principal\/wp-content\/uploads\/2018\/10\/sotball.1.jpg?resize=350%2C200&ssl=1","width":350,"height":200,"srcset":"https:\/\/i0.wp.com\/www.hoymercedes.com.ar\/principal\/wp-content\/uploads\/2018\/10\/sotball.1.jpg?resize=350%2C200&ssl=1 1x, https:\/\/i0.wp.com\/www.hoymercedes.com.ar\/principal\/wp-content\/uploads\/2018\/10\/sotball.1.jpg?resize=525%2C300&ssl=1 1.5x, https:\/\/i0.wp.com\/www.hoymercedes.com.ar\/principal\/wp-content\/uploads\/2018\/10\/sotball.1.jpg?resize=700%2C400&ssl=1 2x"},"classes":[]},{"id":79089,"url":"https:\/\/www.hoymercedes.com.ar\/principal\/2018\/07\/27\/cocina-saludable-compartio-almuerzo-con-nenes-y-nenas-de-vacaciones\/","url_meta":{"origin":84670,"position":4},"title":"Cocina Saludable comparti\u00f3 almuerzo con nenes y nenas de vacaciones","author":"hoymercedes","date":"27 julio, 2018","format":false,"excerpt":"La Secretar\u00eda de Desarrollo Social Municipal, a trav\u00e9s del programa Cocina Saludable, instal\u00f3 un puesto de de alimentaci\u00f3n saludable a la salida del circo que est\u00e1 en el predio de La Trocha. All\u00ed se entregaron \u201cbrownies\u201d y \u201chamburguesas\u201d de lentejas, caseras. El Jefe Comunal Juan Ignacio Ustarroz acompa\u00f1\u00f3 la idea\u2026","rel":"","context":"En \u00abMunicipio\u00bb","block_context":{"text":"Municipio","link":"https:\/\/www.hoymercedes.com.ar\/principal\/category\/municipio\/"},"img":{"alt_text":"","src":"https:\/\/i0.wp.com\/www.hoymercedes.com.ar\/principal\/wp-content\/uploads\/2018\/07\/27-trocha-saludable.jpeg?resize=350%2C200&ssl=1","width":350,"height":200,"srcset":"https:\/\/i0.wp.com\/www.hoymercedes.com.ar\/principal\/wp-content\/uploads\/2018\/07\/27-trocha-saludable.jpeg?resize=350%2C200&ssl=1 1x, https:\/\/i0.wp.com\/www.hoymercedes.com.ar\/principal\/wp-content\/uploads\/2018\/07\/27-trocha-saludable.jpeg?resize=525%2C300&ssl=1 1.5x, https:\/\/i0.wp.com\/www.hoymercedes.com.ar\/principal\/wp-content\/uploads\/2018\/07\/27-trocha-saludable.jpeg?resize=700%2C400&ssl=1 2x"},"classes":[]},{"id":89211,"url":"https:\/\/www.hoymercedes.com.ar\/principal\/2019\/03\/09\/municipio-continua-trabajando-en-salud-y-deportes\/","url_meta":{"origin":84670,"position":5},"title":"Municipio contin\u00faa trabajando en salud y deportes","author":"hoymercedes","date":"9 marzo, 2019","format":false,"excerpt":"Una nueva acci\u00f3n inter institucional se llev\u00f3 a cabo entre los clubes reunidos en la Liga Mercedina y la Secretar\u00eda de Salud. En este caso en el marco del programa que permite efectuar controles sanitarios a los deportistas. La coordinadora del PROSADEM, Lic Ana Clara Scovenna, se reuni\u00f3n con representantes\u2026","rel":"","context":"En \u00abMunicipio\u00bb","block_context":{"text":"Municipio","link":"https:\/\/www.hoymercedes.com.ar\/principal\/category\/municipio\/"},"img":{"alt_text":"","src":"https:\/\/i0.wp.com\/www.hoymercedes.com.ar\/principal\/wp-content\/uploads\/2019\/03\/IMG-20190307-WA0191.jpg?resize=350%2C200&ssl=1","width":350,"height":200,"srcset":"https:\/\/i0.wp.com\/www.hoymercedes.com.ar\/principal\/wp-content\/uploads\/2019\/03\/IMG-20190307-WA0191.jpg?resize=350%2C200&ssl=1 1x, https:\/\/i0.wp.com\/www.hoymercedes.com.ar\/principal\/wp-content\/uploads\/2019\/03\/IMG-20190307-WA0191.jpg?resize=525%2C300&ssl=1 1.5x, https:\/\/i0.wp.com\/www.hoymercedes.com.ar\/principal\/wp-content\/uploads\/2019\/03\/IMG-20190307-WA0191.jpg?resize=700%2C400&ssl=1 2x, https:\/\/i0.wp.com\/www.hoymercedes.com.ar\/principal\/wp-content\/uploads\/2019\/03\/IMG-20190307-WA0191.jpg?resize=1050%2C600&ssl=1 3x"},"classes":[]}],"_links":{"self":[{"href":"https:\/\/www.hoymercedes.com.ar\/principal\/wp-json\/wp\/v2\/posts\/84670","targetHints":{"allow":["GET"]}}],"collection":[{"href":"https:\/\/www.hoymercedes.com.ar\/principal\/wp-json\/wp\/v2\/posts"}],"about":[{"href":"https:\/\/www.hoymercedes.com.ar\/principal\/wp-json\/wp\/v2\/types\/post"}],"author":[{"embeddable":true,"href":"https:\/\/www.hoymercedes.com.ar\/principal\/wp-json\/wp\/v2\/users\/1"}],"replies":[{"embeddable":true,"href":"https:\/\/www.hoymercedes.com.ar\/principal\/wp-json\/wp\/v2\/comments?post=84670"}],"version-history":[{"count":0,"href":"https:\/\/www.hoymercedes.com.ar\/principal\/wp-json\/wp\/v2\/posts\/84670\/revisions"}],"wp:featuredmedia":[{"embeddable":true,"href":"https:\/\/www.hoymercedes.com.ar\/principal\/wp-json\/wp\/v2\/media\/84671"}],"wp:attachment":[{"href":"https:\/\/www.hoymercedes.com.ar\/principal\/wp-json\/wp\/v2\/media?parent=84670"}],"wp:term":[{"taxonomy":"category","embeddable":true,"href":"https:\/\/www.hoymercedes.com.ar\/principal\/wp-json\/wp\/v2\/categories?post=84670"},{"taxonomy":"post_tag","embeddable":true,"href":"https:\/\/www.hoymercedes.com.ar\/principal\/wp-json\/wp\/v2\/tags?post=84670"}],"curies":[{"name":"wp","href":"https:\/\/api.w.org\/{rel}","templated":true}]}}