{"id":84676,"date":"2018-11-29T10:59:39","date_gmt":"2018-11-29T13:59:39","guid":{"rendered":"http:\/\/www.hoymercedes.com.ar\/principal\/?p=84676"},"modified":"2018-11-29T15:07:42","modified_gmt":"2018-11-29T18:07:42","slug":"avanzan-en-las-mejoras-del-campo-de-entrenamiento-de-los-bomberos","status":"publish","type":"post","link":"https:\/\/www.hoymercedes.com.ar\/principal\/2018\/11\/29\/avanzan-en-las-mejoras-del-campo-de-entrenamiento-de-los-bomberos\/","title":{"rendered":"Avanzan en las mejoras del campo de entrenamiento de los Bomberos"},"content":{"rendered":"<p>El Municipio junto a los Bomberos Voluntarios de Mercedes est\u00e1n haciendo mejoras y mantenimiento en el predio de entrenamiento que el cuerpo tiene al lado del Parque Municipal.\u00a0Las tareas incluyen desmalezamiento, pintura y mejoras estructurales.<\/p>\n<p>El Jefe de Cuerpo Activo Ismael Alfredo Gutierrez explic\u00f3 que el campo de entrenamiento lo tienen en comodato desde hace aproximadamente 25 a\u00f1os. \u00abLos primeros a\u00f1os, cuando se nos cedi\u00f3 el terreno, esto era un basural, pero con el trabajo de muchos bomberos se realiz\u00f3 una limpieza parecida a la hecha ahora\u201d y agreg\u00f3 \u201clo que fuimos haciendo es armar los diferentes proyectos que se utilizan para practicar distintos tipos de rescate y trabajos de incendio\u201d.<\/p>\n<p>\u201cEn estos \u00faltimos a\u00f1os, debido a los trabajos que se fueron sumando en el cuartel, se nos hizo imposible mantenerlo, por ese motivo, le pedimos ayuda al intendente municipal Ustarroz. Fue as\u00ed como, de esa manera, el personal municipal -de forma muy eficiente- realiz\u00f3 un excelente trabajo limpiando y pintando los proyectos\u201d subray\u00f3 el jefe de cuerpo.<\/p>\n<p>Por su parte, el presidente de la Cooperadora de los Bomberos Voluntarios de nuestra ciudad, Pedro Di Cecco dijo \u201cestamos muy contentos de haber podido lograr esto, que a trav\u00e9s del se\u00f1or intendente Ustarroz y de la fenomenal labor de los trabajadores municipales, se puede tener este predio, en pocos d\u00edas, en un estado inmejorable\u201d.<\/p>\n<p>&nbsp;<\/p>\n","protected":false},"excerpt":{"rendered":"<p>El Municipio junto a los Bomberos Voluntarios de Mercedes est\u00e1n haciendo mejoras y mantenimiento en el predio de entrenamiento que &#8230; <a title=\"Avanzan en las mejoras del campo de entrenamiento de los Bomberos\" class=\"read-more\" href=\"https:\/\/www.hoymercedes.com.ar\/principal\/2018\/11\/29\/avanzan-en-las-mejoras-del-campo-de-entrenamiento-de-los-bomberos\/\" aria-label=\"Leer m\u00e1s sobre Avanzan en las mejoras del campo de entrenamiento de los Bomberos\">Leer m\u00e1s<\/a><\/p>\n","protected":false},"author":1,"featured_media":84677,"comment_status":"closed","ping_status":"open","sticky":false,"template":"","format":"standard","meta":{"_monsterinsights_skip_tracking":false,"_monsterinsights_sitenote_active":false,"_monsterinsights_sitenote_note":"","_monsterinsights_sitenote_category":0,"jetpack_post_was_ever_published":false,"_jetpack_newsletter_access":"","_jetpack_dont_email_post_to_subs":false,"_jetpack_newsletter_tier_id":0,"_jetpack_memberships_contains_paywalled_content":false,"_jetpack_memberships_contains_paid_content":false,"footnotes":"","jetpack_publicize_message":"Avanzan en las mejoras del campo de entrenamiento de los Bomberos","jetpack_publicize_feature_enabled":true,"jetpack_social_post_already_shared":true,"jetpack_social_options":{"image_generator_settings":{"template":"highway","default_image_id":0,"font":"","enabled":false},"version":2},"_wpas_customize_per_network":false},"categories":[30],"tags":[865,14124,244],"class_list":["post-84676","post","type-post","status-publish","format-standard","has-post-thumbnail","hentry","category-municipio","tag-bomberos-voluntarios","tag-campo-de-entrenamiento","tag-municipio-2","generate-columns","tablet-grid-50","mobile-grid-100","grid-parent","grid-50"],"jetpack_publicize_connections":[],"jetpack_featured_media_url":"https:\/\/www.hoymercedes.com.ar\/principal\/wp-content\/uploads\/2018\/11\/29-bomberos-muni.jpg","wps_subtitle":"Con aportes municipales","jetpack_sharing_enabled":true,"_links":{"self":[{"href":"https:\/\/www.hoymercedes.com.ar\/principal\/wp-json\/wp\/v2\/posts\/84676","targetHints":{"allow":["GET"]}}],"collection":[{"href":"https:\/\/www.hoymercedes.com.ar\/principal\/wp-json\/wp\/v2\/posts"}],"about":[{"href":"https:\/\/www.hoymercedes.com.ar\/principal\/wp-json\/wp\/v2\/types\/post"}],"author":[{"embeddable":true,"href":"https:\/\/www.hoymercedes.com.ar\/principal\/wp-json\/wp\/v2\/users\/1"}],"replies":[{"embeddable":true,"href":"https:\/\/www.hoymercedes.com.ar\/principal\/wp-json\/wp\/v2\/comments?post=84676"}],"version-history":[{"count":0,"href":"https:\/\/www.hoymercedes.com.ar\/principal\/wp-json\/wp\/v2\/posts\/84676\/revisions"}],"wp:featuredmedia":[{"embeddable":true,"href":"https:\/\/www.hoymercedes.com.ar\/principal\/wp-json\/wp\/v2\/media\/84677"}],"wp:attachment":[{"href":"https:\/\/www.hoymercedes.com.ar\/principal\/wp-json\/wp\/v2\/media?parent=84676"}],"wp:term":[{"taxonomy":"category","embeddable":true,"href":"https:\/\/www.hoymercedes.com.ar\/principal\/wp-json\/wp\/v2\/categories?post=84676"},{"taxonomy":"post_tag","embeddable":true,"href":"https:\/\/www.hoymercedes.com.ar\/principal\/wp-json\/wp\/v2\/tags?post=84676"}],"curies":[{"name":"wp","href":"https:\/\/api.w.org\/{rel}","templated":true}]}}