{"id":84679,"date":"2018-11-29T15:37:33","date_gmt":"2018-11-29T18:37:33","guid":{"rendered":"http:\/\/www.hoymercedes.com.ar\/principal\/?p=84679"},"modified":"2018-11-29T15:24:13","modified_gmt":"2018-11-29T18:24:13","slug":"alumnas-de-san-patricio-proponen-homenaje-especial-a-combatientes-en-malvinas","status":"publish","type":"post","link":"https:\/\/www.hoymercedes.com.ar\/principal\/2018\/11\/29\/alumnas-de-san-patricio-proponen-homenaje-especial-a-combatientes-en-malvinas\/","title":{"rendered":"Alumnas de San Patricio proponen homenaje especial a combatientes en Malvinas"},"content":{"rendered":"<p>A trav\u00e9s de la banca participativa, las estudiantes de 5\u00b0 a\u00f1o del Colegio San Patricio, Malena Verde y Camila Dorado, hicieron p\u00fablico un proyecto que el curso y la instituci\u00f3n le dio forma para que los legisladores de Mercedes transformen el proyecto en Ordenanza. La idea es homenajear a los ex combatientes en las Islas Malvinas nacidos y criados en la ciudad colocando una placa en donde vivieron con la leyenda \u201cAc\u00e1 naci\u00f3 un h\u00e9roe de Malvinas\u201d.<\/p>\n<p><img loading=\"lazy\" decoding=\"async\" data-attachment-id=\"84681\" data-permalink=\"https:\/\/www.hoymercedes.com.ar\/principal\/2018\/11\/29\/alumnas-de-san-patricio-proponen-homenaje-especial-a-combatientes-en-malvinas\/29-hcd-sp-2\/#main\" data-orig-file=\"https:\/\/www.hoymercedes.com.ar\/principal\/wp-content\/uploads\/2018\/11\/29-HCD-SP-2.jpg\" data-orig-size=\"750,500\" data-comments-opened=\"0\" data-image-meta=\"{&quot;aperture&quot;:&quot;3.6&quot;,&quot;credit&quot;:&quot;&quot;,&quot;camera&quot;:&quot;DMC-FZ100&quot;,&quot;caption&quot;:&quot;&quot;,&quot;created_timestamp&quot;:&quot;1511639131&quot;,&quot;copyright&quot;:&quot;&quot;,&quot;focal_length&quot;:&quot;25.8&quot;,&quot;iso&quot;:&quot;400&quot;,&quot;shutter_speed&quot;:&quot;0.066666666666667&quot;,&quot;title&quot;:&quot;&quot;,&quot;orientation&quot;:&quot;1&quot;}\" data-image-title=\"29 HCD SP (2)\" data-image-description=\"\" data-image-caption=\"\" data-large-file=\"https:\/\/www.hoymercedes.com.ar\/principal\/wp-content\/uploads\/2018\/11\/29-HCD-SP-2.jpg\" class=\"aligncenter size-full wp-image-84681\" src=\"https:\/\/www.hoymercedes.com.ar\/principal\/wp-content\/uploads\/2018\/11\/29-HCD-SP-2.jpg\" alt=\"\" width=\"750\" height=\"500\" srcset=\"https:\/\/www.hoymercedes.com.ar\/principal\/wp-content\/uploads\/2018\/11\/29-HCD-SP-2.jpg 750w, https:\/\/www.hoymercedes.com.ar\/principal\/wp-content\/uploads\/2018\/11\/29-HCD-SP-2-150x100.jpg 150w, https:\/\/www.hoymercedes.com.ar\/principal\/wp-content\/uploads\/2018\/11\/29-HCD-SP-2-630x420.jpg 630w\" sizes=\"auto, (max-width: 750px) 100vw, 750px\" \/><\/p>\n<p>En el recinto, Malena Verde y Camila Dorado contaron que el proyecto se inici\u00f3 en la clase de Literatura luego de entrevista a Julio Aro, ex combatiente de Malvinas, mercedino \u00e9l, que impuls\u00f3 el proyecto humanitario para identificar a los 123 \u201csoldados argentinos s\u00f3lo conocido por Dios\u201d.<\/p>\n<p>\u201cLa idea del proyecto ser\u00eda poner en cada una de las casas de los\u00a0 excombatientes una placa que diga \u201cAc\u00e1 naci\u00f3 un h\u00e9roe de Malvinas\u201d, dijo Malena. A su lado, Camila explic\u00f3 que al hablar con Aro, se dieron cuenta de que los j\u00f3venes no conocen a los ex combatientes locales.<\/p>\n<p>\u201cNosotras no conoc\u00edamos un mont\u00f3n de cosas que nos cont\u00f3 Julio Aro, por ejemplo, que el cementerio no lo hab\u00edan hecho los argentinos sino los ingleses y creemos que al poner estas placas en cada una de las casas de los ex combatientes, con permiso de las familias si es que quieren, para que no nos olvidemos del hecho sucedido y de los h\u00e9roes, ya que hoy en d\u00eda no se le da la importancia que merecen, por eso les pedimos este proyecto para que se pueda realizar y as\u00ed conmemorar a todas las familias\u201d, agreg\u00f3 la estudiante secundaria.<\/p>\n<p><img loading=\"lazy\" decoding=\"async\" data-attachment-id=\"84680\" data-permalink=\"https:\/\/www.hoymercedes.com.ar\/principal\/2018\/11\/29\/alumnas-de-san-patricio-proponen-homenaje-especial-a-combatientes-en-malvinas\/29-hcd-sp-1\/#main\" data-orig-file=\"https:\/\/www.hoymercedes.com.ar\/principal\/wp-content\/uploads\/2018\/11\/29-HCD-SP-1.jpg\" data-orig-size=\"750,500\" data-comments-opened=\"0\" data-image-meta=\"{&quot;aperture&quot;:&quot;3.6&quot;,&quot;credit&quot;:&quot;&quot;,&quot;camera&quot;:&quot;DMC-FZ100&quot;,&quot;caption&quot;:&quot;&quot;,&quot;created_timestamp&quot;:&quot;1511639085&quot;,&quot;copyright&quot;:&quot;&quot;,&quot;focal_length&quot;:&quot;23.7&quot;,&quot;iso&quot;:&quot;400&quot;,&quot;shutter_speed&quot;:&quot;0.066666666666667&quot;,&quot;title&quot;:&quot;&quot;,&quot;orientation&quot;:&quot;1&quot;}\" data-image-title=\"29 HCD SP (1)\" data-image-description=\"\" data-image-caption=\"\" data-large-file=\"https:\/\/www.hoymercedes.com.ar\/principal\/wp-content\/uploads\/2018\/11\/29-HCD-SP-1.jpg\" class=\"aligncenter size-full wp-image-84680\" src=\"https:\/\/www.hoymercedes.com.ar\/principal\/wp-content\/uploads\/2018\/11\/29-HCD-SP-1.jpg\" alt=\"\" width=\"750\" height=\"500\" srcset=\"https:\/\/www.hoymercedes.com.ar\/principal\/wp-content\/uploads\/2018\/11\/29-HCD-SP-1.jpg 750w, https:\/\/www.hoymercedes.com.ar\/principal\/wp-content\/uploads\/2018\/11\/29-HCD-SP-1-150x100.jpg 150w, https:\/\/www.hoymercedes.com.ar\/principal\/wp-content\/uploads\/2018\/11\/29-HCD-SP-1-630x420.jpg 630w\" sizes=\"auto, (max-width: 750px) 100vw, 750px\" \/><\/p>\n<p>El expediente se trat\u00f3 en la Comisi\u00f3n se Legislaci\u00f3n y est\u00e1 siendo analizado por los concejales de la ciudad. Las alumnas agradecieron la colaboraci\u00f3n de la concejala Evangelina Cabral en la formulaci\u00f3n del proyecto.<\/p>\n","protected":false},"excerpt":{"rendered":"<p>A trav\u00e9s de la banca participativa, las estudiantes de 5\u00b0 a\u00f1o del Colegio San Patricio, Malena Verde y Camila Dorado, &#8230; <a title=\"Alumnas de San Patricio proponen homenaje especial a combatientes en Malvinas\" class=\"read-more\" href=\"https:\/\/www.hoymercedes.com.ar\/principal\/2018\/11\/29\/alumnas-de-san-patricio-proponen-homenaje-especial-a-combatientes-en-malvinas\/\" aria-label=\"Leer m\u00e1s sobre Alumnas de San Patricio proponen homenaje especial a combatientes en Malvinas\">Leer m\u00e1s<\/a><\/p>\n","protected":false},"author":1,"featured_media":84680,"comment_status":"closed","ping_status":"open","sticky":false,"template":"","format":"standard","meta":{"_monsterinsights_skip_tracking":false,"_monsterinsights_sitenote_active":false,"_monsterinsights_sitenote_note":"","_monsterinsights_sitenote_category":0,"jetpack_post_was_ever_published":false,"_jetpack_newsletter_access":"","_jetpack_dont_email_post_to_subs":false,"_jetpack_newsletter_tier_id":0,"_jetpack_memberships_contains_paywalled_content":false,"_jetpack_memberships_contains_paid_content":false,"footnotes":"","jetpack_publicize_message":"","jetpack_publicize_feature_enabled":true,"jetpack_social_post_already_shared":true,"jetpack_social_options":{"image_generator_settings":{"template":"highway","default_image_id":0,"font":"","enabled":false},"version":2},"_wpas_customize_per_network":false},"categories":[8],"tags":[6372,236,47,8830,15],"class_list":["post-84679","post","type-post","status-publish","format-standard","has-post-thumbnail","hentry","category-sociedad","tag-banca-participativa","tag-concejo-deliberante","tag-educacion-2","tag-guerra-de-malvinas","tag-hcd","generate-columns","tablet-grid-50","mobile-grid-100","grid-parent","grid-50"],"jetpack_publicize_connections":[],"jetpack_featured_media_url":"https:\/\/www.hoymercedes.com.ar\/principal\/wp-content\/uploads\/2018\/11\/29-HCD-SP-1.jpg","wps_subtitle":"Banca Participativa","jetpack_sharing_enabled":true,"_links":{"self":[{"href":"https:\/\/www.hoymercedes.com.ar\/principal\/wp-json\/wp\/v2\/posts\/84679","targetHints":{"allow":["GET"]}}],"collection":[{"href":"https:\/\/www.hoymercedes.com.ar\/principal\/wp-json\/wp\/v2\/posts"}],"about":[{"href":"https:\/\/www.hoymercedes.com.ar\/principal\/wp-json\/wp\/v2\/types\/post"}],"author":[{"embeddable":true,"href":"https:\/\/www.hoymercedes.com.ar\/principal\/wp-json\/wp\/v2\/users\/1"}],"replies":[{"embeddable":true,"href":"https:\/\/www.hoymercedes.com.ar\/principal\/wp-json\/wp\/v2\/comments?post=84679"}],"version-history":[{"count":0,"href":"https:\/\/www.hoymercedes.com.ar\/principal\/wp-json\/wp\/v2\/posts\/84679\/revisions"}],"wp:featuredmedia":[{"embeddable":true,"href":"https:\/\/www.hoymercedes.com.ar\/principal\/wp-json\/wp\/v2\/media\/84680"}],"wp:attachment":[{"href":"https:\/\/www.hoymercedes.com.ar\/principal\/wp-json\/wp\/v2\/media?parent=84679"}],"wp:term":[{"taxonomy":"category","embeddable":true,"href":"https:\/\/www.hoymercedes.com.ar\/principal\/wp-json\/wp\/v2\/categories?post=84679"},{"taxonomy":"post_tag","embeddable":true,"href":"https:\/\/www.hoymercedes.com.ar\/principal\/wp-json\/wp\/v2\/tags?post=84679"}],"curies":[{"name":"wp","href":"https:\/\/api.w.org\/{rel}","templated":true}]}}