{"id":84688,"date":"2018-11-29T16:57:30","date_gmt":"2018-11-29T19:57:30","guid":{"rendered":"http:\/\/www.hoymercedes.com.ar\/principal\/?p=84688"},"modified":"2018-11-29T16:57:30","modified_gmt":"2018-11-29T19:57:30","slug":"mercado-saludable-abre-sus-puerta-este-sabado-en-la-trocha","status":"publish","type":"post","link":"https:\/\/www.hoymercedes.com.ar\/principal\/2018\/11\/29\/mercado-saludable-abre-sus-puerta-este-sabado-en-la-trocha\/","title":{"rendered":"Mercado saludable abre sus puerta este s\u00e1bado en La Trocha"},"content":{"rendered":"<figure id=\"attachment_84689\" aria-describedby=\"caption-attachment-84689\" style=\"width: 927px\" class=\"wp-caption aligncenter\"><img loading=\"lazy\" decoding=\"async\" data-attachment-id=\"84689\" data-permalink=\"https:\/\/www.hoymercedes.com.ar\/principal\/2018\/11\/29\/mercado-saludable-abre-sus-puerta-este-sabado-en-la-trocha\/mercado-saludable-1\/#main\" data-orig-file=\"https:\/\/www.hoymercedes.com.ar\/principal\/wp-content\/uploads\/2018\/11\/mercado-saludable-1.jpg\" data-orig-size=\"937,626\" data-comments-opened=\"0\" data-image-meta=\"{&quot;aperture&quot;:&quot;0&quot;,&quot;credit&quot;:&quot;&quot;,&quot;camera&quot;:&quot;&quot;,&quot;caption&quot;:&quot;&quot;,&quot;created_timestamp&quot;:&quot;0&quot;,&quot;copyright&quot;:&quot;&quot;,&quot;focal_length&quot;:&quot;0&quot;,&quot;iso&quot;:&quot;0&quot;,&quot;shutter_speed&quot;:&quot;0&quot;,&quot;title&quot;:&quot;&quot;,&quot;orientation&quot;:&quot;0&quot;}\" data-image-title=\"mercado-saludable-1\" data-image-description=\"\" data-image-caption=\"&lt;p&gt;Mercado Saludable &amp;#8211; La Trocha &lt;\/p&gt;\n\" data-large-file=\"https:\/\/www.hoymercedes.com.ar\/principal\/wp-content\/uploads\/2018\/11\/mercado-saludable-1.jpg\" class=\"size-full wp-image-84689\" src=\"https:\/\/www.hoymercedes.com.ar\/principal\/wp-content\/uploads\/2018\/11\/mercado-saludable-1.jpg\" alt=\"\" width=\"937\" height=\"626\" srcset=\"https:\/\/www.hoymercedes.com.ar\/principal\/wp-content\/uploads\/2018\/11\/mercado-saludable-1.jpg 937w, https:\/\/www.hoymercedes.com.ar\/principal\/wp-content\/uploads\/2018\/11\/mercado-saludable-1-150x100.jpg 150w, https:\/\/www.hoymercedes.com.ar\/principal\/wp-content\/uploads\/2018\/11\/mercado-saludable-1-630x421.jpg 630w\" sizes=\"auto, (max-width: 937px) 100vw, 937px\" \/><figcaption id=\"caption-attachment-84689\" class=\"wp-caption-text\">Mercado Saludable &#8211; La Trocha<\/figcaption><\/figure>\n<p style=\"font-weight: 400;\">Este 1 de diciembre abrir\u00e1 sus puertas el 1\u00b0 Mercado Sustentable en La Trocha. Su objetivo es que los productores locales puedan poner a la venta sus productos \u2013 agroecol\u00f3gicos u org\u00e1nicos- sin mediadores, de la tierra a la mesa. Toda la puesta en marcha es con materiales reciclados y ser\u00e1 desde las 10hs la apertura del mismo y estar\u00e1 hasta las 15hs<\/p>\n<p style=\"font-weight: 400;\">Habr\u00e1 verduras de la huerta agroecol\u00f3gica, panificados y resposter\u00eda integral, dulces y conservas caseras, miel, queso, huevos de ampo, jugos naturales, cerveza artesanal, vino patero, medicina y cosm\u00e9tica natural, patio gastron\u00f3mico saludable y mucho m\u00e1s.<\/p>\n<p style=\"font-weight: 400;\">Uno de los objetivos, adem\u00e1s, es que este nuevo espacio sirva de punto de reuni\u00f3n para todos aquellos que ya vienen desarrollando esta tem\u00e1tica, y el vecino de la ciudad encuentre y satisfaga, de manera m\u00e1s econ\u00f3mica a trav\u00e9s de una compra directa, sus necesidades alimenticias.<\/p>\n<p style=\"font-weight: 400;\">La idea del mismo es que sea un mercado que funcione un s\u00e1bado cada 15 d\u00edas -de 10:00 a 15:00 horas- que contenga alimentos agroecol\u00f3gicos u org\u00e1nicos para peque\u00f1os productores locales \u201cpara que la gente pueda comprarle al productor sin mediaciones y empezar a trabajar sobre el reciclado y lo sustentable en la ciudad\u201d puntualiz\u00f3 Jorgelina Silva.<\/p>\n<p>&nbsp;<\/p>\n<p><span style=\"color: #808080;\">Info: C.C. La Trocha<\/span><\/p>\n","protected":false},"excerpt":{"rendered":"<p>Este 1 de diciembre abrir\u00e1 sus puertas el 1\u00b0 Mercado Sustentable en La Trocha. Su objetivo es que los productores &#8230; <a title=\"Mercado saludable abre sus puerta este s\u00e1bado en La Trocha\" class=\"read-more\" href=\"https:\/\/www.hoymercedes.com.ar\/principal\/2018\/11\/29\/mercado-saludable-abre-sus-puerta-este-sabado-en-la-trocha\/\" aria-label=\"Leer m\u00e1s sobre Mercado saludable abre sus puerta este s\u00e1bado en La Trocha\">Leer m\u00e1s<\/a><\/p>\n","protected":false},"author":1,"featured_media":84689,"comment_status":"closed","ping_status":"open","sticky":false,"template":"","format":"standard","meta":{"_monsterinsights_skip_tracking":false,"_monsterinsights_sitenote_active":false,"_monsterinsights_sitenote_note":"","_monsterinsights_sitenote_category":0,"jetpack_post_was_ever_published":false,"_jetpack_newsletter_access":"","_jetpack_dont_email_post_to_subs":false,"_jetpack_newsletter_tier_id":0,"_jetpack_memberships_contains_paywalled_content":false,"_jetpack_memberships_contains_paid_content":false,"footnotes":"","jetpack_publicize_message":"","jetpack_publicize_feature_enabled":true,"jetpack_social_post_already_shared":true,"jetpack_social_options":{"image_generator_settings":{"template":"highway","default_image_id":0,"font":"","enabled":false},"version":2},"_wpas_customize_per_network":false},"categories":[30],"tags":[5473,3959,14125,424],"class_list":["post-84688","post","type-post","status-publish","format-standard","has-post-thumbnail","hentry","category-municipio","tag-jorgelina-silva","tag-la-trocha","tag-mercado-saludable","tag-ustarroz","generate-columns","tablet-grid-50","mobile-grid-100","grid-parent","grid-50"],"jetpack_publicize_connections":[],"jetpack_featured_media_url":"https:\/\/www.hoymercedes.com.ar\/principal\/wp-content\/uploads\/2018\/11\/mercado-saludable-1.jpg","wps_subtitle":"Econom\u00eda social ","jetpack_sharing_enabled":true,"_links":{"self":[{"href":"https:\/\/www.hoymercedes.com.ar\/principal\/wp-json\/wp\/v2\/posts\/84688","targetHints":{"allow":["GET"]}}],"collection":[{"href":"https:\/\/www.hoymercedes.com.ar\/principal\/wp-json\/wp\/v2\/posts"}],"about":[{"href":"https:\/\/www.hoymercedes.com.ar\/principal\/wp-json\/wp\/v2\/types\/post"}],"author":[{"embeddable":true,"href":"https:\/\/www.hoymercedes.com.ar\/principal\/wp-json\/wp\/v2\/users\/1"}],"replies":[{"embeddable":true,"href":"https:\/\/www.hoymercedes.com.ar\/principal\/wp-json\/wp\/v2\/comments?post=84688"}],"version-history":[{"count":0,"href":"https:\/\/www.hoymercedes.com.ar\/principal\/wp-json\/wp\/v2\/posts\/84688\/revisions"}],"wp:featuredmedia":[{"embeddable":true,"href":"https:\/\/www.hoymercedes.com.ar\/principal\/wp-json\/wp\/v2\/media\/84689"}],"wp:attachment":[{"href":"https:\/\/www.hoymercedes.com.ar\/principal\/wp-json\/wp\/v2\/media?parent=84688"}],"wp:term":[{"taxonomy":"category","embeddable":true,"href":"https:\/\/www.hoymercedes.com.ar\/principal\/wp-json\/wp\/v2\/categories?post=84688"},{"taxonomy":"post_tag","embeddable":true,"href":"https:\/\/www.hoymercedes.com.ar\/principal\/wp-json\/wp\/v2\/tags?post=84688"}],"curies":[{"name":"wp","href":"https:\/\/api.w.org\/{rel}","templated":true}]}}