{"id":84718,"date":"2018-12-01T10:53:38","date_gmt":"2018-12-01T13:53:38","guid":{"rendered":"http:\/\/www.hoymercedes.com.ar\/principal\/?p=84718"},"modified":"2018-12-01T10:53:38","modified_gmt":"2018-12-01T13:53:38","slug":"convocatoria-para-la-segunda-feria-de-los-amigos-del-mamm","status":"publish","type":"post","link":"https:\/\/www.hoymercedes.com.ar\/principal\/2018\/12\/01\/convocatoria-para-la-segunda-feria-de-los-amigos-del-mamm\/","title":{"rendered":"Convocatoria para la segunda feria de los Amigos del MAMM"},"content":{"rendered":"<p>La Asociaci\u00f3n de Amigos del Museo de Arte junto con la Direcci\u00f3n de Cultura de la Municipalidad de Mercedes invita a los artistas a presentarse a la 2da. FERIA AAMAMM de Peque\u00f1o Formato.<\/p>\n<p>Con el objetivo es valorar y difundir la producci\u00f3n art\u00edstica de la ciudad y la zona, brindando la posibilidad de disfrutar y adquirir arte, generando espacios de encuentro y familiaridad entre las obras, sus autores y el p\u00fablico.<\/p>\n<p>La fecha prevista para este evento ser\u00e1 el 15 de diciembre de 18 a 23 horas sobre calle 23, frente a la entrada del Museo de Arte Municipalidad de Mercedes.<\/p>\n<p>Para participar deber\u00e1n inscribirse previamente desde el 3 de diciembre al 10 del mismo mes.<\/p>\n<p>Las disciplinas en esta edici\u00f3n de la Feria ser\u00e1n:\u00a0Grabado, Dibujo, Pintura, Fotograf\u00eda, Escultura\u00a0 y Orfebrer\u00eda<\/p>\n<p>Bases y condiciones para participar:<\/p>\n<p>1- Podr\u00e1n participar todos los artistas pl\u00e1sticos, mayores de 18 a\u00f1os. Habr\u00e1 3 plazas destinadas a expositores for\u00e1neos. Los trabajos deber\u00e1n ser de connotaci\u00f3n libre, pudiendo ser de cualquier tendencia, pl\u00e1stica, t\u00e9cnica y procedimiento, siempre que responda a la denominaci\u00f3n gen\u00e9rica de pintura, dibujo,\u00a0 grabados y fotograf\u00eda.<\/p>\n<p>2- INSCRIPCI\u00d3N: Para participar los artistas\u00a0 deber\u00e1n llenar la planilla de inscripci\u00f3n en la sede de la AAMAM, calle 23 n\u00ba 383 (Museo de Arte) en el horario de 8:30 a 14 hs. desde el 3\/12 al 14\/12.<\/p>\n<p>3- Las obras\u00a0 no deber\u00e1n superar un m\u00e1ximo de 30 cm x 40 cm (incluyendo el marco) debe estar lista para ser colgada o exhibida.<\/p>\n<p>4- Cada participante ser\u00e1 responsable de sus obras\u00a0 antes, durante y despu\u00e9s de la FERIA.\u00a0 El Museo queda exento de toda responsabilidad por da\u00f1os parciales o totales, sustracciones, robos, etc., que pudiesen producirse en las obras. Por lo tanto, cada artista deber\u00e1 montar el espacio, estar durante la exposici\u00f3n y venta y luego guardar sus obras. Rutina que repetir\u00e1 durante los dos d\u00edas de exposici\u00f3n.<\/p>\n<p>5- Cada participante montar\u00e1 su espacio de exposici\u00f3n en el espacio asignado por sorteo\u00a0 y deber\u00e1 enviar un listado de las obras, con t\u00edtulo y precio a la Asociaci\u00f3n de Amigos del Museo, quien se encargar\u00e1 de la caja de venta de las mismas, asignando un 80% de la misma al artista y un 20% para la Asociaci\u00f3n.<\/p>\n","protected":false},"excerpt":{"rendered":"<p>La Asociaci\u00f3n de Amigos del Museo de Arte junto con la Direcci\u00f3n de Cultura de la Municipalidad de Mercedes invita &#8230; <a title=\"Convocatoria para la segunda feria de los Amigos del MAMM\" class=\"read-more\" href=\"https:\/\/www.hoymercedes.com.ar\/principal\/2018\/12\/01\/convocatoria-para-la-segunda-feria-de-los-amigos-del-mamm\/\" aria-label=\"Leer m\u00e1s sobre Convocatoria para la segunda feria de los Amigos del MAMM\">Leer m\u00e1s<\/a><\/p>\n","protected":false},"author":1,"featured_media":84719,"comment_status":"closed","ping_status":"open","sticky":false,"template":"","format":"standard","meta":{"_monsterinsights_skip_tracking":false,"_monsterinsights_sitenote_active":false,"_monsterinsights_sitenote_note":"","_monsterinsights_sitenote_category":0,"jetpack_post_was_ever_published":false,"_jetpack_newsletter_access":"","_jetpack_dont_email_post_to_subs":false,"_jetpack_newsletter_tier_id":0,"_jetpack_memberships_contains_paywalled_content":false,"_jetpack_memberships_contains_paid_content":false,"footnotes":"","jetpack_publicize_message":"","jetpack_publicize_feature_enabled":true,"jetpack_social_post_already_shared":true,"jetpack_social_options":{"image_generator_settings":{"template":"highway","default_image_id":0,"font":"","enabled":false},"version":2},"_wpas_customize_per_network":false},"categories":[104],"tags":[9168,7805,12223,8674],"class_list":["post-84718","post","type-post","status-publish","format-standard","has-post-thumbnail","hentry","category-cultura","tag-convocatoria","tag-cultura","tag-feria-de-arte","tag-mamm","generate-columns","tablet-grid-50","mobile-grid-100","grid-parent","grid-50"],"jetpack_publicize_connections":[],"jetpack_featured_media_url":"https:\/\/www.hoymercedes.com.ar\/principal\/wp-content\/uploads\/2018\/11\/30-aamamm-feria.jpg","wps_subtitle":"Inscriben desde el lunes","jetpack_sharing_enabled":true,"_links":{"self":[{"href":"https:\/\/www.hoymercedes.com.ar\/principal\/wp-json\/wp\/v2\/posts\/84718","targetHints":{"allow":["GET"]}}],"collection":[{"href":"https:\/\/www.hoymercedes.com.ar\/principal\/wp-json\/wp\/v2\/posts"}],"about":[{"href":"https:\/\/www.hoymercedes.com.ar\/principal\/wp-json\/wp\/v2\/types\/post"}],"author":[{"embeddable":true,"href":"https:\/\/www.hoymercedes.com.ar\/principal\/wp-json\/wp\/v2\/users\/1"}],"replies":[{"embeddable":true,"href":"https:\/\/www.hoymercedes.com.ar\/principal\/wp-json\/wp\/v2\/comments?post=84718"}],"version-history":[{"count":0,"href":"https:\/\/www.hoymercedes.com.ar\/principal\/wp-json\/wp\/v2\/posts\/84718\/revisions"}],"wp:featuredmedia":[{"embeddable":true,"href":"https:\/\/www.hoymercedes.com.ar\/principal\/wp-json\/wp\/v2\/media\/84719"}],"wp:attachment":[{"href":"https:\/\/www.hoymercedes.com.ar\/principal\/wp-json\/wp\/v2\/media?parent=84718"}],"wp:term":[{"taxonomy":"category","embeddable":true,"href":"https:\/\/www.hoymercedes.com.ar\/principal\/wp-json\/wp\/v2\/categories?post=84718"},{"taxonomy":"post_tag","embeddable":true,"href":"https:\/\/www.hoymercedes.com.ar\/principal\/wp-json\/wp\/v2\/tags?post=84718"}],"curies":[{"name":"wp","href":"https:\/\/api.w.org\/{rel}","templated":true}]}}