{"id":84721,"date":"2018-11-30T19:08:33","date_gmt":"2018-11-30T22:08:33","guid":{"rendered":"http:\/\/www.hoymercedes.com.ar\/principal\/?p=84721"},"modified":"2018-12-01T11:13:35","modified_gmt":"2018-12-01T14:13:35","slug":"musica-en-la-primaria-de-la-carcel-de-mercedes","status":"publish","type":"post","link":"https:\/\/www.hoymercedes.com.ar\/principal\/2018\/11\/30\/musica-en-la-primaria-de-la-carcel-de-mercedes\/","title":{"rendered":"M\u00fasica en la primaria de la c\u00e1rcel de Mercedes"},"content":{"rendered":"<p>El jueves pasado, los alumnos de la Escuela Primaria N\u00ba 701, que funciona dentro de la Unidad N\u00ba 5, recibi\u00f3 la visita musical de la cantante Virginia Altube, junto a sus m\u00fasicos, Damian Tessore, en guitarra y charango,\u00a0Juan Mart\u00edn L\u00f3pez Courtade en percusi\u00f3n y Rodrigo Actis en arm\u00f3nica\u00a0\u00a0quienes han interpretado una variedad de canciones para ellos.<\/p>\n<p><img loading=\"lazy\" decoding=\"async\" data-attachment-id=\"84722\" data-permalink=\"https:\/\/www.hoymercedes.com.ar\/principal\/2018\/11\/30\/musica-en-la-primaria-de-la-carcel-de-mercedes\/30-carcel-1-2\/#main\" data-orig-file=\"https:\/\/www.hoymercedes.com.ar\/principal\/wp-content\/uploads\/2018\/11\/30-carcel-1.jpg\" data-orig-size=\"750,500\" data-comments-opened=\"0\" data-image-meta=\"{&quot;aperture&quot;:&quot;0&quot;,&quot;credit&quot;:&quot;&quot;,&quot;camera&quot;:&quot;&quot;,&quot;caption&quot;:&quot;&quot;,&quot;created_timestamp&quot;:&quot;0&quot;,&quot;copyright&quot;:&quot;&quot;,&quot;focal_length&quot;:&quot;0&quot;,&quot;iso&quot;:&quot;0&quot;,&quot;shutter_speed&quot;:&quot;0&quot;,&quot;title&quot;:&quot;&quot;,&quot;orientation&quot;:&quot;0&quot;}\" data-image-title=\"30 carcel 1\" data-image-description=\"\" data-image-caption=\"\" data-large-file=\"https:\/\/www.hoymercedes.com.ar\/principal\/wp-content\/uploads\/2018\/11\/30-carcel-1.jpg\" class=\"aligncenter size-full wp-image-84722\" src=\"https:\/\/www.hoymercedes.com.ar\/principal\/wp-content\/uploads\/2018\/11\/30-carcel-1.jpg\" alt=\"\" width=\"750\" height=\"500\" srcset=\"https:\/\/www.hoymercedes.com.ar\/principal\/wp-content\/uploads\/2018\/11\/30-carcel-1.jpg 750w, https:\/\/www.hoymercedes.com.ar\/principal\/wp-content\/uploads\/2018\/11\/30-carcel-1-150x100.jpg 150w, https:\/\/www.hoymercedes.com.ar\/principal\/wp-content\/uploads\/2018\/11\/30-carcel-1-630x420.jpg 630w\" sizes=\"auto, (max-width: 750px) 100vw, 750px\" \/><\/p>\n<p>Los detenidos que disfrutaron el recital en el Sal\u00f3n de Usos M\u00faltiples del Sector Escuela y escucharon zambas, chacareras, cuencas, y tangos, acompa\u00f1ados por la suave y potente voz de Virginia, siendo muy aplaudidos.<\/p>\n<p>Este grupo grabo su trabajo discogr\u00e1fico a trav\u00e9s del Instituto Nacional de la M\u00fasica INAMU, y deben hacer una compensaci\u00f3n social, eligiendo la Unidad 5 para realizarlo.<\/p>\n<p>El Director de la Escuela Eduardo Pisoni y las maestras agradecieron fervientemente el recital y el gran momento vivido. \u00abEs muy importante para la integraci\u00f3n y resocializaci\u00f3n de los internos compartir actividades culturales como la que vivieron en esta oportunidad\u00bb, dijeron desde el servicio penitenciario.<\/p>\n<p>Las autoridades de la Unidad N\u00ba 5 fueron las que coordinaron la actividad, y agradecieron la buena predisposici\u00f3n y la elecci\u00f3n de la instituci\u00f3n para cantar.<\/p>\n<p><img loading=\"lazy\" decoding=\"async\" data-attachment-id=\"84723\" data-permalink=\"https:\/\/www.hoymercedes.com.ar\/principal\/2018\/11\/30\/musica-en-la-primaria-de-la-carcel-de-mercedes\/30-carcel-2-2\/#main\" data-orig-file=\"https:\/\/www.hoymercedes.com.ar\/principal\/wp-content\/uploads\/2018\/11\/30-carcel-2.jpg\" data-orig-size=\"750,500\" data-comments-opened=\"0\" data-image-meta=\"{&quot;aperture&quot;:&quot;0&quot;,&quot;credit&quot;:&quot;&quot;,&quot;camera&quot;:&quot;&quot;,&quot;caption&quot;:&quot;&quot;,&quot;created_timestamp&quot;:&quot;0&quot;,&quot;copyright&quot;:&quot;&quot;,&quot;focal_length&quot;:&quot;0&quot;,&quot;iso&quot;:&quot;0&quot;,&quot;shutter_speed&quot;:&quot;0&quot;,&quot;title&quot;:&quot;&quot;,&quot;orientation&quot;:&quot;0&quot;}\" data-image-title=\"30 carcel 2\" data-image-description=\"\" data-image-caption=\"\" data-large-file=\"https:\/\/www.hoymercedes.com.ar\/principal\/wp-content\/uploads\/2018\/11\/30-carcel-2.jpg\" class=\"aligncenter size-full wp-image-84723\" src=\"https:\/\/www.hoymercedes.com.ar\/principal\/wp-content\/uploads\/2018\/11\/30-carcel-2.jpg\" alt=\"\" width=\"750\" height=\"500\" srcset=\"https:\/\/www.hoymercedes.com.ar\/principal\/wp-content\/uploads\/2018\/11\/30-carcel-2.jpg 750w, https:\/\/www.hoymercedes.com.ar\/principal\/wp-content\/uploads\/2018\/11\/30-carcel-2-150x100.jpg 150w, https:\/\/www.hoymercedes.com.ar\/principal\/wp-content\/uploads\/2018\/11\/30-carcel-2-630x420.jpg 630w\" sizes=\"auto, (max-width: 750px) 100vw, 750px\" \/><\/p>\n","protected":false},"excerpt":{"rendered":"<p>El jueves pasado, los alumnos de la Escuela Primaria N\u00ba 701, que funciona dentro de la Unidad N\u00ba 5, recibi\u00f3 &#8230; <a title=\"M\u00fasica en la primaria de la c\u00e1rcel de Mercedes\" class=\"read-more\" href=\"https:\/\/www.hoymercedes.com.ar\/principal\/2018\/11\/30\/musica-en-la-primaria-de-la-carcel-de-mercedes\/\" aria-label=\"Leer m\u00e1s sobre M\u00fasica en la primaria de la c\u00e1rcel de Mercedes\">Leer m\u00e1s<\/a><\/p>\n","protected":false},"author":1,"featured_media":84723,"comment_status":"closed","ping_status":"open","sticky":false,"template":"","format":"standard","meta":{"_monsterinsights_skip_tracking":false,"_monsterinsights_sitenote_active":false,"_monsterinsights_sitenote_note":"","_monsterinsights_sitenote_category":0,"jetpack_post_was_ever_published":false,"_jetpack_newsletter_access":"","_jetpack_dont_email_post_to_subs":false,"_jetpack_newsletter_tier_id":0,"_jetpack_memberships_contains_paywalled_content":false,"_jetpack_memberships_contains_paid_content":false,"footnotes":"","jetpack_publicize_message":"","jetpack_publicize_feature_enabled":true,"jetpack_social_post_already_shared":true,"jetpack_social_options":{"image_generator_settings":{"template":"highway","default_image_id":0,"font":"","enabled":false},"version":2},"_wpas_customize_per_network":false},"categories":[8],"tags":[801,14132,7802,113],"class_list":["post-84721","post","type-post","status-publish","format-standard","has-post-thumbnail","hentry","category-sociedad","tag-carcel-mercedes","tag-ep-n-701","tag-sociedad","tag-unidad-5","generate-columns","tablet-grid-50","mobile-grid-100","grid-parent","grid-50"],"jetpack_publicize_connections":[],"jetpack_featured_media_url":"https:\/\/www.hoymercedes.com.ar\/principal\/wp-content\/uploads\/2018\/11\/30-carcel-2.jpg","wps_subtitle":"Cierre de a\u00f1o","jetpack_sharing_enabled":true,"_links":{"self":[{"href":"https:\/\/www.hoymercedes.com.ar\/principal\/wp-json\/wp\/v2\/posts\/84721","targetHints":{"allow":["GET"]}}],"collection":[{"href":"https:\/\/www.hoymercedes.com.ar\/principal\/wp-json\/wp\/v2\/posts"}],"about":[{"href":"https:\/\/www.hoymercedes.com.ar\/principal\/wp-json\/wp\/v2\/types\/post"}],"author":[{"embeddable":true,"href":"https:\/\/www.hoymercedes.com.ar\/principal\/wp-json\/wp\/v2\/users\/1"}],"replies":[{"embeddable":true,"href":"https:\/\/www.hoymercedes.com.ar\/principal\/wp-json\/wp\/v2\/comments?post=84721"}],"version-history":[{"count":0,"href":"https:\/\/www.hoymercedes.com.ar\/principal\/wp-json\/wp\/v2\/posts\/84721\/revisions"}],"wp:featuredmedia":[{"embeddable":true,"href":"https:\/\/www.hoymercedes.com.ar\/principal\/wp-json\/wp\/v2\/media\/84723"}],"wp:attachment":[{"href":"https:\/\/www.hoymercedes.com.ar\/principal\/wp-json\/wp\/v2\/media?parent=84721"}],"wp:term":[{"taxonomy":"category","embeddable":true,"href":"https:\/\/www.hoymercedes.com.ar\/principal\/wp-json\/wp\/v2\/categories?post=84721"},{"taxonomy":"post_tag","embeddable":true,"href":"https:\/\/www.hoymercedes.com.ar\/principal\/wp-json\/wp\/v2\/tags?post=84721"}],"curies":[{"name":"wp","href":"https:\/\/api.w.org\/{rel}","templated":true}]}}