{"id":84765,"date":"2018-12-01T14:12:58","date_gmt":"2018-12-01T17:12:58","guid":{"rendered":"http:\/\/www.hoymercedes.com.ar\/principal\/?p=84765"},"modified":"2018-12-01T14:12:58","modified_gmt":"2018-12-01T17:12:58","slug":"el-11-de-diciembre-sera-la-fiesta-de-egresados-2018","status":"publish","type":"post","link":"https:\/\/www.hoymercedes.com.ar\/principal\/2018\/12\/01\/el-11-de-diciembre-sera-la-fiesta-de-egresados-2018\/","title":{"rendered":"El 11 de diciembre ser\u00e1 la Fiesta de Egresados 2018"},"content":{"rendered":"<p>Diciembre reci\u00e9n comienza y los estudiantes de la promoci\u00f3n 2018 comenzaron a transitar los \u00faltimos d\u00edas del ciclo lectivo. Algunos ya terminaron, otros est\u00e1n terminando sus ex\u00e1menes, sin embargo, todos est\u00e1n pensando en el final de una etapa de estudios del nivel medio. El 11 de diciembre se realizar\u00e1 la Fiesta de los Egresados, La Pasarela, un festejo donde los estudiantes del nivel secundario (j\u00f3venes y adultos) desfilar\u00e1n en una noche de gala en el predio del Mart\u00edn Rodr\u00edguez.<\/p>\n<p>Hace pocos d\u00edas se realiz\u00f3 la reuni\u00f3n de delegados donde acordaron fijar la fecha para el martes 11.\u00a0\u00abLos egresados est\u00e1n citados para el d\u00eda del evento a la hora 21 en avenidas 16 y 17. Desde ah\u00ed partir\u00e1n por avenida 17 y hasta calle 6 para luego por calle 6 a eso de las 22 horas hagan su ingreso al predio del Mart\u00edn Rodr\u00edguez. Ya tenemos dispuesto el orden de pasada\u00bb, explicaron desde la organizaci\u00f3n.<\/p>\n<p>\u00abEl predio abrir\u00e1 sus puertas a las 20 horas y para las personas mayores les recomendamos que asistan temprano para que puedan tener su silla y veer el evento c\u00f3modamente\u00bb, agregaron invitando a los familiares y estudiantes que egresan del nivel medio este 2018, ya sea en instituciones educativas de gesti\u00f3n p\u00fablica y privadas, se los secundarios para j\u00f3venes y de adultos, incluyendo los egresados del plan FINES.<\/p>\n<p>Las entradas anticipadas en venta se encuentran en el local \u00abEntra y Mira\u00bb de calle 25 y 24, y tienen un costo de $70.<\/p>\n","protected":false},"excerpt":{"rendered":"<p>Diciembre reci\u00e9n comienza y los estudiantes de la promoci\u00f3n 2018 comenzaron a transitar los \u00faltimos d\u00edas del ciclo lectivo. Algunos &#8230; <a title=\"El 11 de diciembre ser\u00e1 la Fiesta de Egresados 2018\" class=\"read-more\" href=\"https:\/\/www.hoymercedes.com.ar\/principal\/2018\/12\/01\/el-11-de-diciembre-sera-la-fiesta-de-egresados-2018\/\" aria-label=\"Leer m\u00e1s sobre El 11 de diciembre ser\u00e1 la Fiesta de Egresados 2018\">Leer m\u00e1s<\/a><\/p>\n","protected":false},"author":1,"featured_media":84766,"comment_status":"closed","ping_status":"open","sticky":false,"template":"","format":"standard","meta":{"_monsterinsights_skip_tracking":false,"_monsterinsights_sitenote_active":false,"_monsterinsights_sitenote_note":"","_monsterinsights_sitenote_category":0,"jetpack_post_was_ever_published":false,"_jetpack_newsletter_access":"","_jetpack_dont_email_post_to_subs":false,"_jetpack_newsletter_tier_id":0,"_jetpack_memberships_contains_paywalled_content":false,"_jetpack_memberships_contains_paid_content":false,"footnotes":"","jetpack_publicize_message":"","jetpack_publicize_feature_enabled":true,"jetpack_social_post_already_shared":true,"jetpack_social_options":{"image_generator_settings":{"template":"highway","default_image_id":0,"font":"","enabled":false},"version":2},"_wpas_customize_per_network":false},"categories":[8],"tags":[1716,14133,7802],"class_list":["post-84765","post","type-post","status-publish","format-standard","has-post-thumbnail","hentry","category-sociedad","tag-baile-de-egresados","tag-promocion-2018","tag-sociedad","generate-columns","tablet-grid-50","mobile-grid-100","grid-parent","grid-50"],"jetpack_publicize_connections":[],"jetpack_featured_media_url":"https:\/\/www.hoymercedes.com.ar\/principal\/wp-content\/uploads\/2018\/12\/01-pasarela.jpg","wps_subtitle":"","jetpack_sharing_enabled":true,"_links":{"self":[{"href":"https:\/\/www.hoymercedes.com.ar\/principal\/wp-json\/wp\/v2\/posts\/84765","targetHints":{"allow":["GET"]}}],"collection":[{"href":"https:\/\/www.hoymercedes.com.ar\/principal\/wp-json\/wp\/v2\/posts"}],"about":[{"href":"https:\/\/www.hoymercedes.com.ar\/principal\/wp-json\/wp\/v2\/types\/post"}],"author":[{"embeddable":true,"href":"https:\/\/www.hoymercedes.com.ar\/principal\/wp-json\/wp\/v2\/users\/1"}],"replies":[{"embeddable":true,"href":"https:\/\/www.hoymercedes.com.ar\/principal\/wp-json\/wp\/v2\/comments?post=84765"}],"version-history":[{"count":0,"href":"https:\/\/www.hoymercedes.com.ar\/principal\/wp-json\/wp\/v2\/posts\/84765\/revisions"}],"wp:featuredmedia":[{"embeddable":true,"href":"https:\/\/www.hoymercedes.com.ar\/principal\/wp-json\/wp\/v2\/media\/84766"}],"wp:attachment":[{"href":"https:\/\/www.hoymercedes.com.ar\/principal\/wp-json\/wp\/v2\/media?parent=84765"}],"wp:term":[{"taxonomy":"category","embeddable":true,"href":"https:\/\/www.hoymercedes.com.ar\/principal\/wp-json\/wp\/v2\/categories?post=84765"},{"taxonomy":"post_tag","embeddable":true,"href":"https:\/\/www.hoymercedes.com.ar\/principal\/wp-json\/wp\/v2\/tags?post=84765"}],"curies":[{"name":"wp","href":"https:\/\/api.w.org\/{rel}","templated":true}]}}