{"id":84791,"date":"2018-12-01T21:22:43","date_gmt":"2018-12-02T00:22:43","guid":{"rendered":"http:\/\/www.hoymercedes.com.ar\/principal\/?p=84791"},"modified":"2018-12-01T19:28:24","modified_gmt":"2018-12-01T22:28:24","slug":"intendente-ustarroz-inauguro-asfalto-que-une-escuela-n3-y-escuela-n30","status":"publish","type":"post","link":"https:\/\/www.hoymercedes.com.ar\/principal\/2018\/12\/01\/intendente-ustarroz-inauguro-asfalto-que-une-escuela-n3-y-escuela-n30\/","title":{"rendered":"Intendente Ustarroz inaugur\u00f3 asfalto que une Escuela N\u00b03 y Escuela N\u00b030"},"content":{"rendered":"<figure id=\"attachment_84792\" aria-describedby=\"caption-attachment-84792\" style=\"width: 855px\" class=\"wp-caption aligncenter\"><img loading=\"lazy\" decoding=\"async\" data-attachment-id=\"84792\" data-permalink=\"https:\/\/www.hoymercedes.com.ar\/principal\/2018\/12\/01\/intendente-ustarroz-inauguro-asfalto-que-une-escuela-n3-y-escuela-n30\/asfalto-55-2\/#main\" data-orig-file=\"https:\/\/www.hoymercedes.com.ar\/principal\/wp-content\/uploads\/2018\/12\/asfalto-55.2.jpg\" data-orig-size=\"865,577\" data-comments-opened=\"0\" data-image-meta=\"{&quot;aperture&quot;:&quot;0&quot;,&quot;credit&quot;:&quot;&quot;,&quot;camera&quot;:&quot;&quot;,&quot;caption&quot;:&quot;&quot;,&quot;created_timestamp&quot;:&quot;0&quot;,&quot;copyright&quot;:&quot;&quot;,&quot;focal_length&quot;:&quot;0&quot;,&quot;iso&quot;:&quot;0&quot;,&quot;shutter_speed&quot;:&quot;0&quot;,&quot;title&quot;:&quot;&quot;,&quot;orientation&quot;:&quot;0&quot;}\" data-image-title=\"asfalto-55.2\" data-image-description=\"\" data-image-caption=\"&lt;p&gt;Inauguraci\u00f3n Asfalto&lt;\/p&gt;\n\" data-large-file=\"https:\/\/www.hoymercedes.com.ar\/principal\/wp-content\/uploads\/2018\/12\/asfalto-55.2.jpg\" class=\"size-full wp-image-84792\" src=\"https:\/\/www.hoymercedes.com.ar\/principal\/wp-content\/uploads\/2018\/12\/asfalto-55.2.jpg\" alt=\"\" width=\"865\" height=\"577\" srcset=\"https:\/\/www.hoymercedes.com.ar\/principal\/wp-content\/uploads\/2018\/12\/asfalto-55.2.jpg 865w, https:\/\/www.hoymercedes.com.ar\/principal\/wp-content\/uploads\/2018\/12\/asfalto-55.2-150x100.jpg 150w, https:\/\/www.hoymercedes.com.ar\/principal\/wp-content\/uploads\/2018\/12\/asfalto-55.2-630x420.jpg 630w\" sizes=\"auto, (max-width: 865px) 100vw, 865px\" \/><figcaption id=\"caption-attachment-84792\" class=\"wp-caption-text\">Inauguraci\u00f3n Asfalto<\/figcaption><\/figure>\n<p>El Municipio de Mercedes contin\u00faa inaugurando obras por toda la ciudad. En esta oportunidad, otro trabajo de pavimentaci\u00f3n de primera calidad fue finalizado. La misma se extiende permitiendo la uni\u00f3n de dos instituciones educativas muy importantes de la zona, la escuela N\u00b03 y la N\u00b030. Adem\u00e1s, incluy\u00f3 mejoras h\u00eddricas e iluminaci\u00f3n. \u201cTodas las obras que estamos haciendo conllevan un gran esfuerzo, pero tambi\u00e9n lo que cuesta vale, y la gente ya comienza a reconocer una ciudad que avanza\u201d recalc\u00f3 el intendente Juan Ignacio Ustarroz.<\/p>\n<p><strong>Calidad <\/strong><\/p>\n<p>El jefe comunal, adem\u00e1s sostuvo \u201cestamos inaugurando este pavimento que es de hormig\u00f3n -para que dure mucho tiempo- y que une dos escuelas\u201d y a\u00f1adi\u00f3 \u201ca la hora de planificar las diferentes obras en la ciudad, tenemos objetivos, y uno de ellos es el de unir la infraestructura con la educaci\u00f3n\u201d.<\/p>\n<p>Asimismo, el Dr. Ustarroz dijo \u201cLos vecinos de estos barrios no s\u00f3lo ven el progreso a trav\u00e9s de este asfalto, sino tambi\u00e9n, ac\u00e1 cerca tienen el CIC, lugar donde se desarrollan diferentes programas de salud, que no son m\u00e1s que pol\u00edticas p\u00fablicas implementadas para ayudar a las personas que m\u00e1s lo necesitan\u201d.<\/p>\n<figure id=\"attachment_84793\" aria-describedby=\"caption-attachment-84793\" style=\"width: 855px\" class=\"wp-caption aligncenter\"><img loading=\"lazy\" decoding=\"async\" data-attachment-id=\"84793\" data-permalink=\"https:\/\/www.hoymercedes.com.ar\/principal\/2018\/12\/01\/intendente-ustarroz-inauguro-asfalto-que-une-escuela-n3-y-escuela-n30\/asfalto-55-3\/#main\" data-orig-file=\"https:\/\/www.hoymercedes.com.ar\/principal\/wp-content\/uploads\/2018\/12\/asfalto-55.3.jpg\" data-orig-size=\"865,577\" data-comments-opened=\"0\" data-image-meta=\"{&quot;aperture&quot;:&quot;0&quot;,&quot;credit&quot;:&quot;&quot;,&quot;camera&quot;:&quot;&quot;,&quot;caption&quot;:&quot;&quot;,&quot;created_timestamp&quot;:&quot;0&quot;,&quot;copyright&quot;:&quot;&quot;,&quot;focal_length&quot;:&quot;0&quot;,&quot;iso&quot;:&quot;0&quot;,&quot;shutter_speed&quot;:&quot;0&quot;,&quot;title&quot;:&quot;&quot;,&quot;orientation&quot;:&quot;0&quot;}\" data-image-title=\"asfalto-55.3\" data-image-description=\"\" data-image-caption=\"&lt;p&gt;Vecina que tom\u00f3 la palabra&lt;\/p&gt;\n\" data-large-file=\"https:\/\/www.hoymercedes.com.ar\/principal\/wp-content\/uploads\/2018\/12\/asfalto-55.3.jpg\" class=\"size-full wp-image-84793\" src=\"https:\/\/www.hoymercedes.com.ar\/principal\/wp-content\/uploads\/2018\/12\/asfalto-55.3.jpg\" alt=\"\" width=\"865\" height=\"577\" srcset=\"https:\/\/www.hoymercedes.com.ar\/principal\/wp-content\/uploads\/2018\/12\/asfalto-55.3.jpg 865w, https:\/\/www.hoymercedes.com.ar\/principal\/wp-content\/uploads\/2018\/12\/asfalto-55.3-150x100.jpg 150w, https:\/\/www.hoymercedes.com.ar\/principal\/wp-content\/uploads\/2018\/12\/asfalto-55.3-630x420.jpg 630w\" sizes=\"auto, (max-width: 865px) 100vw, 865px\" \/><figcaption id=\"caption-attachment-84793\" class=\"wp-caption-text\">Vecina que tom\u00f3 la palabra<\/figcaption><\/figure>\n<p><strong>Avances <\/strong><\/p>\n<p>Conjuntamente, el intendente Ustarroz enumer\u00f3 algunos de los trabajos realizados en esa zona de la ciudad \u201chace unos d\u00edas inauguramos en la calle 10 y 61 un sem\u00e1foro, que tratar\u00e1 de organizar el tr\u00e1nsito, mismo que fue construido por trabajadores municipales, sumada a una bicisenda. Estamos edificando otro jard\u00edn primera infancia (EPI) que beneficiar\u00e1 a los barrios a los barrios San Mart\u00edn, Muti y Lopardo\u201d y remarc\u00f3 \u201cse est\u00e1 intentando avanzar y progresar\u201d.<\/p>\n<p>La actividad se realiz\u00f3 con el acompa\u00f1amiento de varios vecinos. \u201cSiempre ped\u00ed la luz, la luz, usted deber\u00eda llamarse constancia y no Leonina me dec\u00eda el se\u00f1or que me atend\u00eda y ahora la tengo, estoy muy contenta\u201d, dijo Leonina y coment\u00f3 que \u201cel barrio avanz\u00f3 mucho\u201d y coment\u00f3 que \u201cel asfalto es progreso, estamos muy contento todo\u201d.<\/p>\n<p>Nora, otra de las vecinas, sostuvo que \u201cestoy muy feliz, nunca pens\u00e9 que ver\u00eda algo as\u00ed\u201d y sostuvo \u201cel intendente vino muchas veces, es una obra que no prometi\u00f3, pero que realiz\u00f3, eso es muy destacable\u201d<\/p>\n<figure id=\"attachment_84794\" aria-describedby=\"caption-attachment-84794\" style=\"width: 855px\" class=\"wp-caption aligncenter\"><img loading=\"lazy\" decoding=\"async\" data-attachment-id=\"84794\" data-permalink=\"https:\/\/www.hoymercedes.com.ar\/principal\/2018\/12\/01\/intendente-ustarroz-inauguro-asfalto-que-une-escuela-n3-y-escuela-n30\/asfalto-55-4\/#main\" data-orig-file=\"https:\/\/www.hoymercedes.com.ar\/principal\/wp-content\/uploads\/2018\/12\/asfalto-55.4.jpg\" data-orig-size=\"865,577\" data-comments-opened=\"0\" data-image-meta=\"{&quot;aperture&quot;:&quot;0&quot;,&quot;credit&quot;:&quot;&quot;,&quot;camera&quot;:&quot;&quot;,&quot;caption&quot;:&quot;&quot;,&quot;created_timestamp&quot;:&quot;0&quot;,&quot;copyright&quot;:&quot;&quot;,&quot;focal_length&quot;:&quot;0&quot;,&quot;iso&quot;:&quot;0&quot;,&quot;shutter_speed&quot;:&quot;0&quot;,&quot;title&quot;:&quot;&quot;,&quot;orientation&quot;:&quot;0&quot;}\" data-image-title=\"asfalto-55.4\" data-image-description=\"\" data-image-caption=\"&lt;p&gt;Ustarroz &lt;\/p&gt;\n\" data-large-file=\"https:\/\/www.hoymercedes.com.ar\/principal\/wp-content\/uploads\/2018\/12\/asfalto-55.4.jpg\" class=\"size-full wp-image-84794\" src=\"https:\/\/www.hoymercedes.com.ar\/principal\/wp-content\/uploads\/2018\/12\/asfalto-55.4.jpg\" alt=\"\" width=\"865\" height=\"577\" srcset=\"https:\/\/www.hoymercedes.com.ar\/principal\/wp-content\/uploads\/2018\/12\/asfalto-55.4.jpg 865w, https:\/\/www.hoymercedes.com.ar\/principal\/wp-content\/uploads\/2018\/12\/asfalto-55.4-150x100.jpg 150w, https:\/\/www.hoymercedes.com.ar\/principal\/wp-content\/uploads\/2018\/12\/asfalto-55.4-630x420.jpg 630w\" sizes=\"auto, (max-width: 865px) 100vw, 865px\" \/><figcaption id=\"caption-attachment-84794\" class=\"wp-caption-text\">Ustarroz<\/figcaption><\/figure>\n<p><strong>Contexto<\/strong><\/p>\n<p>Por otro lado, el jefe comunal afirm\u00f3 \u201cahora bien, no vivimos en una isla, por lo cual la crisis nos afecta a todos, por este motivo trabajamos para anticipar y poder sostener con recursos propios muchos de los problemas, que tanto el Estado Provincial como Nacional nos suman, como por ejemplo la quita del subsidio al transporte p\u00fablico\u201d y a\u00f1adi\u00f3 \u201cel Municipio, a sabiendas de la importancia de este medio para el pueblo de Mercedes, y gracias a municipalizar el estacionamiento medido, con recursos propios pudimos comprar los cuatro micros que hoy recorren las calles de nuestra ciudad\u201d<\/p>\n<p>\u201cEl transporte p\u00fablico no cay\u00f3 gracias al trabajo y al esfuerzo mancomunado entre el pueblo y el municipio de Mercedes\u201d.<\/p>\n<p><strong>Anuncio<\/strong><\/p>\n<p>En otro orden de temas, el intendente Ustarroz inform\u00f3 \u201ceste a\u00f1o vamos a construir 3 piletas en la ciudad, obras que generar\u00e1n trabajo a muchos mercedinos, algo que falta cada vez m\u00e1s en nuestro pa\u00eds. Las mismas las vamos a hacer en el barrio San Mart\u00edn, el club Defensores y en el club V\u00e9lez\u201d y subray\u00f3 \u201clo hacemos porque queremos que los chicos tengan sus lugares de referencia -clubes, barrios, sociedades de fomento- crezcan y puedan ser felices en ellas\u201d.<\/p>\n<p>Al finalizar, el intendente Juan Ignacio Ustarroz defini\u00f3 \u201cesta obra representa esfuerzo, trabajo, dignidad, y por sobre todas las cosas avanzar con un objetivo claro, seguir construyendo una ciudad para todos\u201d.<\/p>\n<p><span style=\"color: #999999;\">\u00a0data: sec. de obras<\/span><\/p>\n","protected":false},"excerpt":{"rendered":"<p>El Municipio de Mercedes contin\u00faa inaugurando obras por toda la ciudad. En esta oportunidad, otro trabajo de pavimentaci\u00f3n de primera &#8230; <a title=\"Intendente Ustarroz inaugur\u00f3 asfalto que une Escuela N\u00b03 y Escuela N\u00b030\" class=\"read-more\" href=\"https:\/\/www.hoymercedes.com.ar\/principal\/2018\/12\/01\/intendente-ustarroz-inauguro-asfalto-que-une-escuela-n3-y-escuela-n30\/\" aria-label=\"Leer m\u00e1s sobre Intendente Ustarroz inaugur\u00f3 asfalto que une Escuela N\u00b03 y Escuela N\u00b030\">Leer m\u00e1s<\/a><\/p>\n","protected":false},"author":1,"featured_media":84792,"comment_status":"closed","ping_status":"open","sticky":false,"template":"","format":"standard","meta":{"_monsterinsights_skip_tracking":false,"_monsterinsights_sitenote_active":false,"_monsterinsights_sitenote_note":"","_monsterinsights_sitenote_category":0,"jetpack_post_was_ever_published":false,"_jetpack_newsletter_access":"","_jetpack_dont_email_post_to_subs":false,"_jetpack_newsletter_tier_id":0,"_jetpack_memberships_contains_paywalled_content":false,"_jetpack_memberships_contains_paid_content":false,"footnotes":"","jetpack_publicize_message":"","jetpack_publicize_feature_enabled":true,"jetpack_social_post_already_shared":true,"jetpack_social_options":{"image_generator_settings":{"template":"highway","default_image_id":0,"font":"","enabled":false},"version":2},"_wpas_customize_per_network":false},"categories":[30],"tags":[14140,14141,14139,3810,2228,424],"class_list":["post-84791","post","type-post","status-publish","format-standard","has-post-thumbnail","hentry","category-municipio","tag-16-y-55-asfalto","tag-escuela-n3-y-escuela-n30","tag-inauguracion-asfalto","tag-matias-dematei","tag-obras-en-mercedes","tag-ustarroz","generate-columns","tablet-grid-50","mobile-grid-100","grid-parent","grid-50"],"jetpack_publicize_connections":[],"jetpack_featured_media_url":"https:\/\/www.hoymercedes.com.ar\/principal\/wp-content\/uploads\/2018\/12\/asfalto-55.2.jpg","wps_subtitle":"","jetpack_sharing_enabled":true,"_links":{"self":[{"href":"https:\/\/www.hoymercedes.com.ar\/principal\/wp-json\/wp\/v2\/posts\/84791","targetHints":{"allow":["GET"]}}],"collection":[{"href":"https:\/\/www.hoymercedes.com.ar\/principal\/wp-json\/wp\/v2\/posts"}],"about":[{"href":"https:\/\/www.hoymercedes.com.ar\/principal\/wp-json\/wp\/v2\/types\/post"}],"author":[{"embeddable":true,"href":"https:\/\/www.hoymercedes.com.ar\/principal\/wp-json\/wp\/v2\/users\/1"}],"replies":[{"embeddable":true,"href":"https:\/\/www.hoymercedes.com.ar\/principal\/wp-json\/wp\/v2\/comments?post=84791"}],"version-history":[{"count":0,"href":"https:\/\/www.hoymercedes.com.ar\/principal\/wp-json\/wp\/v2\/posts\/84791\/revisions"}],"wp:featuredmedia":[{"embeddable":true,"href":"https:\/\/www.hoymercedes.com.ar\/principal\/wp-json\/wp\/v2\/media\/84792"}],"wp:attachment":[{"href":"https:\/\/www.hoymercedes.com.ar\/principal\/wp-json\/wp\/v2\/media?parent=84791"}],"wp:term":[{"taxonomy":"category","embeddable":true,"href":"https:\/\/www.hoymercedes.com.ar\/principal\/wp-json\/wp\/v2\/categories?post=84791"},{"taxonomy":"post_tag","embeddable":true,"href":"https:\/\/www.hoymercedes.com.ar\/principal\/wp-json\/wp\/v2\/tags?post=84791"}],"curies":[{"name":"wp","href":"https:\/\/api.w.org\/{rel}","templated":true}]}}