{"id":84796,"date":"2018-12-02T09:00:51","date_gmt":"2018-12-02T12:00:51","guid":{"rendered":"http:\/\/www.hoymercedes.com.ar\/principal\/?p=84796"},"modified":"2018-12-02T02:29:52","modified_gmt":"2018-12-02T05:29:52","slug":"abrio-con-destacada-asistencia-el-mercado-sustentable-en-la-trocha","status":"publish","type":"post","link":"https:\/\/www.hoymercedes.com.ar\/principal\/2018\/12\/02\/abrio-con-destacada-asistencia-el-mercado-sustentable-en-la-trocha\/","title":{"rendered":"Abri\u00f3 con destacada asistencia el Mercado Sustentable en La Trocha"},"content":{"rendered":"<figure id=\"attachment_84797\" aria-describedby=\"caption-attachment-84797\" style=\"width: 720px\" class=\"wp-caption aligncenter\"><img loading=\"lazy\" decoding=\"async\" data-attachment-id=\"84797\" data-permalink=\"https:\/\/www.hoymercedes.com.ar\/principal\/2018\/12\/02\/abrio-con-destacada-asistencia-el-mercado-sustentable-en-la-trocha\/mercadosustentabledsc_0031\/#main\" data-orig-file=\"https:\/\/www.hoymercedes.com.ar\/principal\/wp-content\/uploads\/2018\/12\/MercadoSustentableDSC_0031.jpg\" data-orig-size=\"730,485\" data-comments-opened=\"0\" data-image-meta=\"{&quot;aperture&quot;:&quot;4&quot;,&quot;credit&quot;:&quot;&quot;,&quot;camera&quot;:&quot;NIKON D3200&quot;,&quot;caption&quot;:&quot;&quot;,&quot;created_timestamp&quot;:&quot;1543665604&quot;,&quot;copyright&quot;:&quot;&quot;,&quot;focal_length&quot;:&quot;18&quot;,&quot;iso&quot;:&quot;400&quot;,&quot;shutter_speed&quot;:&quot;0.016666666666667&quot;,&quot;title&quot;:&quot;&quot;,&quot;orientation&quot;:&quot;0&quot;}\" data-image-title=\"MercadoSustentableDSC_0031\" data-image-description=\"\" data-image-caption=\"&lt;p&gt;Mercado Sustentable en La Trocha&lt;\/p&gt;\n\" data-large-file=\"https:\/\/www.hoymercedes.com.ar\/principal\/wp-content\/uploads\/2018\/12\/MercadoSustentableDSC_0031.jpg\" class=\"size-full wp-image-84797\" src=\"https:\/\/www.hoymercedes.com.ar\/principal\/wp-content\/uploads\/2018\/12\/MercadoSustentableDSC_0031.jpg\" alt=\"\" width=\"730\" height=\"485\" srcset=\"https:\/\/www.hoymercedes.com.ar\/principal\/wp-content\/uploads\/2018\/12\/MercadoSustentableDSC_0031.jpg 730w, https:\/\/www.hoymercedes.com.ar\/principal\/wp-content\/uploads\/2018\/12\/MercadoSustentableDSC_0031-150x100.jpg 150w, https:\/\/www.hoymercedes.com.ar\/principal\/wp-content\/uploads\/2018\/12\/MercadoSustentableDSC_0031-630x419.jpg 630w\" sizes=\"auto, (max-width: 730px) 100vw, 730px\" \/><figcaption id=\"caption-attachment-84797\" class=\"wp-caption-text\">Mercado Sustentable en La Trocha<\/figcaption><\/figure>\n<p>Con una gran cantidad de vecinos presentes se llev\u00f3 a cabo la puesta en marcha del primer \u201cMercado Sustentable\u201d de Mercedes en el \u00e1mbito del Complejo Cultural La Trocha. Desde 11hs que abri\u00f3 sus puestas el p\u00fablico no ces\u00f3 de recorrerlo, consultar, comprar y degustar. \u201cDesde el productor directamente al vecino\u201d, destac\u00f3 el jefe comunal Juan Ignacio Ustarroz mencionando que \u201cha sido una realizaci\u00f3n con productos totalmente sustentables, agro ecol\u00f3gicos, con cada una de sus estructuras recicladas y una propuesta de econom\u00eda social muy creativa\u201d.<\/p>\n<p>Por su parte, la Secretaria de Desarrollo Social, Lic. Jorgelina Silva, expres\u00f3 que \u201cfue un gran trabajo previo. Reciclamos todo lo que se ve en mobiliario, trabajamos con los productores locales, organizamos este mercado que hoy es una realidad y que como vemos ha tenido un gran \u00e9xito, donde cientos de vecinos pasaron durante el tiempo que estuvo abierto y donde deseamos en quince d\u00edas cuando vuelva a abrirse nos encontremos con una importante convocatoria\u201d.<\/p>\n<figure id=\"attachment_84798\" aria-describedby=\"caption-attachment-84798\" style=\"width: 720px\" class=\"wp-caption aligncenter\"><img loading=\"lazy\" decoding=\"async\" data-attachment-id=\"84798\" data-permalink=\"https:\/\/www.hoymercedes.com.ar\/principal\/2018\/12\/02\/abrio-con-destacada-asistencia-el-mercado-sustentable-en-la-trocha\/mercadosustentabledsc_0021\/#main\" data-orig-file=\"https:\/\/www.hoymercedes.com.ar\/principal\/wp-content\/uploads\/2018\/12\/MercadoSustentableDSC_0021.jpg\" data-orig-size=\"730,485\" data-comments-opened=\"0\" data-image-meta=\"{&quot;aperture&quot;:&quot;5&quot;,&quot;credit&quot;:&quot;&quot;,&quot;camera&quot;:&quot;NIKON D3200&quot;,&quot;caption&quot;:&quot;&quot;,&quot;created_timestamp&quot;:&quot;1543664992&quot;,&quot;copyright&quot;:&quot;&quot;,&quot;focal_length&quot;:&quot;38&quot;,&quot;iso&quot;:&quot;400&quot;,&quot;shutter_speed&quot;:&quot;0.01&quot;,&quot;title&quot;:&quot;&quot;,&quot;orientation&quot;:&quot;0&quot;}\" data-image-title=\"MercadoSustentableDSC_0021\" data-image-description=\"\" data-image-caption=\"&lt;p&gt;Variedad y calidad de productos directo del productor al vecino&lt;\/p&gt;\n\" data-large-file=\"https:\/\/www.hoymercedes.com.ar\/principal\/wp-content\/uploads\/2018\/12\/MercadoSustentableDSC_0021.jpg\" class=\"size-full wp-image-84798\" src=\"https:\/\/www.hoymercedes.com.ar\/principal\/wp-content\/uploads\/2018\/12\/MercadoSustentableDSC_0021.jpg\" alt=\"\" width=\"730\" height=\"485\" srcset=\"https:\/\/www.hoymercedes.com.ar\/principal\/wp-content\/uploads\/2018\/12\/MercadoSustentableDSC_0021.jpg 730w, https:\/\/www.hoymercedes.com.ar\/principal\/wp-content\/uploads\/2018\/12\/MercadoSustentableDSC_0021-150x100.jpg 150w, https:\/\/www.hoymercedes.com.ar\/principal\/wp-content\/uploads\/2018\/12\/MercadoSustentableDSC_0021-630x419.jpg 630w\" sizes=\"auto, (max-width: 730px) 100vw, 730px\" \/><figcaption id=\"caption-attachment-84798\" class=\"wp-caption-text\">Variedad y calidad de productos directo del productor al vecino<\/figcaption><\/figure>\n<p>Vale destacar que hubo un muy buen nivel de ventas, tal como los productores narraron, y que es parte de un impulso a la econom\u00eda local y de peque\u00f1os emprendedores, destacaron desde Desarrollo Social.<\/p>\n<p>Para el jefe comunal, Juan Ignacio Ustarroz, esta propuesta \u201ctiene que ver con el concepto y la filosof\u00eda del espacio p\u00fablico que nosotros estamos planteando, donde se empieza a intervenir el mismo con propuestas, en este caso productivas\u201d pero que adem\u00e1s es \u201cun paseo nuevo y distinto, con productos de primera calidad, novedosos, para los vecinos y visitantes\u201d sostuvo dado que tambi\u00e9n se acerc\u00f3 al predio un contingente desde Capital Federal que vino al Festival de Tango y fue hasta La Trocha.<\/p>\n<figure id=\"attachment_84799\" aria-describedby=\"caption-attachment-84799\" style=\"width: 720px\" class=\"wp-caption aligncenter\"><img loading=\"lazy\" decoding=\"async\" data-attachment-id=\"84799\" data-permalink=\"https:\/\/www.hoymercedes.com.ar\/principal\/2018\/12\/02\/abrio-con-destacada-asistencia-el-mercado-sustentable-en-la-trocha\/mercadosustentabledsc_0014\/#main\" data-orig-file=\"https:\/\/www.hoymercedes.com.ar\/principal\/wp-content\/uploads\/2018\/12\/MercadoSustentableDSC_0014.jpg\" data-orig-size=\"730,485\" data-comments-opened=\"0\" data-image-meta=\"{&quot;aperture&quot;:&quot;5.6&quot;,&quot;credit&quot;:&quot;&quot;,&quot;camera&quot;:&quot;NIKON D3200&quot;,&quot;caption&quot;:&quot;&quot;,&quot;created_timestamp&quot;:&quot;1543664386&quot;,&quot;copyright&quot;:&quot;&quot;,&quot;focal_length&quot;:&quot;18&quot;,&quot;iso&quot;:&quot;400&quot;,&quot;shutter_speed&quot;:&quot;0.008&quot;,&quot;title&quot;:&quot;&quot;,&quot;orientation&quot;:&quot;0&quot;}\" data-image-title=\"MercadoSustentableDSC_0014\" data-image-description=\"\" data-image-caption=\"&lt;p&gt;Importantes ventas para los productores locales&lt;\/p&gt;\n\" data-large-file=\"https:\/\/www.hoymercedes.com.ar\/principal\/wp-content\/uploads\/2018\/12\/MercadoSustentableDSC_0014.jpg\" class=\"size-full wp-image-84799\" src=\"https:\/\/www.hoymercedes.com.ar\/principal\/wp-content\/uploads\/2018\/12\/MercadoSustentableDSC_0014.jpg\" alt=\"\" width=\"730\" height=\"485\" srcset=\"https:\/\/www.hoymercedes.com.ar\/principal\/wp-content\/uploads\/2018\/12\/MercadoSustentableDSC_0014.jpg 730w, https:\/\/www.hoymercedes.com.ar\/principal\/wp-content\/uploads\/2018\/12\/MercadoSustentableDSC_0014-150x100.jpg 150w, https:\/\/www.hoymercedes.com.ar\/principal\/wp-content\/uploads\/2018\/12\/MercadoSustentableDSC_0014-630x419.jpg 630w\" sizes=\"auto, (max-width: 730px) 100vw, 730px\" \/><figcaption id=\"caption-attachment-84799\" class=\"wp-caption-text\">Importantes ventas para los productores locales<\/figcaption><\/figure>\n<p>Mariano Cristofari y Carolina Heinrich han sido dos de los creativos tras esta propuesta y quienes no dejaron de remarcar que todo el mercado tiene un perfil absolutamente respetuoso de nuestro ambiente, con reciclado y productos elaborados naturalmente.<\/p>\n<p>&nbsp;<\/p>\n<p><span style=\"color: #999999;\">Fuente: C.C.La Trocha<\/span><\/p>\n","protected":false},"excerpt":{"rendered":"<p>Con una gran cantidad de vecinos presentes se llev\u00f3 a cabo la puesta en marcha del primer \u201cMercado Sustentable\u201d de &#8230; <a title=\"Abri\u00f3 con destacada asistencia el Mercado Sustentable en La Trocha\" class=\"read-more\" href=\"https:\/\/www.hoymercedes.com.ar\/principal\/2018\/12\/02\/abrio-con-destacada-asistencia-el-mercado-sustentable-en-la-trocha\/\" aria-label=\"Leer m\u00e1s sobre Abri\u00f3 con destacada asistencia el Mercado Sustentable en La Trocha\">Leer m\u00e1s<\/a><\/p>\n","protected":false},"author":1,"featured_media":84797,"comment_status":"closed","ping_status":"open","sticky":false,"template":"","format":"standard","meta":{"_monsterinsights_skip_tracking":false,"_monsterinsights_sitenote_active":false,"_monsterinsights_sitenote_note":"","_monsterinsights_sitenote_category":0,"jetpack_post_was_ever_published":false,"_jetpack_newsletter_access":"","_jetpack_dont_email_post_to_subs":false,"_jetpack_newsletter_tier_id":0,"_jetpack_memberships_contains_paywalled_content":false,"_jetpack_memberships_contains_paid_content":false,"footnotes":"","jetpack_publicize_message":"","jetpack_publicize_feature_enabled":true,"jetpack_social_post_already_shared":true,"jetpack_social_options":{"image_generator_settings":{"template":"highway","default_image_id":0,"font":"","enabled":false},"version":2},"_wpas_customize_per_network":false},"categories":[30],"tags":[5829,14054],"class_list":["post-84796","post","type-post","status-publish","format-standard","has-post-thumbnail","hentry","category-municipio","tag-complejo-la-trocha","tag-mercado-sustentable","generate-columns","tablet-grid-50","mobile-grid-100","grid-parent","grid-50"],"jetpack_publicize_connections":[],"jetpack_featured_media_url":"https:\/\/www.hoymercedes.com.ar\/principal\/wp-content\/uploads\/2018\/12\/MercadoSustentableDSC_0031.jpg","wps_subtitle":"Econom\u00eda social","jetpack_sharing_enabled":true,"_links":{"self":[{"href":"https:\/\/www.hoymercedes.com.ar\/principal\/wp-json\/wp\/v2\/posts\/84796","targetHints":{"allow":["GET"]}}],"collection":[{"href":"https:\/\/www.hoymercedes.com.ar\/principal\/wp-json\/wp\/v2\/posts"}],"about":[{"href":"https:\/\/www.hoymercedes.com.ar\/principal\/wp-json\/wp\/v2\/types\/post"}],"author":[{"embeddable":true,"href":"https:\/\/www.hoymercedes.com.ar\/principal\/wp-json\/wp\/v2\/users\/1"}],"replies":[{"embeddable":true,"href":"https:\/\/www.hoymercedes.com.ar\/principal\/wp-json\/wp\/v2\/comments?post=84796"}],"version-history":[{"count":0,"href":"https:\/\/www.hoymercedes.com.ar\/principal\/wp-json\/wp\/v2\/posts\/84796\/revisions"}],"wp:featuredmedia":[{"embeddable":true,"href":"https:\/\/www.hoymercedes.com.ar\/principal\/wp-json\/wp\/v2\/media\/84797"}],"wp:attachment":[{"href":"https:\/\/www.hoymercedes.com.ar\/principal\/wp-json\/wp\/v2\/media?parent=84796"}],"wp:term":[{"taxonomy":"category","embeddable":true,"href":"https:\/\/www.hoymercedes.com.ar\/principal\/wp-json\/wp\/v2\/categories?post=84796"},{"taxonomy":"post_tag","embeddable":true,"href":"https:\/\/www.hoymercedes.com.ar\/principal\/wp-json\/wp\/v2\/tags?post=84796"}],"curies":[{"name":"wp","href":"https:\/\/api.w.org\/{rel}","templated":true}]}}