{"id":84810,"date":"2018-12-02T12:00:38","date_gmt":"2018-12-02T15:00:38","guid":{"rendered":"http:\/\/www.hoymercedes.com.ar\/principal\/?p=84810"},"modified":"2018-12-02T11:42:08","modified_gmt":"2018-12-02T14:42:08","slug":"el-ambiente-natural-es-importante-y-debemos-aprender-a-cuidarlo","status":"publish","type":"post","link":"https:\/\/www.hoymercedes.com.ar\/principal\/2018\/12\/02\/el-ambiente-natural-es-importante-y-debemos-aprender-a-cuidarlo\/","title":{"rendered":"El ambiente natural es importante y debemos aprender a cuidarlo"},"content":{"rendered":"<p>Por Cristi\u00e1n Frers* &#8211; El medio ambiente es un sistema formado por elementos naturales y artificiales que est\u00e1n interrelacionados y que son modificados por la acci\u00f3n humana. Se trata del entorno que condiciona la forma de vida de la sociedad y que incluye valores naturales, sociales y culturales.<\/p>\n<p>Es la conservaci\u00f3n del ambiente, lo que lleva a la vida prolongada y sostenida de todas las generaciones incluidas dentro del entorno; permitiendo as\u00ed mismo la aparici\u00f3n de generaciones pr\u00f3ximas con las mismas o mejores cualidades.<\/p>\n<p>En su forma integral, el medio ambiente tambi\u00e9n se constituye por factores f\u00edsicos como son el clima y la geolog\u00eda, mientras que en sus elementos biol\u00f3gicos;\u00a0se encuentra la poblaci\u00f3n la flora, la fauna y de seres humanos.<\/p>\n<p>Para evitar la destrucci\u00f3n del entorno y la supervivencia de los seres vivos y desarrollo humano, es necesario tomar los recaudos necesarios. Es necesario hacer un buen uso de los recursos naturales, que no sean utilizados de manera indiscriminada y realizar tareas sustentables.<\/p>\n<p>Hoy en d\u00eda, el costo de la degradaci\u00f3n del medio natural equivale a un valor econ\u00f3mico de aproximadamente el 8% del PBI de Argentina. Y mientras el gasto nacional en la gesti\u00f3n ambiental ha \u00a0venido aumentado, sigue siendo significativamente bajo.<\/p>\n<p>Para contrarrestar esta tendencia, se sugiere mejoras en la recolecci\u00f3n, gesti\u00f3n y accesibilidad de datos sobre el medio ambiente y los recursos naturales, y adaptaciones en la capacidad institucional para hacer frente a los problemas ambientales actuales.<\/p>\n<p>El problema de la Argentina en relaci\u00f3n a las cuestiones ambientales es lo que cada uno de los gobiernos puede ir haciendo. Pero b\u00e1sicamente el gran problema es que el Estado en su conjunto, incluso los tres poderes del Estado, no ha dimensionado que el tema ambiental es un tema muy acuciante, muy demandante en t\u00e9rminos del futuro que puede llegar a tener el pa\u00eds.<\/p>\n<p>Hay cierto grado de subestimaci\u00f3n por parte del Estado, respecto de en qu\u00e9 lugar de la agenda tiene que estar la cuesti\u00f3n ambiental. La clase pol\u00edtica sigue pensando la cuesti\u00f3n ambiental de manera secuencial. Es decir, hay que resolver los problemas de necesidades b\u00e1sicas, luego resolver problemas de la educaci\u00f3n y luego, ocuparnos de cuestiones ambientales porque parecen ser relativamente superfluas. Y creo que est\u00e1 demostrado que indudablemente no es as\u00ed. No solo desde la percepci\u00f3n de la propia sociedad. Los conflictos ambientales hoy existen: desde Esquel, San Juan, C\u00f3rdoba, el Riachuelo. La sociedad est\u00e1 demandando un desarrollo arm\u00f3nico en t\u00e9rminos ambientales. La sociedad, para decirlo vulgarmente, no quiere comer al lado de un r\u00edo putrefacto. No quiere que se les satisfaga el derecho a la alimentaci\u00f3n y a la vestimenta al lado de un lugar donde no puede respirar.<\/p>\n<p>Muchas veces la falta de coordinaci\u00f3n y de planificaci\u00f3n de las acciones de los gobiernos ha derivado en una total ineficacia de sus pol\u00edticas, y han significado, en las cuestiones ambiente y de infraestructura, la necesidad de volver al principio, a cero. Por ejemplo, las muy pocas veces que se han establecido medidas anticontaminaci\u00f3n de los cursos de agua, se acciona contra diversas empresas, pero no se tienen en cuenta los basureros a cielo abierto, que siempre se encuentran a la vera de los r\u00edos, o se vierten l\u00edquidos cloacales sin tratamiento alguno, o simplemente se fugan efluentes con la complicidad de ciertos funcionarios que hacen la vista gorda. Las pol\u00edticas ambientales, sobre todo aquellas dirigidas a frenar el da\u00f1o que causa la contaminaci\u00f3n deben ser a todo o nada, es decir que si se emprende una campa\u00f1a no se pueden dejar fisuras o empezar por peque\u00f1eces. No sirve llevar a los jardines de infantes a juntar papelitos, mientras se deja que una poderosa industria desv\u00ede su efluente contaminante de la planta de tratamiento. No es eficiente hacer un llamado a la adhesi\u00f3n voluntaria a un plan de producci\u00f3n limpia, al que acudir\u00e1n los que siempre colaboran, pues aquellos a quienes la producci\u00f3n limpia no les interesa seguir\u00e1n contaminando libremente.<\/p>\n<p>Nos ha tocado vivir un tiempo de aprendices de brujo. Hemos puesto en marcha una civilizaci\u00f3n que ha logrado incesantemente mejorar la vida de much\u00edsima gente, pero tal vez apresuradamente. No pod\u00edamos medir las consecuencias de tantas cosas que est\u00e1bamos haciendo en el planeta. Esta nave con la cual andamos por el universo tiene sus propias complejidades y ahora estamos aprendiendo, con dolor, que\u00a0tenemos que modificar muchos aspectos de nuestro comportamiento para que la Tierra se mantenga sustentable.<\/p>\n<p>* Cristi\u00e1n Frers \u2013 T\u00e9cnico Superior en Gesti\u00f3n Ambiental y T\u00e9cnico Superior en Comunicaci\u00f3n Social (Periodista).<\/p>\n<p>&nbsp;<\/p>\n","protected":false},"excerpt":{"rendered":"<p>Por Cristi\u00e1n Frers* &#8211; El medio ambiente es un sistema formado por elementos naturales y artificiales que est\u00e1n interrelacionados y &#8230; <a title=\"El ambiente natural es importante y debemos aprender a cuidarlo\" class=\"read-more\" href=\"https:\/\/www.hoymercedes.com.ar\/principal\/2018\/12\/02\/el-ambiente-natural-es-importante-y-debemos-aprender-a-cuidarlo\/\" aria-label=\"Leer m\u00e1s sobre El ambiente natural es importante y debemos aprender a cuidarlo\">Leer m\u00e1s<\/a><\/p>\n","protected":false},"author":1,"featured_media":80369,"comment_status":"closed","ping_status":"open","sticky":false,"template":"","format":"standard","meta":{"_monsterinsights_skip_tracking":false,"_monsterinsights_sitenote_active":false,"_monsterinsights_sitenote_note":"","_monsterinsights_sitenote_category":0,"jetpack_post_was_ever_published":false,"_jetpack_newsletter_access":"","_jetpack_dont_email_post_to_subs":false,"_jetpack_newsletter_tier_id":0,"_jetpack_memberships_contains_paywalled_content":false,"_jetpack_memberships_contains_paid_content":false,"footnotes":"","jetpack_publicize_message":"","jetpack_publicize_feature_enabled":true,"jetpack_social_post_already_shared":true,"jetpack_social_options":{"image_generator_settings":{"template":"highway","default_image_id":0,"font":"","enabled":false},"version":2},"_wpas_customize_per_network":false},"categories":[1],"tags":[9001,43,8748],"class_list":["post-84810","post","type-post","status-publish","format-standard","has-post-thumbnail","hentry","category-opinion","tag-ambiente","tag-medio-ambiente","tag-opinion","generate-columns","tablet-grid-50","mobile-grid-100","grid-parent","grid-50"],"jetpack_publicize_connections":[],"jetpack_featured_media_url":"https:\/\/www.hoymercedes.com.ar\/principal\/wp-content\/uploads\/2018\/08\/26-ambiente.png","wps_subtitle":"Opinion","jetpack_sharing_enabled":true,"_links":{"self":[{"href":"https:\/\/www.hoymercedes.com.ar\/principal\/wp-json\/wp\/v2\/posts\/84810","targetHints":{"allow":["GET"]}}],"collection":[{"href":"https:\/\/www.hoymercedes.com.ar\/principal\/wp-json\/wp\/v2\/posts"}],"about":[{"href":"https:\/\/www.hoymercedes.com.ar\/principal\/wp-json\/wp\/v2\/types\/post"}],"author":[{"embeddable":true,"href":"https:\/\/www.hoymercedes.com.ar\/principal\/wp-json\/wp\/v2\/users\/1"}],"replies":[{"embeddable":true,"href":"https:\/\/www.hoymercedes.com.ar\/principal\/wp-json\/wp\/v2\/comments?post=84810"}],"version-history":[{"count":0,"href":"https:\/\/www.hoymercedes.com.ar\/principal\/wp-json\/wp\/v2\/posts\/84810\/revisions"}],"wp:featuredmedia":[{"embeddable":true,"href":"https:\/\/www.hoymercedes.com.ar\/principal\/wp-json\/wp\/v2\/media\/80369"}],"wp:attachment":[{"href":"https:\/\/www.hoymercedes.com.ar\/principal\/wp-json\/wp\/v2\/media?parent=84810"}],"wp:term":[{"taxonomy":"category","embeddable":true,"href":"https:\/\/www.hoymercedes.com.ar\/principal\/wp-json\/wp\/v2\/categories?post=84810"},{"taxonomy":"post_tag","embeddable":true,"href":"https:\/\/www.hoymercedes.com.ar\/principal\/wp-json\/wp\/v2\/tags?post=84810"}],"curies":[{"name":"wp","href":"https:\/\/api.w.org\/{rel}","templated":true}]}}