{"id":84824,"date":"2018-12-02T15:00:46","date_gmt":"2018-12-02T18:00:46","guid":{"rendered":"http:\/\/www.hoymercedes.com.ar\/principal\/?p=84824"},"modified":"2018-12-02T14:51:18","modified_gmt":"2018-12-02T17:51:18","slug":"finalizo-la-seleccion-de-libros-del-programa-mercedes-aprende","status":"publish","type":"post","link":"https:\/\/www.hoymercedes.com.ar\/principal\/2018\/12\/02\/finalizo-la-seleccion-de-libros-del-programa-mercedes-aprende\/","title":{"rendered":"Finaliz\u00f3 la selecci\u00f3n de libros del \u201cPrograma Mercedes Aprende\u201d"},"content":{"rendered":"<p>Luego de diferentes encuentros realizados entre docentes, directivos, autoridades educativas y municipales se dio por finalizada la etapa de selecci\u00f3n de los libros que se entregar\u00e1n en el ciclo lectivo al primer ciclo (1\u00b0,2\u00b0,3\u00b0 grado) de todas las escuelas p\u00fablicas de la ciudad de Mercedes en el marco del Programa \u201cMercedes Aprende\u201d.<\/p>\n<p><img loading=\"lazy\" decoding=\"async\" data-attachment-id=\"84825\" data-permalink=\"https:\/\/www.hoymercedes.com.ar\/principal\/2018\/12\/02\/finalizo-la-seleccion-de-libros-del-programa-mercedes-aprende\/02-libros-muni\/#main\" data-orig-file=\"https:\/\/www.hoymercedes.com.ar\/principal\/wp-content\/uploads\/2018\/12\/02-libros-muni.jpg\" data-orig-size=\"750,500\" data-comments-opened=\"0\" data-image-meta=\"{&quot;aperture&quot;:&quot;0&quot;,&quot;credit&quot;:&quot;&quot;,&quot;camera&quot;:&quot;&quot;,&quot;caption&quot;:&quot;&quot;,&quot;created_timestamp&quot;:&quot;0&quot;,&quot;copyright&quot;:&quot;&quot;,&quot;focal_length&quot;:&quot;0&quot;,&quot;iso&quot;:&quot;0&quot;,&quot;shutter_speed&quot;:&quot;0&quot;,&quot;title&quot;:&quot;&quot;,&quot;orientation&quot;:&quot;0&quot;}\" data-image-title=\"02 libros muni\" data-image-description=\"\" data-image-caption=\"\" data-large-file=\"https:\/\/www.hoymercedes.com.ar\/principal\/wp-content\/uploads\/2018\/12\/02-libros-muni.jpg\" class=\"aligncenter size-full wp-image-84825\" src=\"https:\/\/www.hoymercedes.com.ar\/principal\/wp-content\/uploads\/2018\/12\/02-libros-muni.jpg\" alt=\"\" width=\"750\" height=\"500\" srcset=\"https:\/\/www.hoymercedes.com.ar\/principal\/wp-content\/uploads\/2018\/12\/02-libros-muni.jpg 750w, https:\/\/www.hoymercedes.com.ar\/principal\/wp-content\/uploads\/2018\/12\/02-libros-muni-150x100.jpg 150w, https:\/\/www.hoymercedes.com.ar\/principal\/wp-content\/uploads\/2018\/12\/02-libros-muni-630x420.jpg 630w\" sizes=\"auto, (max-width: 750px) 100vw, 750px\" \/><\/p>\n<p>A comienzos del mes de octubre se notific\u00f3 a las autoridades educativas la decisi\u00f3n de llevar adelante el programa y se solicit\u00f3 la realizaci\u00f3n de una convocatoria a los inspectores y directivos de las escuelas primarias con el objetivo de dar comienzo al proceso de selecci\u00f3n de libros de manera participativa y democr\u00e1tica. En los encuentros realizados los docentes participantes en representaci\u00f3n observaron y analizaron las distintas propuestas que las editoriales escolares enviaron al municipio. Es para destacar que la convocatoria a dichas editoriales fue realizada a trav\u00e9s de las c\u00e1maras empresariales que las nuclean, as\u00ed la solicitud de material de muestra les llegaba a todas.<\/p>\n<p>De los diferentes encuentros surgieron iniciativas que no estaban contempladas en un principio, lo que gener\u00f3 una mayor aceptaci\u00f3n y una mejora en la selecci\u00f3n del material, pensando siempre en que el objetivo del programa es generar una herramienta textual m\u00e1s con las que los docentes y los ni\u00f1os puedan mejorar su desarrollo pedag\u00f3gico.<\/p>\n<p>Fueron seleccionados dos manuales de \u00e1reas integradas de editoriales diferentes propuestos por los docentes participantes, por un lado el manual \u201cAlejo mira de lejos\u201d de Editorial Mandioca y por otro lado \u201cLas aventuras de Yago\u201d de Editorial Kapeluz. Dichos manuales son de creaci\u00f3n editorial reciente y contienen todos los contenidos que establecen los Dise\u00f1os Curriculares de la DGCyE. Sumado a la entrega de material, se logr\u00f3 acordar la generaci\u00f3n de capacitaciones a realizarse con los autores de los manuales y otras de diferentes tem\u00e1ticas.<\/p>\n<p>Ciudad Educativa<\/p>\n<p>Al respecto el intendente Ustarroz manifest\u00f3 \u201cPensamos a Mercedes como una Ciudad Educativa, desde donde se planifican Pol\u00edticas Publicas Educativas Municipales, pensadas como herramientas de transformaci\u00f3n, uno de nuestros principales ejes de trabajo, entendi\u00e9ndola no solo como un medio que nos permite reflexionar y crear conciencia en cuanto a lo que sucede y se hace, sino como motor de personas cr\u00edticas, din\u00e1micas, creativas y tolerantes. Este programa viene a fortalecer el trabajo que diariamente cientos de docentes realizan con mucho compromiso en las escuelas de nuestra ciudad\u201d.<\/p>\n<p>Por otro lado, Jos\u00e9 Pisano expres\u00f3 \u201cPrimero agradezco al intendente la oportunidad, es un programa que viene a demostrar que si la educaci\u00f3n es primordial hay tomar las decisiones en ese sentido, y la verdad que estas acciones demuestran el inter\u00e9s del Intendente de generar una verdadera inclusi\u00f3n educativa que contrarreste los conceptos establecidos por los defensores de la \u201cmeritocracia\u201d, sumado al ajuste tremendo en educaci\u00f3n que realiz\u00f3 el gobierno nacional en el presupuesto 2019 y en particular al programa de entrega de libros.\u00a0 Frente a esto, nosotros debemos demostrar que se puede pensar en pol\u00edticas educativas serias y de largo plazo, porque la Educaci\u00f3n es para nosotros una herramienta colectiva que intenta igualar a todos los vecinos de nuestra ciudad en el marco del trabajo articulado\u201d.<\/p>\n<p>De esta manera, se logr\u00f3 en muy poco tiempo poner un ambicioso y muy bien recibido programa en marcha, con una gran participaci\u00f3n de sus protagonistas: docentes, directivos, inspectores, quienes son d\u00eda a d\u00eda los que realizan las tareas de los procesos de ense\u00f1anza aprendizaje forjando el futuro de nuestros ni\u00f1os y ni\u00f1as.<\/p>\n<p>Fuente: Prensa Municipal<\/p>\n<p>&nbsp;<\/p>\n","protected":false},"excerpt":{"rendered":"<p>Luego de diferentes encuentros realizados entre docentes, directivos, autoridades educativas y municipales se dio por finalizada la etapa de selecci\u00f3n &#8230; <a title=\"Finaliz\u00f3 la selecci\u00f3n de libros del \u201cPrograma Mercedes Aprende\u201d\" class=\"read-more\" href=\"https:\/\/www.hoymercedes.com.ar\/principal\/2018\/12\/02\/finalizo-la-seleccion-de-libros-del-programa-mercedes-aprende\/\" aria-label=\"Leer m\u00e1s sobre Finaliz\u00f3 la selecci\u00f3n de libros del \u201cPrograma Mercedes Aprende\u201d\">Leer m\u00e1s<\/a><\/p>\n","protected":false},"author":1,"featured_media":84825,"comment_status":"closed","ping_status":"open","sticky":false,"template":"","format":"standard","meta":{"_monsterinsights_skip_tracking":false,"_monsterinsights_sitenote_active":false,"_monsterinsights_sitenote_note":"","_monsterinsights_sitenote_category":0,"jetpack_post_was_ever_published":false,"_jetpack_newsletter_access":"","_jetpack_dont_email_post_to_subs":false,"_jetpack_newsletter_tier_id":0,"_jetpack_memberships_contains_paywalled_content":false,"_jetpack_memberships_contains_paid_content":false,"footnotes":"","jetpack_publicize_message":"","jetpack_publicize_feature_enabled":true,"jetpack_social_post_already_shared":true,"jetpack_social_options":{"image_generator_settings":{"template":"highway","default_image_id":0,"font":"","enabled":false},"version":2},"_wpas_customize_per_network":false},"categories":[30],"tags":[47,869,244],"class_list":["post-84824","post","type-post","status-publish","format-standard","has-post-thumbnail","hentry","category-municipio","tag-educacion-2","tag-libro","tag-municipio-2","generate-columns","tablet-grid-50","mobile-grid-100","grid-parent","grid-50"],"jetpack_publicize_connections":[],"jetpack_featured_media_url":"https:\/\/www.hoymercedes.com.ar\/principal\/wp-content\/uploads\/2018\/12\/02-libros-muni.jpg","wps_subtitle":"","jetpack_sharing_enabled":true,"_links":{"self":[{"href":"https:\/\/www.hoymercedes.com.ar\/principal\/wp-json\/wp\/v2\/posts\/84824","targetHints":{"allow":["GET"]}}],"collection":[{"href":"https:\/\/www.hoymercedes.com.ar\/principal\/wp-json\/wp\/v2\/posts"}],"about":[{"href":"https:\/\/www.hoymercedes.com.ar\/principal\/wp-json\/wp\/v2\/types\/post"}],"author":[{"embeddable":true,"href":"https:\/\/www.hoymercedes.com.ar\/principal\/wp-json\/wp\/v2\/users\/1"}],"replies":[{"embeddable":true,"href":"https:\/\/www.hoymercedes.com.ar\/principal\/wp-json\/wp\/v2\/comments?post=84824"}],"version-history":[{"count":0,"href":"https:\/\/www.hoymercedes.com.ar\/principal\/wp-json\/wp\/v2\/posts\/84824\/revisions"}],"wp:featuredmedia":[{"embeddable":true,"href":"https:\/\/www.hoymercedes.com.ar\/principal\/wp-json\/wp\/v2\/media\/84825"}],"wp:attachment":[{"href":"https:\/\/www.hoymercedes.com.ar\/principal\/wp-json\/wp\/v2\/media?parent=84824"}],"wp:term":[{"taxonomy":"category","embeddable":true,"href":"https:\/\/www.hoymercedes.com.ar\/principal\/wp-json\/wp\/v2\/categories?post=84824"},{"taxonomy":"post_tag","embeddable":true,"href":"https:\/\/www.hoymercedes.com.ar\/principal\/wp-json\/wp\/v2\/tags?post=84824"}],"curies":[{"name":"wp","href":"https:\/\/api.w.org\/{rel}","templated":true}]}}