{"id":84827,"date":"2018-12-02T15:51:29","date_gmt":"2018-12-02T18:51:29","guid":{"rendered":"http:\/\/www.hoymercedes.com.ar\/principal\/?p=84827"},"modified":"2018-12-02T14:56:19","modified_gmt":"2018-12-02T17:56:19","slug":"de-mi-madre-%e2%80%a0-nelly-conde-de-dinova-in-memoriam","status":"publish","type":"post","link":"https:\/\/www.hoymercedes.com.ar\/principal\/2018\/12\/02\/de-mi-madre-%e2%80%a0-nelly-conde-de-dinova-in-memoriam\/","title":{"rendered":"DE MI MADRE\u00a0\u2020\u00a0Nelly Conde de Dinova, in memoriam"},"content":{"rendered":"<p>Por Oscar Dinova* &#8211;\u00a0 (De nuevo en sus brazos volver a ser ni\u00f1o;\u00a0vivir como s\u00f3lo se vive una vez)<\/p>\n<p>Este jueves, 28 de Noviembre, bien temprano de madrugada, se fue mam\u00e1, Nelly Conde de Dinova a sus -casi- 89 a\u00f1os. Fue una mujer \u00edntegra, que hizo de la bondad una forma de vida y que ten\u00eda como \u00fanicas armas su alegr\u00eda y sus maneras suaves y delicadas.<\/p>\n<p>Hab\u00eda nacido el 22 de Diciembre de 1929, de padres tamberos, en Tuyut\u00ed. Cuando era bien ni\u00f1a, sus pap\u00e1s la enviaron a Gral Rivas para poder estudiar y escapar de las malas condiciones de tan duro trabajo. Aprendi\u00f3 que el amor se puede recibir de todos los que te quieren y que te educan. Nunca le conocimos reproches ni sentimientos mezquinos.<\/p>\n<p>No pudo terminar sus estudios pero aprendi\u00f3 con avidez de todo aquello que la pod\u00eda hacer crecer, como mujer y como persona. Hasta sus \u00faltimos d\u00edas ley\u00f3 libros, diarios y preguntaba acerca del mundo y de cuanta duda pudiera sacar algo provechoso.<\/p>\n<p>Practic\u00f3 como pocos la ideolog\u00eda de la dulzura y la tolerancia, su carta de presentaci\u00f3n era una sonrisa y su lema era nunca molestar. Amaba su familia con entera devoci\u00f3n y era para todos un b\u00e1lsamo donde refugiarse de los dolores y golpes del destino.<\/p>\n<p>Fue una docente de la vida que nos ense\u00f1\u00f3 que con perseverancia, amor y ternura se pueden conseguir los mejores resultados y sacar lo mejor de cada uno. En su transitar nos mostr\u00f3 que la paciencia y la convicci\u00f3n son m\u00e1s poderosas que la prepotencia y la intolerancia. Que s\u00f3lo nos cuesta a\u00f1os para probarlo.<\/p>\n<p>Hab\u00eda alcanzado la esencia misma de la sabidur\u00eda, que es ser solidario con todos los que sufren y que se debe pensar en los dem\u00e1s antes que en s\u00ed mismo. Mientras su cuerpo pudo cuid\u00f3 y protegi\u00f3 a todos aquellos que lo necesitaran, sin retacear esfuerzo, comodidad o su propia salud.<\/p>\n<p>Se fue en paz, rodeada por el amor de seres queridos y amigos, que la mimaron para hacer m\u00e1s dulce su partida. Nadie en el mundo lo ten\u00eda m\u00e1s merecido. Nuestra madre hizo m\u00e1s noble a la humanidad y nos hizo mejor a todos los que la conocimos.<\/p>\n<p>La extra\u00f1aremos, con tanta intensidad como luminoso fue su coraz\u00f3n.<\/p>\n<p>Chau mam\u00e1, nos estamos viendo&#8230; tus hijos.<\/p>\n<p>*Oscar Dinova &#8211;\u00a0Escritor<\/p>\n<figure id=\"attachment_84828\" aria-describedby=\"caption-attachment-84828\" style=\"width: 487px\" class=\"wp-caption aligncenter\"><img loading=\"lazy\" decoding=\"async\" data-attachment-id=\"84828\" data-permalink=\"https:\/\/www.hoymercedes.com.ar\/principal\/2018\/12\/02\/de-mi-madre-%e2%80%a0-nelly-conde-de-dinova-in-memoriam\/02-mama-con-tito-y-oscar-1958-1\/#main\" data-orig-file=\"https:\/\/www.hoymercedes.com.ar\/principal\/wp-content\/uploads\/2018\/12\/02-Mam\u00e1-con-Tito-y-Oscar-1958-1.jpg\" data-orig-size=\"497,750\" data-comments-opened=\"0\" data-image-meta=\"{&quot;aperture&quot;:&quot;0&quot;,&quot;credit&quot;:&quot;Picasa&quot;,&quot;camera&quot;:&quot;&quot;,&quot;caption&quot;:&quot;&quot;,&quot;created_timestamp&quot;:&quot;1411580390&quot;,&quot;copyright&quot;:&quot;&quot;,&quot;focal_length&quot;:&quot;0&quot;,&quot;iso&quot;:&quot;0&quot;,&quot;shutter_speed&quot;:&quot;0&quot;,&quot;title&quot;:&quot;&quot;,&quot;orientation&quot;:&quot;0&quot;}\" data-image-title=\"02 Mam\u00e1 con Tito y Oscar 1958 1\" data-image-description=\"\" data-image-caption=\"&lt;p&gt;Mam\u00e1 con Tito y Oscar 1958 1&lt;\/p&gt;\n\" data-large-file=\"https:\/\/www.hoymercedes.com.ar\/principal\/wp-content\/uploads\/2018\/12\/02-Mam\u00e1-con-Tito-y-Oscar-1958-1.jpg\" class=\"size-full wp-image-84828\" src=\"https:\/\/www.hoymercedes.com.ar\/principal\/wp-content\/uploads\/2018\/12\/02-Mam\u00e1-con-Tito-y-Oscar-1958-1.jpg\" alt=\"\" width=\"497\" height=\"750\" srcset=\"https:\/\/www.hoymercedes.com.ar\/principal\/wp-content\/uploads\/2018\/12\/02-Mam\u00e1-con-Tito-y-Oscar-1958-1.jpg 497w, https:\/\/www.hoymercedes.com.ar\/principal\/wp-content\/uploads\/2018\/12\/02-Mam\u00e1-con-Tito-y-Oscar-1958-1-99x150.jpg 99w, https:\/\/www.hoymercedes.com.ar\/principal\/wp-content\/uploads\/2018\/12\/02-Mam\u00e1-con-Tito-y-Oscar-1958-1-411x620.jpg 411w\" sizes=\"auto, (max-width: 497px) 100vw, 497px\" \/><figcaption id=\"caption-attachment-84828\" class=\"wp-caption-text\">Mam\u00e1 con Tito y Oscar 1958 1<\/figcaption><\/figure>\n","protected":false},"excerpt":{"rendered":"<p>Por Oscar Dinova* &#8211;\u00a0 (De nuevo en sus brazos volver a ser ni\u00f1o;\u00a0vivir como s\u00f3lo se vive una vez) Este &#8230; <a title=\"DE MI MADRE\u00a0\u2020\u00a0Nelly Conde de Dinova, in memoriam\" class=\"read-more\" href=\"https:\/\/www.hoymercedes.com.ar\/principal\/2018\/12\/02\/de-mi-madre-%e2%80%a0-nelly-conde-de-dinova-in-memoriam\/\" aria-label=\"Leer m\u00e1s sobre DE MI MADRE\u00a0\u2020\u00a0Nelly Conde de Dinova, in memoriam\">Leer m\u00e1s<\/a><\/p>\n","protected":false},"author":1,"featured_media":84829,"comment_status":"closed","ping_status":"open","sticky":false,"template":"","format":"standard","meta":{"_monsterinsights_skip_tracking":false,"_monsterinsights_sitenote_active":false,"_monsterinsights_sitenote_note":"","_monsterinsights_sitenote_category":0,"jetpack_post_was_ever_published":false,"_jetpack_newsletter_access":"","_jetpack_dont_email_post_to_subs":false,"_jetpack_newsletter_tier_id":0,"_jetpack_memberships_contains_paywalled_content":false,"_jetpack_memberships_contains_paid_content":false,"footnotes":"","jetpack_publicize_message":"","jetpack_publicize_feature_enabled":true,"jetpack_social_post_already_shared":true,"jetpack_social_options":{"image_generator_settings":{"template":"highway","default_image_id":0,"font":"","enabled":false},"version":2},"_wpas_customize_per_network":false},"categories":[1],"tags":[8610,14147,1288],"class_list":["post-84827","post","type-post","status-publish","format-standard","has-post-thumbnail","hentry","category-opinion","tag-funebre","tag-in-memorian","tag-oscar-dinova","generate-columns","tablet-grid-50","mobile-grid-100","grid-parent","grid-50"],"jetpack_publicize_connections":[],"jetpack_featured_media_url":"https:\/\/www.hoymercedes.com.ar\/principal\/wp-content\/uploads\/2018\/12\/02-Mam\u00e1-con-Tito-y-Oscar-1958.jpg","wps_subtitle":"","jetpack_sharing_enabled":true,"_links":{"self":[{"href":"https:\/\/www.hoymercedes.com.ar\/principal\/wp-json\/wp\/v2\/posts\/84827","targetHints":{"allow":["GET"]}}],"collection":[{"href":"https:\/\/www.hoymercedes.com.ar\/principal\/wp-json\/wp\/v2\/posts"}],"about":[{"href":"https:\/\/www.hoymercedes.com.ar\/principal\/wp-json\/wp\/v2\/types\/post"}],"author":[{"embeddable":true,"href":"https:\/\/www.hoymercedes.com.ar\/principal\/wp-json\/wp\/v2\/users\/1"}],"replies":[{"embeddable":true,"href":"https:\/\/www.hoymercedes.com.ar\/principal\/wp-json\/wp\/v2\/comments?post=84827"}],"version-history":[{"count":0,"href":"https:\/\/www.hoymercedes.com.ar\/principal\/wp-json\/wp\/v2\/posts\/84827\/revisions"}],"wp:featuredmedia":[{"embeddable":true,"href":"https:\/\/www.hoymercedes.com.ar\/principal\/wp-json\/wp\/v2\/media\/84829"}],"wp:attachment":[{"href":"https:\/\/www.hoymercedes.com.ar\/principal\/wp-json\/wp\/v2\/media?parent=84827"}],"wp:term":[{"taxonomy":"category","embeddable":true,"href":"https:\/\/www.hoymercedes.com.ar\/principal\/wp-json\/wp\/v2\/categories?post=84827"},{"taxonomy":"post_tag","embeddable":true,"href":"https:\/\/www.hoymercedes.com.ar\/principal\/wp-json\/wp\/v2\/tags?post=84827"}],"curies":[{"name":"wp","href":"https:\/\/api.w.org\/{rel}","templated":true}]}}