{"id":84835,"date":"2018-12-03T20:05:20","date_gmt":"2018-12-03T23:05:20","guid":{"rendered":"http:\/\/www.hoymercedes.com.ar\/principal\/?p=84835"},"modified":"2018-12-04T15:25:29","modified_gmt":"2018-12-04T18:25:29","slug":"comienza-un-nuevo-torneo-de-tenis-en-club-mercedes","status":"publish","type":"post","link":"https:\/\/www.hoymercedes.com.ar\/principal\/2018\/12\/03\/comienza-un-nuevo-torneo-de-tenis-en-club-mercedes\/","title":{"rendered":"Comienza un nuevo torneo de tenis en Club Mercedes"},"content":{"rendered":"<p>Un nuevo torneo de dobles en dos categor\u00edas se llevar\u00e1 adelante en el Club Mercedes y tiene inscripci\u00f3n abierta. Los organizadores son Yeye Fresia, Leandro Respuela, Juan Ignacio Matthys, Poroto Pisoni y Hern\u00e1n Ricaldoni.<\/p>\n<p><img loading=\"lazy\" decoding=\"async\" data-attachment-id=\"84881\" data-permalink=\"https:\/\/www.hoymercedes.com.ar\/principal\/2018\/12\/03\/comienza-un-nuevo-torneo-de-tenis-en-club-mercedes\/cancha-de-tenis-club-mercedes\/#main\" data-orig-file=\"https:\/\/www.hoymercedes.com.ar\/principal\/wp-content\/uploads\/2018\/12\/Cancha-de-tenis-club-mercedes.jpg\" data-orig-size=\"968,648\" data-comments-opened=\"0\" data-image-meta=\"{&quot;aperture&quot;:&quot;0&quot;,&quot;credit&quot;:&quot;&quot;,&quot;camera&quot;:&quot;&quot;,&quot;caption&quot;:&quot;&quot;,&quot;created_timestamp&quot;:&quot;0&quot;,&quot;copyright&quot;:&quot;&quot;,&quot;focal_length&quot;:&quot;0&quot;,&quot;iso&quot;:&quot;0&quot;,&quot;shutter_speed&quot;:&quot;0&quot;,&quot;title&quot;:&quot;&quot;,&quot;orientation&quot;:&quot;0&quot;}\" data-image-title=\"Cancha de tenis club mercedes\" data-image-description=\"\" data-image-caption=\"\" data-large-file=\"https:\/\/www.hoymercedes.com.ar\/principal\/wp-content\/uploads\/2018\/12\/Cancha-de-tenis-club-mercedes.jpg\" class=\"aligncenter size-full wp-image-84881\" src=\"https:\/\/www.hoymercedes.com.ar\/principal\/wp-content\/uploads\/2018\/12\/Cancha-de-tenis-club-mercedes.jpg\" alt=\"\" width=\"968\" height=\"648\" srcset=\"https:\/\/www.hoymercedes.com.ar\/principal\/wp-content\/uploads\/2018\/12\/Cancha-de-tenis-club-mercedes.jpg 968w, https:\/\/www.hoymercedes.com.ar\/principal\/wp-content\/uploads\/2018\/12\/Cancha-de-tenis-club-mercedes-150x100.jpg 150w, https:\/\/www.hoymercedes.com.ar\/principal\/wp-content\/uploads\/2018\/12\/Cancha-de-tenis-club-mercedes-630x422.jpg 630w\" sizes=\"auto, (max-width: 968px) 100vw, 968px\" \/><\/p>\n<p>El pr\u00f3ximo lunes 10 de diciembre dar\u00e1 comienzo el Torneo Nocturno \u201cCopa T F MUSTONI\u201d 2018 en la tradicional modalidad dobles y en dos categor\u00edas:<\/p>\n<p>\u2013 A (que podr\u00e1 estar formada por un jugador del grupo 1 con uno del grupo 2 o dos jugadores del grupo 2)<br \/>\n\u2013 B (integrada por un jugador del grupo 2 con otro del 3 o dos jugadores del grupo 3)<\/p>\n<p>En cuanto a los d\u00edas y horarios de juego, se juega de lunes a viernes y habr\u00e1 tres turnos: 19.00, 20.15 y 21.30 horas.<\/p>\n","protected":false},"excerpt":{"rendered":"<p>Un nuevo torneo de dobles en dos categor\u00edas se llevar\u00e1 adelante en el Club Mercedes y tiene inscripci\u00f3n abierta. Los &#8230; <a title=\"Comienza un nuevo torneo de tenis en Club Mercedes\" class=\"read-more\" href=\"https:\/\/www.hoymercedes.com.ar\/principal\/2018\/12\/03\/comienza-un-nuevo-torneo-de-tenis-en-club-mercedes\/\" aria-label=\"Leer m\u00e1s sobre Comienza un nuevo torneo de tenis en Club Mercedes\">Leer m\u00e1s<\/a><\/p>\n","protected":false},"author":1,"featured_media":84881,"comment_status":"closed","ping_status":"open","sticky":false,"template":"","format":"standard","meta":{"_monsterinsights_skip_tracking":false,"_monsterinsights_sitenote_active":false,"_monsterinsights_sitenote_note":"","_monsterinsights_sitenote_category":0,"jetpack_post_was_ever_published":false,"_jetpack_newsletter_access":"","_jetpack_dont_email_post_to_subs":false,"_jetpack_newsletter_tier_id":0,"_jetpack_memberships_contains_paywalled_content":false,"_jetpack_memberships_contains_paid_content":false,"footnotes":"","jetpack_publicize_message":"","jetpack_publicize_feature_enabled":true,"jetpack_social_post_already_shared":true,"jetpack_social_options":{"image_generator_settings":{"template":"highway","default_image_id":0,"font":"","enabled":false},"version":2},"_wpas_customize_per_network":false},"categories":[21],"tags":[122,204,6924],"class_list":["post-84835","post","type-post","status-publish","format-standard","has-post-thumbnail","hentry","category-deportes","tag-club-mercedes","tag-deportes-2","tag-tenis","generate-columns","tablet-grid-50","mobile-grid-100","grid-parent","grid-50"],"jetpack_publicize_connections":[],"jetpack_featured_media_url":"https:\/\/www.hoymercedes.com.ar\/principal\/wp-content\/uploads\/2018\/12\/Cancha-de-tenis-club-mercedes.jpg","wps_subtitle":"","jetpack_sharing_enabled":true,"jetpack-related-posts":[{"id":164143,"url":"https:\/\/www.hoymercedes.com.ar\/principal\/2023\/07\/04\/tenis-de-mesa-nuevo-torneo-tmt-ciudad-de-mercedes\/","url_meta":{"origin":84835,"position":0},"title":"Tenis de Mesa: Nuevo torneo TMT Ciudad De Mercedes","author":"hoymercedes","date":"4 julio, 2023","format":false,"excerpt":"El s\u00e1bado se llev\u00f3 a cabo un certamen para las categor\u00edas 6ta y 4ta. Hubo una nutrida convocatoria con jugadores locales y de la regi\u00f3n. En la ma\u00f1ana del s\u00e1bado se desarroll\u00f3 el quinto torneo del circuito de Tenis de Mesa para Todos (TMT) Ciudad De Mercedes, organizado por la\u2026","rel":"","context":"En \u00abDeportes\u00bb","block_context":{"text":"Deportes","link":"https:\/\/www.hoymercedes.com.ar\/principal\/category\/deportes\/"},"img":{"alt_text":"","src":"https:\/\/i0.wp.com\/www.hoymercedes.com.ar\/principal\/wp-content\/uploads\/2023\/07\/tenis-de-mesa-0307.jpg?resize=350%2C200&ssl=1","width":350,"height":200,"srcset":"https:\/\/i0.wp.com\/www.hoymercedes.com.ar\/principal\/wp-content\/uploads\/2023\/07\/tenis-de-mesa-0307.jpg?resize=350%2C200&ssl=1 1x, https:\/\/i0.wp.com\/www.hoymercedes.com.ar\/principal\/wp-content\/uploads\/2023\/07\/tenis-de-mesa-0307.jpg?resize=525%2C300&ssl=1 1.5x, https:\/\/i0.wp.com\/www.hoymercedes.com.ar\/principal\/wp-content\/uploads\/2023\/07\/tenis-de-mesa-0307.jpg?resize=700%2C400&ssl=1 2x"},"classes":[]},{"id":153694,"url":"https:\/\/www.hoymercedes.com.ar\/principal\/2022\/10\/03\/tenis-ramiro-valle-y-dante-villafane-campeones-en-dobles\/","url_meta":{"origin":84835,"position":1},"title":"Tenis: Ramiro Valle y Dante Villafa\u00f1e campeones en dobles","author":"hoymercedes","date":"3 octubre, 2022","format":false,"excerpt":"Ramiro Valle y Dante Villafa\u00f1e se consagraron campeones del Torneo de Dobles 2022, luego de superar a la dupla de Santino Meccia y Ger\u00f3nimo Valle","rel":"","context":"En \u00abDeportes\u00bb","block_context":{"text":"Deportes","link":"https:\/\/www.hoymercedes.com.ar\/principal\/category\/deportes\/"},"img":{"alt_text":"","src":"https:\/\/i0.wp.com\/www.hoymercedes.com.ar\/principal\/wp-content\/uploads\/2022\/10\/IMG-20221002-WA0031.jpg?resize=350%2C200&ssl=1","width":350,"height":200,"srcset":"https:\/\/i0.wp.com\/www.hoymercedes.com.ar\/principal\/wp-content\/uploads\/2022\/10\/IMG-20221002-WA0031.jpg?resize=350%2C200&ssl=1 1x, https:\/\/i0.wp.com\/www.hoymercedes.com.ar\/principal\/wp-content\/uploads\/2022\/10\/IMG-20221002-WA0031.jpg?resize=525%2C300&ssl=1 1.5x, https:\/\/i0.wp.com\/www.hoymercedes.com.ar\/principal\/wp-content\/uploads\/2022\/10\/IMG-20221002-WA0031.jpg?resize=700%2C400&ssl=1 2x"},"classes":[]},{"id":102997,"url":"https:\/\/www.hoymercedes.com.ar\/principal\/2019\/11\/27\/invitan-a-participar-de-un-torneo-de-tenis-en-club-mercedes\/","url_meta":{"origin":84835,"position":2},"title":"Invitan a participar de un torneo de tenis en Club Mercedes","author":"hoymercedes","date":"27 noviembre, 2019","format":false,"excerpt":"Est\u00e1 abierta la inscripci\u00f3n para el torneo de dobles nocturno en el Club Mercedes que se va a llevar a cabo a partir del lunes 2 de diciembre y se va a jugar de lunes a viernes con la modalidad de zona de grupos para luego decantar en una llave\u2026","rel":"","context":"En \u00abDeportes\u00bb","block_context":{"text":"Deportes","link":"https:\/\/www.hoymercedes.com.ar\/principal\/category\/deportes\/"},"img":{"alt_text":"","src":"https:\/\/i0.wp.com\/www.hoymercedes.com.ar\/principal\/wp-content\/uploads\/2019\/11\/75636160_10220333427266677_677999165069852672_n.jpg?resize=350%2C200&ssl=1","width":350,"height":200,"srcset":"https:\/\/i0.wp.com\/www.hoymercedes.com.ar\/principal\/wp-content\/uploads\/2019\/11\/75636160_10220333427266677_677999165069852672_n.jpg?resize=350%2C200&ssl=1 1x, https:\/\/i0.wp.com\/www.hoymercedes.com.ar\/principal\/wp-content\/uploads\/2019\/11\/75636160_10220333427266677_677999165069852672_n.jpg?resize=525%2C300&ssl=1 1.5x, https:\/\/i0.wp.com\/www.hoymercedes.com.ar\/principal\/wp-content\/uploads\/2019\/11\/75636160_10220333427266677_677999165069852672_n.jpg?resize=700%2C400&ssl=1 2x"},"classes":[]},{"id":153957,"url":"https:\/\/www.hoymercedes.com.ar\/principal\/2022\/10\/10\/ramiro-valle-campeon-de-la-categoria-a\/","url_meta":{"origin":84835,"position":3},"title":"Tenis: Ramiro Valle campe\u00f3n de la Categor\u00eda A","author":"hoymercedes","date":"10 octubre, 2022","format":false,"excerpt":"Ramiro Valle le gan\u00f3 a Tiziano Meccia 6 - 2 y es el nuevo campe\u00f3n del torneo de la categor\u00eda A, correspondiente al calendario anual de internos de las escuelas de tenis de la Liga de Padres y el Club Mercedes.","rel":"","context":"En \u00abDeportes\u00bb","block_context":{"text":"Deportes","link":"https:\/\/www.hoymercedes.com.ar\/principal\/category\/deportes\/"},"img":{"alt_text":"","src":"https:\/\/i0.wp.com\/www.hoymercedes.com.ar\/principal\/wp-content\/uploads\/2022\/10\/IMG-20221010-WA0021.jpg?resize=350%2C200&ssl=1","width":350,"height":200,"srcset":"https:\/\/i0.wp.com\/www.hoymercedes.com.ar\/principal\/wp-content\/uploads\/2022\/10\/IMG-20221010-WA0021.jpg?resize=350%2C200&ssl=1 1x, https:\/\/i0.wp.com\/www.hoymercedes.com.ar\/principal\/wp-content\/uploads\/2022\/10\/IMG-20221010-WA0021.jpg?resize=525%2C300&ssl=1 1.5x"},"classes":[]},{"id":126846,"url":"https:\/\/www.hoymercedes.com.ar\/principal\/2021\/03\/25\/tenis-de-mesa-mercedinos-en-tmt-de-zarate\/","url_meta":{"origin":84835,"position":4},"title":"Tenis de Mesa: Mercedinos en TMT de Zarate","author":"hoymercedes","date":"25 marzo, 2021","format":false,"excerpt":"El s\u00e1bado pasado se llev\u00f3 a cabo la Copa Ciudad de Z\u00e1rate donde participaron representantes locales. En tanto, el fin de semana anterior, Alejandro\u00a0Russo\u00a0logr\u00f3 el\u00a0sub\u00a0campeonato de 5ta en el 341\u00b0 torneo Atlanta, en Villa Crespo. El d\u00eda s\u00e1bado, un grupo de jugadores representantes de Mercedes Tenis de Mesa participaron del\u2026","rel":"","context":"En \u00abDeportes\u00bb","block_context":{"text":"Deportes","link":"https:\/\/www.hoymercedes.com.ar\/principal\/category\/deportes\/"},"img":{"alt_text":"","src":"https:\/\/i0.wp.com\/www.hoymercedes.com.ar\/principal\/wp-content\/uploads\/2021\/03\/dtenis-1.jpeg?resize=350%2C200&ssl=1","width":350,"height":200,"srcset":"https:\/\/i0.wp.com\/www.hoymercedes.com.ar\/principal\/wp-content\/uploads\/2021\/03\/dtenis-1.jpeg?resize=350%2C200&ssl=1 1x, https:\/\/i0.wp.com\/www.hoymercedes.com.ar\/principal\/wp-content\/uploads\/2021\/03\/dtenis-1.jpeg?resize=525%2C300&ssl=1 1.5x, https:\/\/i0.wp.com\/www.hoymercedes.com.ar\/principal\/wp-content\/uploads\/2021\/03\/dtenis-1.jpeg?resize=700%2C400&ssl=1 2x"},"classes":[]},{"id":160533,"url":"https:\/\/www.hoymercedes.com.ar\/principal\/2023\/04\/04\/hubo-torneo-de-tenis-de-mesa-en-su-dia\/","url_meta":{"origin":84835,"position":5},"title":"Hubo torneo de Tenis de Mesa en su d\u00eda","author":"hoymercedes","date":"4 abril, 2023","format":false,"excerpt":"El s\u00e1bado se llev\u00f3 a cabo un torneo de Tenis de Mesa en las instalaciones del CEF N\u00ba 40. Hubo una amplia participaci\u00f3n en las categor\u00edas principiantes, libre y dobles.","rel":"","context":"En \u00abSociedad\u00bb","block_context":{"text":"Sociedad","link":"https:\/\/www.hoymercedes.com.ar\/principal\/category\/sociedad\/"},"img":{"alt_text":"","src":"https:\/\/i0.wp.com\/www.hoymercedes.com.ar\/principal\/wp-content\/uploads\/2023\/04\/tenis-de-mesa-03040.jpg?resize=350%2C200&ssl=1","width":350,"height":200,"srcset":"https:\/\/i0.wp.com\/www.hoymercedes.com.ar\/principal\/wp-content\/uploads\/2023\/04\/tenis-de-mesa-03040.jpg?resize=350%2C200&ssl=1 1x, https:\/\/i0.wp.com\/www.hoymercedes.com.ar\/principal\/wp-content\/uploads\/2023\/04\/tenis-de-mesa-03040.jpg?resize=525%2C300&ssl=1 1.5x, https:\/\/i0.wp.com\/www.hoymercedes.com.ar\/principal\/wp-content\/uploads\/2023\/04\/tenis-de-mesa-03040.jpg?resize=700%2C400&ssl=1 2x"},"classes":[]}],"_links":{"self":[{"href":"https:\/\/www.hoymercedes.com.ar\/principal\/wp-json\/wp\/v2\/posts\/84835","targetHints":{"allow":["GET"]}}],"collection":[{"href":"https:\/\/www.hoymercedes.com.ar\/principal\/wp-json\/wp\/v2\/posts"}],"about":[{"href":"https:\/\/www.hoymercedes.com.ar\/principal\/wp-json\/wp\/v2\/types\/post"}],"author":[{"embeddable":true,"href":"https:\/\/www.hoymercedes.com.ar\/principal\/wp-json\/wp\/v2\/users\/1"}],"replies":[{"embeddable":true,"href":"https:\/\/www.hoymercedes.com.ar\/principal\/wp-json\/wp\/v2\/comments?post=84835"}],"version-history":[{"count":0,"href":"https:\/\/www.hoymercedes.com.ar\/principal\/wp-json\/wp\/v2\/posts\/84835\/revisions"}],"wp:featuredmedia":[{"embeddable":true,"href":"https:\/\/www.hoymercedes.com.ar\/principal\/wp-json\/wp\/v2\/media\/84881"}],"wp:attachment":[{"href":"https:\/\/www.hoymercedes.com.ar\/principal\/wp-json\/wp\/v2\/media?parent=84835"}],"wp:term":[{"taxonomy":"category","embeddable":true,"href":"https:\/\/www.hoymercedes.com.ar\/principal\/wp-json\/wp\/v2\/categories?post=84835"},{"taxonomy":"post_tag","embeddable":true,"href":"https:\/\/www.hoymercedes.com.ar\/principal\/wp-json\/wp\/v2\/tags?post=84835"}],"curies":[{"name":"wp","href":"https:\/\/api.w.org\/{rel}","templated":true}]}}